{"id":112354,"date":"2018-04-18T18:59:22","date_gmt":"2018-04-18T21:59:22","guid":{"rendered":"https:\/\/senoticias.com.br\/se\/?p=112354"},"modified":"2018-04-18T18:59:22","modified_gmt":"2018-04-18T21:59:22","slug":"randolfe-rodrigues-protocola-pedido-de-impeachment-contra-temer","status":"publish","type":"post","link":"https:\/\/senoticias.com.br\/se\/randolfe-rodrigues-protocola-pedido-de-impeachment-contra-temer\/","title":{"rendered":"Randolfe Rodrigues protocola pedido de impeachment contra Temer"},"content":{"rendered":"<p style=\"text-align: justify\">O senador Randolfe Rodrigues (Rede-AP) protocolou nesta quarta-feira (18), na C\u00e2mara dos Deputados, um pedido de impeachment contra o presidente Michel Temer. O parlamentar argumenta que houve suposto crime de responsabilidade durante depoimento prestado \u00e0 Pol\u00edcia Federal.<\/p>\n<div id=\"attachment_111681\" style=\"width: 590px\" class=\"wp-caption aligncenter\"><a href=\"https:\/\/senoticias.com.br\/se\/wp-content\/uploads\/2018\/03\/1111340-fcpzzb_abr_07032018_4915_1.jpg\"><img loading=\"lazy\" decoding=\"async\" aria-describedby=\"caption-attachment-111681\" class=\"size-full wp-image-111681\" src=\"https:\/\/senoticias.com.br\/se\/wp-content\/uploads\/2018\/03\/1111340-fcpzzb_abr_07032018_4915_1.jpg\" alt=\"\" width=\"580\" height=\"388\" srcset=\"https:\/\/senoticias.com.br\/se\/wp-content\/uploads\/2018\/03\/1111340-fcpzzb_abr_07032018_4915_1.jpg 580w, https:\/\/senoticias.com.br\/se\/wp-content\/uploads\/2018\/03\/1111340-fcpzzb_abr_07032018_4915_1-300x201.jpg 300w, https:\/\/senoticias.com.br\/se\/wp-content\/uploads\/2018\/03\/1111340-fcpzzb_abr_07032018_4915_1-90x60.jpg 90w, https:\/\/senoticias.com.br\/se\/wp-content\/uploads\/2018\/03\/1111340-fcpzzb_abr_07032018_4915_1-180x120.jpg 180w, https:\/\/senoticias.com.br\/se\/wp-content\/uploads\/2018\/03\/1111340-fcpzzb_abr_07032018_4915_1-95x64.jpg 95w\" sizes=\"(max-width: 580px) 100vw, 580px\" \/><\/a><p id=\"caption-attachment-111681\" class=\"wp-caption-text\">Foto: Fabio Rodrigues Pozzebom\/Ag\u00eancia Brasil<\/p><\/div>\n<p style=\"text-align: justify\">No pedido, Randolfe pede esclarecimentos sobre as declara\u00e7\u00f5es prestadas pelo presidente da Rep\u00fablica relacionadas ao financiamento de campanha em 2014. Ele solicita ainda informa\u00e7\u00f5es sobre recursos utilizados para a reforma e amplia\u00e7\u00e3o da casa de Maristela Temer, filha do presidente da Rep\u00fablica.<\/p>\n<p style=\"text-align: justify\">Ao protocolar o pedido na Mesa Diretora, o senador estava acompanhado de dois membros da Executiva Nacional da Rede: Pedro Ivo e La\u00eds Garcia.<\/p>\n<p style=\"text-align: justify\">Cabe ao presidente da C\u00e2mara, Rodrigo Maia (DEM-RJ), definir se dar\u00e1 prosseguimento ao pedido de impeachment ou arquiv\u00e1-lo.<\/p>\n<p style=\"text-align: justify\">Da Ag\u00eancia Brasil.<\/p>\n<p><strong>Acompanhe tamb\u00e9m o SE Not\u00edcias no<\/strong><strong>\u00a0<\/strong><a href=\"https:\/\/twitter.com\/Senoticias\"><strong>Twitter<\/strong><\/a><strong>,<\/strong><strong>\u00a0<\/strong><a href=\"https:\/\/www.facebook.com\/senoticias1\"><strong>Facebook<\/strong><strong>\u00a0<\/strong><\/a><strong>e no<\/strong><strong>\u00a0<\/strong><a href=\"https:\/\/www.instagram.com\/senoticias\/\"><strong>Instagram<\/strong><\/a><strong>.<\/strong><\/p>\n<p><a href=\"https:\/\/senoticias.com.br\/se\/wp-content\/uploads\/2018\/04\/Logomarca-fone-SE-4-2-1.jpg\"><img loading=\"lazy\" decoding=\"async\" class=\"aligncenter size-full wp-image-112080\" src=\"https:\/\/senoticias.com.br\/se\/wp-content\/uploads\/2018\/04\/Logomarca-fone-SE-4-2-1.jpg\" alt=\"\" width=\"599\" height=\"78\" srcset=\"https:\/\/senoticias.com.br\/se\/wp-content\/uploads\/2018\/04\/Logomarca-fone-SE-4-2-1.jpg 599w, https:\/\/senoticias.com.br\/se\/wp-content\/uploads\/2018\/04\/Logomarca-fone-SE-4-2-1-300x39.jpg 300w\" sizes=\"(max-width: 599px) 100vw, 599px\" \/><\/a><\/p>\n","protected":false},"excerpt":{"rendered":"<p>O senador Randolfe Rodrigues (Rede-AP) protocolou nesta quarta-feira (18), na C\u00e2mara dos Deputados, um pedido de impeachment contra o presidente Michel Temer. O parlamentar argumenta que houve suposto crime de responsabilidade durante depoimento prestado \u00e0 Pol\u00edcia Federal. No pedido, Randolfe pede esclarecimentos sobre as declara\u00e7\u00f5es prestadas pelo presidente da Rep\u00fablica relacionadas ao financiamento de campanha [&hellip;]<\/p>\n","protected":false},"author":6554,"featured_media":106698,"comment_status":"closed","ping_status":"closed","sticky":false,"template":"","format":"standard","meta":{"footnotes":""},"categories":[2961],"tags":[9491],"class_list":{"0":"post-112354","1":"post","2":"type-post","3":"status-publish","4":"format-standard","5":"has-post-thumbnail","7":"category-nacional","8":"tag-randolfe-rodrigues-protocola-pedido-de-impeachment-contra-temer"},"_links":{"self":[{"href":"https:\/\/senoticias.com.br\/se\/wp-json\/wp\/v2\/posts\/112354"}],"collection":[{"href":"https:\/\/senoticias.com.br\/se\/wp-json\/wp\/v2\/posts"}],"about":[{"href":"https:\/\/senoticias.com.br\/se\/wp-json\/wp\/v2\/types\/post"}],"author":[{"embeddable":true,"href":"https:\/\/senoticias.com.br\/se\/wp-json\/wp\/v2\/users\/6554"}],"replies":[{"embeddable":true,"href":"https:\/\/senoticias.com.br\/se\/wp-json\/wp\/v2\/comments?post=112354"}],"version-history":[{"count":0,"href":"https:\/\/senoticias.com.br\/se\/wp-json\/wp\/v2\/posts\/112354\/revisions"}],"wp:featuredmedia":[{"embeddable":true,"href":"https:\/\/senoticias.com.br\/se\/wp-json\/wp\/v2\/media\/106698"}],"wp:attachment":[{"href":"https:\/\/senoticias.com.br\/se\/wp-json\/wp\/v2\/media?parent=112354"}],"wp:term":[{"taxonomy":"category","embeddable":true,"href":"https:\/\/senoticias.com.br\/se\/wp-json\/wp\/v2\/categories?post=112354"},{"taxonomy":"post_tag","embeddable":true,"href":"https:\/\/senoticias.com.br\/se\/wp-json\/wp\/v2\/tags?post=112354"}],"curies":[{"name":"wp","href":"https:\/\/api.w.org\/{rel}","templated":true}]}}