{"id":112353,"date":"2018-04-18T17:03:11","date_gmt":"2018-04-18T20:03:11","guid":{"rendered":"https:\/\/senoticias.com.br\/se\/?p=112353"},"modified":"2018-04-18T17:03:11","modified_gmt":"2018-04-18T20:03:11","slug":"deso-informa-interrupcao-temporaria-no-abastecimento-em-bairros-da-grande-aracaju-nesta-sexta-feira","status":"publish","type":"post","link":"https:\/\/senoticias.com.br\/se\/deso-informa-interrupcao-temporaria-no-abastecimento-em-bairros-da-grande-aracaju-nesta-sexta-feira\/","title":{"rendered":"Deso informa interrup\u00e7\u00e3o tempor\u00e1ria no abastecimento em bairros da Grande Aracaju nesta sexta-feira"},"content":{"rendered":"<p style=\"text-align: justify\"><span style=\"color: #000000\">A Companhia de Saneamento de Sergipe &#8211; Deso &#8211; informa que uma manuten\u00e7\u00e3o corretiva na Adutora do S\u00e3o Francisco comprometer\u00e1 temporariamente na pr\u00f3xima sexta-feira (20), das 8h \u00e0s 18h, o abastecimento nas seguintes localidades da Grande Aracaju:<\/span><\/p>\n<p style=\"text-align: justify\"><span style=\"color: #000000\"><a href=\"https:\/\/senoticias.com.br\/se\/wp-content\/uploads\/2016\/12\/aviso-deso-SE-Noticias-e1480759813580.jpg\"><img loading=\"lazy\" decoding=\"async\" class=\"aligncenter wp-image-98461 size-full\" src=\"https:\/\/senoticias.com.br\/se\/wp-content\/uploads\/2016\/12\/aviso-deso-SE-Noticias-e1480759813580.jpg\" alt=\"\" width=\"599\" height=\"387\" \/><\/a><\/span><\/p>\n<p style=\"text-align: justify\"><span style=\"color: #000000\">Aeroporto, Augusto Franco, Aloque, Alto da Jaqueira, Am\u00e9rica, Atalaia, Aruana, Povoado Areia Branca, Bugio, Capucho, Castelo Branco, Centro Administrativo, Cidade Nova, Cirurgia, Centro, Coqueiral, Coroa do Meio, DIA, 18 do Forte, Farol\u00e2ndia, Jabotiana, Jardins, Jardim Centen\u00e1rio, Get\u00falio Vargas, Grageru, Industrial, In\u00e1cio Barbosa, Jap\u00e3ozinho, Jetimana, Lamar\u00e3o, Luzia, M\u00e9dici, Mosqueiro, Olaria, Orlando Dantas, Parque S\u00e3o Jos\u00e9, Palestina, Parque dos Coqueiros, Pereira Lobo, Ponta da Asa, Porto Dantas, Ponto Novo, Robalo, Salgado Filho, Sanat\u00f3rio, Santo Ant\u00f4nio, Santa L\u00facia, Santa Maria, Santa Tereza, Santos Dumond, S\u00e3o Conrado, S\u00e3o Jos\u00e9, Sol Nascente, Soledade, Suissa, Terra Dura, 13 de Julho, Veneza, V\u00e1rzea Grande, Santo In\u00e1cio, Itacanema, Sobrado, Conjunto Jardim, Palestina, Parque dos Far\u00f3is, Pai Andr\u00e9, Guajar\u00e1, Nova Palestina, Conjunto Fernando Collor, Conjunto Jo\u00e3o Alves, Conjunto Marcos Freire, Distrito Industrial de Socorro, Piabeta, Tai\u00e7oca de Dentro, Tai\u00e7oca de Fora, Albano Franco, S\u00e3o Br\u00e1s, Atalaia Nova, Barra dos Coqueiros, Povoado Olhos d&#8217;\u00c1gua.<\/span><\/p>\n<p style=\"text-align: justify\"><span style=\"color: #000000\">A previs\u00e3o de conclus\u00e3o dos servi\u00e7os \u00e9 \u00e0s 18h, e o abastecimento ser\u00e1 recuperado gradativamente a partir desse hor\u00e1rio, sem qualquer aviso.<\/span><\/p>\n<p style=\"text-align: justify\"><span style=\"color: #000000\">A Deso recomenda a utiliza\u00e7\u00e3o econ\u00f4mica da \u00e1gua existente nas caixas d&#8217;\u00e1gua e reservat\u00f3rios residenciais, evitando-se desperd\u00edcios.<\/span><\/p>\n<p style=\"text-align: justify\"><span style=\"color: #000000\">Casos de emerg\u00eancia e pedidos de servi\u00e7os podem ser informados pelo telefone 0800 0790195 com prioridade para creches, hospitais, asilos e demais entidades dessa natureza.<\/span><\/p>\n<p>&nbsp;<\/p>\n<p><a href=\"https:\/\/senoticias.com.br\/se\/wp-content\/uploads\/2018\/04\/Logomarca-fone-SE-4-2-1.jpg\"><img loading=\"lazy\" decoding=\"async\" class=\"aligncenter wp-image-112080 size-full\" src=\"https:\/\/senoticias.com.br\/se\/wp-content\/uploads\/2018\/04\/Logomarca-fone-SE-4-2-1.jpg\" alt=\"\" width=\"599\" height=\"78\" srcset=\"https:\/\/senoticias.com.br\/se\/wp-content\/uploads\/2018\/04\/Logomarca-fone-SE-4-2-1.jpg 599w, https:\/\/senoticias.com.br\/se\/wp-content\/uploads\/2018\/04\/Logomarca-fone-SE-4-2-1-300x39.jpg 300w\" sizes=\"(max-width: 599px) 100vw, 599px\" \/><\/a><\/p>\n<p>Por ASN<\/p>\n","protected":false},"excerpt":{"rendered":"<p>A Companhia de Saneamento de Sergipe &#8211; Deso &#8211; informa que uma manuten\u00e7\u00e3o corretiva na Adutora do S\u00e3o Francisco comprometer\u00e1 temporariamente na pr\u00f3xima sexta-feira (20), das 8h \u00e0s 18h, o abastecimento nas seguintes localidades da Grande Aracaju: Aeroporto, Augusto Franco, Aloque, Alto da Jaqueira, Am\u00e9rica, Atalaia, Aruana, Povoado Areia Branca, Bugio, Capucho, Castelo Branco, Centro [&hellip;]<\/p>\n","protected":false},"author":6553,"featured_media":0,"comment_status":"closed","ping_status":"closed","sticky":false,"template":"","format":"standard","meta":{"footnotes":""},"categories":[15,38],"tags":[333,339,7697,208,9490,223,3163],"class_list":{"0":"post-112353","1":"post","2":"type-post","3":"status-publish","4":"format-standard","6":"category-destaques","7":"category-municipios","8":"tag-agua","9":"tag-aracaju","10":"tag-bairros","11":"tag-deso","12":"tag-falta","13":"tag-sergipe","14":"tag-sexta"},"_links":{"self":[{"href":"https:\/\/senoticias.com.br\/se\/wp-json\/wp\/v2\/posts\/112353"}],"collection":[{"href":"https:\/\/senoticias.com.br\/se\/wp-json\/wp\/v2\/posts"}],"about":[{"href":"https:\/\/senoticias.com.br\/se\/wp-json\/wp\/v2\/types\/post"}],"author":[{"embeddable":true,"href":"https:\/\/senoticias.com.br\/se\/wp-json\/wp\/v2\/users\/6553"}],"replies":[{"embeddable":true,"href":"https:\/\/senoticias.com.br\/se\/wp-json\/wp\/v2\/comments?post=112353"}],"version-history":[{"count":0,"href":"https:\/\/senoticias.com.br\/se\/wp-json\/wp\/v2\/posts\/112353\/revisions"}],"wp:attachment":[{"href":"https:\/\/senoticias.com.br\/se\/wp-json\/wp\/v2\/media?parent=112353"}],"wp:term":[{"taxonomy":"category","embeddable":true,"href":"https:\/\/senoticias.com.br\/se\/wp-json\/wp\/v2\/categories?post=112353"},{"taxonomy":"post_tag","embeddable":true,"href":"https:\/\/senoticias.com.br\/se\/wp-json\/wp\/v2\/tags?post=112353"}],"curies":[{"name":"wp","href":"https:\/\/api.w.org\/{rel}","templated":true}]}}