{"id":112347,"date":"2018-04-18T16:31:44","date_gmt":"2018-04-18T19:31:44","guid":{"rendered":"https:\/\/senoticias.com.br\/se\/?p=112347"},"modified":"2018-04-18T16:36:53","modified_gmt":"2018-04-18T19:36:53","slug":"campanha-para-ajudar-senhor-que-vende-cocos-no-parque-da-sementeira-rende-mais-de-5-mil-reais","status":"publish","type":"post","link":"https:\/\/senoticias.com.br\/se\/campanha-para-ajudar-senhor-que-vende-cocos-no-parque-da-sementeira-rende-mais-de-5-mil-reais\/","title":{"rendered":"Campanha para ajudar senhor que vende cocos no Parque da Sementeira rende mais de 5 mil reais"},"content":{"rendered":"<p style=\"text-align: justify\"><span style=\"color: #000000\">Um v\u00eddeo circulou pelas redes sociais nos \u00faltimos dias e comoveu muita gente. No v\u00eddeo, um senhor que vende cocos na porta do Parque Augusto Franco, tamb\u00e9m conhecido como Parque da Sementeira, chorava e lamentava a perda do seu \u00fanico meio de trabalho: um carrinho de supermercado, um isopor grande, cocos e outros produtos.<\/span><\/p>\n<p style=\"text-align: justify\"><span style=\"color: #000000\">O carrinho foi queimado por v\u00e2ndalos na madrugada da ter\u00e7a-feira, 17 de abril, e Seu Reginaldo Bispo dos Santos, de 61 anos, ficou impossibilitado de trabalhar e sustentar a casa onde mora com a irm\u00e3 no bairro Farol\u00e2ndia, na zona Sul de Aracaju.<\/span><\/p>\n<div id=\"attachment_112348\" style=\"width: 609px\" class=\"wp-caption aligncenter\"><a href=\"https:\/\/senoticias.com.br\/se\/wp-content\/uploads\/2018\/04\/facebook-SENOTICIAS-e1524079717793.jpg\"><img loading=\"lazy\" decoding=\"async\" aria-describedby=\"caption-attachment-112348\" class=\"wp-image-112348 size-full\" src=\"https:\/\/senoticias.com.br\/se\/wp-content\/uploads\/2018\/04\/facebook-SENOTICIAS-e1524079717793.jpg\" alt=\"\" width=\"599\" height=\"375\" \/><\/a><p id=\"caption-attachment-112348\" class=\"wp-caption-text\">Print da publica\u00e7\u00e3o feita por Simone Goes em seu Facebook.<\/p><\/div>\n<p style=\"text-align: justify\"><span style=\"color: #000000\">Segundo Seu Reginaldo, o ato lhe causou um preju\u00edzo de cerca de R$3 mil. Mas, tamb\u00e9m comoveu Simone Goes, uma professora que passava pelo local e resolveu gravar um v\u00eddeo para publicar nas redes sociais.<\/span><\/p>\n<blockquote>\n<p style=\"text-align: justify\"><span style=\"color: #000000\">\u201cGente, quanta maldade nesse mundo. Ao chegar para trabalhar, ganhar seu p\u00e3o dignamente, encontrou seu carrinho desse jeito. \u00c9 de cortar o cora\u00e7\u00e3o de ver essa situa\u00e7\u00e3o. Por isso, que quero aqui, fazer uma campanha para ajud\u00e1-lo a recuperar tudo o que perdeu. Espero contar com a solidariedade dos meus amigos. Uma pequena ajuda de cada um, para aliviar o cora\u00e7\u00e3o sofrido dele\u201d, escreveu.<\/span><\/p>\n<\/blockquote>\n<p style=\"text-align: justify\"><span style=\"color: #000000\">A campanha promovida para ajudar Seu Reginaldo rendeu exatos R$5.614,59 em 24 horas. A professora postou na mesma rede social o encerramento da campanha, um agradecimento aos que ajudaram e o extrato da conta banc\u00e1ria utilizada para receber as doa\u00e7\u00f5es.<\/span><\/p>\n<blockquote>\n<p style=\"text-align: justify\"><span style=\"color: #000000\">\u201cN\u00f3s conseguimos!!!! Seu Reinaldo teve um preju\u00edzo de quase 3mil reais com o ocorrido e n\u00f3s conseguimos arrecadar com nossa campanha, em praticamente 24h: R$ 5.614,59! Segue v\u00eddeo com o extrato que tiramos agora a pouco, com o valor que arrecadamos nesse per\u00edodo&#8230; Para prestar conta com algumas pessoas que precisam conferir.. porque a maioria das pessoas nos conhece, sabe do nosso car\u00e1ter e sabe que a \u00fanica inten\u00e7\u00e3o com essa campanha foi ajud\u00e1-lo! Estamos encerrando a divulga\u00e7\u00e3o, a campanha.. e como \u00e9 uma conta que n\u00e3o est\u00e1 tendo movimenta\u00e7\u00e3o pessoal e ainda tem muita gente depositando.. tudo que entrar na conta, ainda, ser\u00e1 entregue a ele tamb\u00e9m, claro! Mais tarde postaremos v\u00eddeo de seu Reinaldo agradecendo.. ele est\u00e1 muito feliz com tudo isso!!!\u201d, escreveu Simone.<\/span><\/p>\n<\/blockquote>\n<p style=\"text-align: justify\"><span style=\"color: #000000\">Centenas de pessoas doaram quantias que variavam entre R$10, R$20, R$30, R$50 e at\u00e9 R$100. Em entrevista ao Portal G1 Sergipe, Seu Reginaldo disse que al\u00e9m da campanha, pessoas o procuraram para ajudar. \u201cMeu filho, toda hora chega gente pra me ajudar. E fico muito feliz com a campanha que est\u00e3o fazendo para eu comprar o meu carrinho\u201d, disse emocionado.<\/span><\/p>\n<p style=\"text-align: justify\"><span style=\"color: #000000\">Na mesma entrevista, ele contou que est\u00e1 enfrentando problemas de sa\u00fade. H\u00e1 seis meses descobriu uma h\u00e9rnia, mas mesmo assim trabalha de domingo a domingo, das 6h \u00e0s 21h.<\/span><\/p>\n<p>&nbsp;<\/p>\n<p><a href=\"https:\/\/senoticias.com.br\/se\/wp-content\/uploads\/2018\/04\/Logomarca-fone-SE-4-2-1.jpg\"><img loading=\"lazy\" decoding=\"async\" class=\"aligncenter wp-image-112080 size-full\" src=\"https:\/\/senoticias.com.br\/se\/wp-content\/uploads\/2018\/04\/Logomarca-fone-SE-4-2-1.jpg\" alt=\"\" width=\"599\" height=\"78\" srcset=\"https:\/\/senoticias.com.br\/se\/wp-content\/uploads\/2018\/04\/Logomarca-fone-SE-4-2-1.jpg 599w, https:\/\/senoticias.com.br\/se\/wp-content\/uploads\/2018\/04\/Logomarca-fone-SE-4-2-1-300x39.jpg 300w\" sizes=\"(max-width: 599px) 100vw, 599px\" \/><\/a><\/p>\n<p>Da Reda\u00e7\u00e3o do SE Not\u00edcias<\/p>\n<p>&nbsp;<\/p>\n","protected":false},"excerpt":{"rendered":"<p>Um v\u00eddeo circulou pelas redes sociais nos \u00faltimos dias e comoveu muita gente. No v\u00eddeo, um senhor que vende cocos na porta do Parque Augusto Franco, tamb\u00e9m conhecido como Parque da Sementeira, chorava e lamentava a perda do seu \u00fanico meio de trabalho: um carrinho de supermercado, um isopor grande, cocos e outros produtos. O [&hellip;]<\/p>\n","protected":false},"author":6553,"featured_media":0,"comment_status":"closed","ping_status":"closed","sticky":false,"template":"","format":"standard","meta":{"footnotes":""},"categories":[15,8],"tags":[339,3065,9488,5117,3749,9487,223,7296],"class_list":{"0":"post-112347","1":"post","2":"type-post","3":"status-publish","4":"format-standard","6":"category-destaques","7":"category-esporte-e-cultura","8":"tag-aracaju","9":"tag-campanha","10":"tag-coco","11":"tag-facebook","12":"tag-parque-da-sementeira","13":"tag-redesocial","14":"tag-sergipe","15":"tag-vendedor"},"_links":{"self":[{"href":"https:\/\/senoticias.com.br\/se\/wp-json\/wp\/v2\/posts\/112347"}],"collection":[{"href":"https:\/\/senoticias.com.br\/se\/wp-json\/wp\/v2\/posts"}],"about":[{"href":"https:\/\/senoticias.com.br\/se\/wp-json\/wp\/v2\/types\/post"}],"author":[{"embeddable":true,"href":"https:\/\/senoticias.com.br\/se\/wp-json\/wp\/v2\/users\/6553"}],"replies":[{"embeddable":true,"href":"https:\/\/senoticias.com.br\/se\/wp-json\/wp\/v2\/comments?post=112347"}],"version-history":[{"count":0,"href":"https:\/\/senoticias.com.br\/se\/wp-json\/wp\/v2\/posts\/112347\/revisions"}],"wp:attachment":[{"href":"https:\/\/senoticias.com.br\/se\/wp-json\/wp\/v2\/media?parent=112347"}],"wp:term":[{"taxonomy":"category","embeddable":true,"href":"https:\/\/senoticias.com.br\/se\/wp-json\/wp\/v2\/categories?post=112347"},{"taxonomy":"post_tag","embeddable":true,"href":"https:\/\/senoticias.com.br\/se\/wp-json\/wp\/v2\/tags?post=112347"}],"curies":[{"name":"wp","href":"https:\/\/api.w.org\/{rel}","templated":true}]}}