{"id":112336,"date":"2018-04-18T20:22:29","date_gmt":"2018-04-18T23:22:29","guid":{"rendered":"https:\/\/senoticias.com.br\/se\/?p=112336"},"modified":"2018-04-20T06:44:40","modified_gmt":"2018-04-20T09:44:40","slug":"cinco-homens-sao-presos-suspeitos-de-envolvimento-por-homicidios-e-trafico-de-drogas-em-nossa-senhora-do-socorro","status":"publish","type":"post","link":"https:\/\/senoticias.com.br\/se\/cinco-homens-sao-presos-suspeitos-de-envolvimento-por-homicidios-e-trafico-de-drogas-em-nossa-senhora-do-socorro\/","title":{"rendered":"Cinco homens s\u00e3o presos suspeitos de envolvimento por homic\u00eddios e tr\u00e1fico de drogas em Nossa Senhora do Socorro"},"content":{"rendered":"<p style=\"text-align: justify;\">A Pol\u00edcia Civil, por meio do Departamento de Crimes Contra o Patrim\u00f4nio (Depatri), realizou na manh\u00e3 desta quinta-feira, 19, no pr\u00e9dio da referida unidade, uma coletiva de imprensa onde foi passada informa\u00e7\u00f5es sobre o resultado das investiga\u00e7\u00f5es que culminou na desarticula\u00e7\u00e3o de uma organiza\u00e7\u00e3o criminosa respons\u00e1vel pela pr\u00e1tica de diversos delitos, entre eles, crimes relacionados a tr\u00e1fico de drogas e homic\u00eddios.<\/p>\n<p style=\"text-align: justify;\">\n<p style=\"text-align: justify;\">Na a\u00e7\u00e3o, foram presos:\u00a0Eleandro Santos Siqueira, l\u00edder do grupo, 24 anos; Jeferson Panta de Jesus, vulgo &#8220;Jefinho ou Jaminho&#8221;, 18 anos; Thiago Gomes da Silva, 26 anos; Diego Gomes da Silva, 21 anos; e Ricardo de Jesus Siqueira, 25 anos. Todos est\u00e3o envolvidos nos crimes de homic\u00eddio, tr\u00e1fico de drogas e porte ilegal de arma de fogo. A opera\u00e7\u00e3o foi realizada na tarde dessa quarta-feira, 18, na regi\u00e3o da Nova Palestina, em Nossa Senhora do Socorro.<\/p>\n<p style=\"text-align: justify;\">Segundo a delegada Juliana Alcoforado, respons\u00e1vel pelo caso, as investiga\u00e7\u00f5es iniciaram a partir das primeiras apura\u00e7\u00f5es sobre um crime ocorrido em fevereiro deste ano. &#8220;N\u00f3s come\u00e7amos a investigar o caso referente \u00e0 morte do senhor Jos\u00e9 Ant\u00f4nio da Concei\u00e7\u00e3o, conhecido como &#8220;Barriga&#8221;, assassinado a tiros no dia 15 de fevereiro, no bairro Sui\u00e7a, no momento em que ele estava sentado em frente a uma oficina de esquadrilhas onde\u00a0 trabalhava&#8221;, explicou.<\/p>\n<p>&nbsp;<\/p>\n<p style=\"text-align: justify;\">De acordo com a delegada do Depatri, ap\u00f3s os primeiros levantamentos, os policiais chegaram \u00e0 identifica\u00e7\u00e3o de outro indiv\u00edduo envolvido em diversos crimes. &#8220;A princ\u00edpio, acreditamos que se tratava de um assalto, j\u00e1 que instantes antes, em uma padaria pr\u00f3xima ao local, havia ocorrido um outro assalto. Entretanto, apurando o crime, chegamos at\u00e9 o indiv\u00edduo identificado como Jeferson Panta, que vinha praticando diversos outros homic\u00eddios e se encondendo no Conjunto Jardim, onde estava atuando na pr\u00e1tica do tr\u00e1fico de drogas em conjunto com um bando que fica situado no local&#8221;, contou. A delegada informou ainda que, diante das informa\u00e7\u00f5es apuradas, foi expedido um mandado de pris\u00e3o contra Jeferson, cumprido na manh\u00e3 dessa quarta-feira, 17, no momento em que o indiv\u00edduo estava em um galp\u00e3o no bairro Palestina, com parte do grupo.<\/p>\n<p style=\"text-align: justify;\">Durante o interrogat\u00f3rio, Jeferson Panta findou a confessar diversos crimes os quais teria praticado. &#8220;O suspeito confessou n\u00e3o apenas a autoria do crime contra Jos\u00e9 Ant\u00f4nio da Concei\u00e7\u00e3o, que ele disse ser um desafeto particular e que assassinou por ter tido uma briga com a v\u00edtima na semana anterir, mas tamb\u00e9m admitiu a pr\u00e1tica de outros homic\u00eddios que colaboradores j\u00e1 haviam apontado como sendo de sua autoria. As v\u00edtimas teriam sido o Jamisson, que foi um traficante morto a tiros dentro de um ve\u00edculo Polo no Loteamento Guajar\u00e1 e o outro traficante conhecido como George, que atuava no Parque dos Far\u00f3is e estava dentro de um sal\u00e3o de beleza, ocasi\u00e3o em que o Jeferson Panta invadiu o sal\u00e3o para mat\u00e1-lo e findou por atingir o cabelereiro Alan de Jesus Santos, que trabalhava no local&#8221;.<\/p>\n<p style=\"text-align: justify;\">\n<p style=\"text-align: justify;\">Ainda segundo Juliana Alcoforado, Jeferson era apontado tamb\u00e9m como respons\u00e1vel pela pr\u00e1tica de roubos a ve\u00edculos, roubos a transeuntes e estabelecimentos comerciais. &#8221; Apartir da divulga\u00e7\u00e3o das imagens do crime que vitimou Jos\u00e9 Ant\u00f4nio, ele passou a se esconder, atuando a partir desse momento com o tr\u00e1fico de drogas. &#8220;Por conta desses outros crimes, o Departamento de Homic\u00eddios e Prote\u00e7\u00e3o \u00e0 Pessoa (DHPP), bem como o Departemento de Narc\u00f3ticos (Denarc) v\u00e3o receber todas as informa\u00e7\u00f5es para dar continuidade \u00e0s investiga\u00e7\u00f5es dentro de suas esferas de atua\u00e7\u00e3o&#8221;, salientou.<\/p>\n<div id=\"attachment_112362\" style=\"width: 609px\" class=\"wp-caption aligncenter\"><a href=\"https:\/\/senoticias.com.br\/se\/wp-content\/uploads\/2018\/04\/material-apreendido-com-suspeitos-em-nossa-senhora-do-socorro-se--e1524093465500.jpg\"><img loading=\"lazy\" decoding=\"async\" aria-describedby=\"caption-attachment-112362\" class=\"size-full wp-image-112362\" src=\"https:\/\/senoticias.com.br\/se\/wp-content\/uploads\/2018\/04\/material-apreendido-com-suspeitos-em-nossa-senhora-do-socorro-se--e1524093465500.jpg\" alt=\"\" width=\"599\" height=\"375\" \/><\/a><p id=\"caption-attachment-112362\" class=\"wp-caption-text\">Material apreendido com suspeitos em Nossa Senhora do Socorro (foto: Pol\u00edcia Civil)<\/p><\/div>\n<p style=\"text-align: justify;\">A a\u00e7\u00e3o policial tamb\u00e9m resultou na apreens\u00e3o de quatro armas de fogo, sendo duas pistolas e dois rev\u00f3lveres, sendo duas delas roubadas em crimes recentes; pinos de coca\u00edna, balan\u00e7a de precis\u00e3o, quatro balaclavas, assim como a quantia de R$6.800,00. &#8220;Diante dos fatos, os suspeitos ser\u00e3o autuados pela pr\u00e1tica de diversos delitos, entre eles, tr\u00e1fico de drogas e porte de arma de uso restrito. Eles tamb\u00e9m foram autuados por forma\u00e7\u00e3o de bando armado e o Jeferson obviamente vai responder tamb\u00e9m pelos homic\u00eddios&#8221;, finalizou a delegada.<\/p>\n<p>&nbsp;<\/p>\n<p><a href=\"https:\/\/senoticias.com.br\/se\/wp-content\/uploads\/2018\/04\/Logomarca-fone-SE-4-2-1.jpg\"><img loading=\"lazy\" decoding=\"async\" class=\"aligncenter size-full wp-image-112080\" src=\"https:\/\/senoticias.com.br\/se\/wp-content\/uploads\/2018\/04\/Logomarca-fone-SE-4-2-1.jpg\" alt=\"\" width=\"599\" height=\"78\" srcset=\"https:\/\/senoticias.com.br\/se\/wp-content\/uploads\/2018\/04\/Logomarca-fone-SE-4-2-1.jpg 599w, https:\/\/senoticias.com.br\/se\/wp-content\/uploads\/2018\/04\/Logomarca-fone-SE-4-2-1-300x39.jpg 300w\" sizes=\"(max-width: 599px) 100vw, 599px\" \/><\/a><\/p>\n<p>&nbsp;<\/p>\n<p><em><strong>Acompanhe tamb\u00e9m o SE Not\u00edcias no<\/strong><span class=\"apple-converted-space\"><b>\u00a0<\/b><\/span><a href=\"https:\/\/twitter.com\/Senoticias\" target=\"_blank\" rel=\"noopener\"><b>Twitter<\/b><\/a><strong>,<\/strong><span class=\"apple-converted-space\"><b>\u00a0<\/b><\/span><a href=\"https:\/\/www.facebook.com\/senoticias1\" target=\"_blank\" rel=\"noopener\"><b>Facebook<\/b><span class=\"apple-converted-space\"><b>\u00a0<\/b><\/span><\/a><strong>e no<\/strong><span class=\"apple-converted-space\"><b>\u00a0<\/b><\/span><a href=\"https:\/\/www.instagram.com\/senoticias\/\" target=\"_blank\" rel=\"noopener\"><b>Instagram<\/b><\/a><\/em><\/p>\n<p>&nbsp;<\/p>\n<p><em>Com informa\u00e7\u00f5es da SSP\/SE<\/em><\/p>\n","protected":false},"excerpt":{"rendered":"<p>A Pol\u00edcia Civil, por meio do Departamento de Crimes Contra o Patrim\u00f4nio (Depatri), realizou na manh\u00e3 desta quinta-feira, 19, no pr\u00e9dio da referida unidade, uma coletiva de imprensa onde foi passada informa\u00e7\u00f5es sobre o resultado das investiga\u00e7\u00f5es que culminou na desarticula\u00e7\u00e3o de uma organiza\u00e7\u00e3o criminosa respons\u00e1vel pela pr\u00e1tica de diversos delitos, entre eles, crimes relacionados [&hellip;]<\/p>\n","protected":false},"author":6552,"featured_media":112362,"comment_status":"closed","ping_status":"closed","sticky":false,"template":"","format":"standard","meta":{"footnotes":""},"categories":[15,7],"tags":[9494,7104,2650,78],"class_list":{"0":"post-112336","1":"post","2":"type-post","3":"status-publish","4":"format-standard","5":"has-post-thumbnail","7":"category-destaques","8":"category-policia","9":"tag-delegada-juliana-alcoforado","10":"tag-juliana-alcoforado","11":"tag-nossa-senhora-do-socorro","12":"tag-policia-civil"},"_links":{"self":[{"href":"https:\/\/senoticias.com.br\/se\/wp-json\/wp\/v2\/posts\/112336"}],"collection":[{"href":"https:\/\/senoticias.com.br\/se\/wp-json\/wp\/v2\/posts"}],"about":[{"href":"https:\/\/senoticias.com.br\/se\/wp-json\/wp\/v2\/types\/post"}],"author":[{"embeddable":true,"href":"https:\/\/senoticias.com.br\/se\/wp-json\/wp\/v2\/users\/6552"}],"replies":[{"embeddable":true,"href":"https:\/\/senoticias.com.br\/se\/wp-json\/wp\/v2\/comments?post=112336"}],"version-history":[{"count":0,"href":"https:\/\/senoticias.com.br\/se\/wp-json\/wp\/v2\/posts\/112336\/revisions"}],"wp:featuredmedia":[{"embeddable":true,"href":"https:\/\/senoticias.com.br\/se\/wp-json\/wp\/v2\/media\/112362"}],"wp:attachment":[{"href":"https:\/\/senoticias.com.br\/se\/wp-json\/wp\/v2\/media?parent=112336"}],"wp:term":[{"taxonomy":"category","embeddable":true,"href":"https:\/\/senoticias.com.br\/se\/wp-json\/wp\/v2\/categories?post=112336"},{"taxonomy":"post_tag","embeddable":true,"href":"https:\/\/senoticias.com.br\/se\/wp-json\/wp\/v2\/tags?post=112336"}],"curies":[{"name":"wp","href":"https:\/\/api.w.org\/{rel}","templated":true}]}}