{"id":112332,"date":"2018-04-17T21:37:36","date_gmt":"2018-04-18T00:37:36","guid":{"rendered":"https:\/\/senoticias.com.br\/se\/?p=112332"},"modified":"2018-04-18T06:27:52","modified_gmt":"2018-04-18T09:27:52","slug":"reuniao-aborda-revisao-do-plano-diretor-para-estancia-e-sao-cristovao","status":"publish","type":"post","link":"https:\/\/senoticias.com.br\/se\/reuniao-aborda-revisao-do-plano-diretor-para-estancia-e-sao-cristovao\/","title":{"rendered":"Prefeito de S\u00e3o Crist\u00f3v\u00e3o participa de reuni\u00e3o sobre revis\u00e3o do Plano Diretor"},"content":{"rendered":"<p style=\"text-align: justify;\">A Secretaria de Estado do Turismo (Setur) realizou uma reuni\u00e3o com gestores de Est\u00e2ncia e de <strong>S\u00e3o Crist\u00f3v\u00e3o<\/strong> para apresentar o planejamento dos estudos e das pesquisas a serem desenvolvidos para a revis\u00e3o dos planos diretores destes munic\u00edpios. A apresenta\u00e7\u00e3o foi realizada na tarde dessa segunda-feira, 16. As gest\u00f5es municipais se habilitaram a participar da revis\u00e3o do plano, no final de 2016, durante a convoca\u00e7\u00e3o do Programa de Desenvolvimento do Turismo em Sergipe (Prodetur\/SE) junto aos munic\u00edpios que comp\u00f5em os polos tur\u00edsticos em Sergipe.<\/p>\n<div id=\"attachment_112333\" style=\"width: 590px\" class=\"wp-caption aligncenter\"><a href=\"https:\/\/senoticias.com.br\/se\/wp-content\/uploads\/2018\/04\/89039d19bddc556f44340fc270648638-e1524011799830.jpg\"><img loading=\"lazy\" decoding=\"async\" aria-describedby=\"caption-attachment-112333\" class=\"size-full wp-image-112333\" src=\"https:\/\/senoticias.com.br\/se\/wp-content\/uploads\/2018\/04\/89039d19bddc556f44340fc270648638-e1524011799830.jpg\" alt=\"\" width=\"580\" height=\"387\" \/><\/a><p id=\"caption-attachment-112333\" class=\"wp-caption-text\">Reuni\u00e3o discute revis\u00e3o do plano diretor de Est\u00e2ncia e S\u00e3o Crist\u00f3v\u00e3o (foto: Ascom\/Setur)<\/p><\/div>\n<p style=\"text-align: justify;\">O secret\u00e1rio de Estado do Turismo, Cincinato J\u00fanior, destacou que o plano diretor auxiliar\u00e1 os munic\u00edpios a se desenvolverem de forma organizada. \u201c\u00c9 um estudo sobre o munic\u00edpio, avaliando e reconhecendo como a cidade funciona, do territ\u00f3rio f\u00edsico, do meio ambiente\u201d, explicou o secret\u00e1rio.<\/p>\n<p style=\"text-align: justify;\">A arquiteta e urbanista Cl\u00e1udia Virg\u00ednia Souza, da empresa Demacamp \u2013 Planejamento, Projeto e Consultoria \u2013 vencedora da licita\u00e7\u00e3o para realizar a revis\u00e3o dos planos, detalhou a import\u00e2ncia dos munic\u00edpios estarem envolvidos em todos os processos. \u201cPrecisamos dar agilidade para cumprir o cronograma definido. Em nove meses, teremos a miss\u00e3o de entregar todo o trabalho pronto\u201d, disse a arquiteta.<\/p>\n<p style=\"text-align: justify;\">De acordo com o <strong>prefeito de S\u00e3o Crist\u00f3v\u00e3o, Marcos Santana,<\/strong> os gestores do munic\u00edpio estar\u00e3o diretamente envolvidos nessa revis\u00e3o. \u201cEstou muito feliz por conta da contrata\u00e7\u00e3o feita pelo Governo do Estado. O nosso munic\u00edpio n\u00e3o teria condi\u00e7\u00f5es de faz\u00ea-la e n\u00e3o abro m\u00e3o de participar de todo o processo\u201d, defendeu Marcos Santana.<\/p>\n<p style=\"text-align: justify;\">Participaram da reuni\u00e3o os secret\u00e1rios municipais de Planejamento, M\u00f4nica Silveira; de Infraestrutura, Thiago Souza e M\u00e1rio Freire, Secret\u00e1rio-Chefe\u00a0de Gabinete, al\u00e9m do Assessor da Secretaria de Planejamento, William Rawell Souza Correia e o Advogado Diego Araujo Oliveira Silva.<\/p>\n<p>&nbsp;<\/p>\n<p><em><strong>Acompanhe tamb\u00e9m o SE Not\u00edcias no<\/strong><strong>\u00a0<\/strong><a href=\"https:\/\/twitter.com\/Senoticias\"><strong>Twitter<\/strong><\/a><strong>,<\/strong><strong>\u00a0<\/strong><a href=\"https:\/\/www.facebook.com\/senoticias1\"><strong>Facebook<\/strong><strong>\u00a0<\/strong><\/a><strong>e no<\/strong><strong>\u00a0<\/strong><a href=\"https:\/\/www.instagram.com\/senoticias\/\"><strong>Instagram<\/strong><\/a><\/em><\/p>\n<p>&nbsp;<\/p>\n<p><em>Com informa\u00e7\u00f5es da Ag\u00eancia Sergipe de Not\u00edcias<\/em><\/p>\n<p><a href=\"https:\/\/senoticias.com.br\/se\/wp-content\/uploads\/2018\/04\/Logomarca-fone-SE-4-2-1.jpg\"><img loading=\"lazy\" decoding=\"async\" class=\"aligncenter size-full wp-image-112080\" src=\"https:\/\/senoticias.com.br\/se\/wp-content\/uploads\/2018\/04\/Logomarca-fone-SE-4-2-1.jpg\" alt=\"\" width=\"599\" height=\"78\" srcset=\"https:\/\/senoticias.com.br\/se\/wp-content\/uploads\/2018\/04\/Logomarca-fone-SE-4-2-1.jpg 599w, https:\/\/senoticias.com.br\/se\/wp-content\/uploads\/2018\/04\/Logomarca-fone-SE-4-2-1-300x39.jpg 300w\" sizes=\"(max-width: 599px) 100vw, 599px\" \/><\/a><\/p>\n","protected":false},"excerpt":{"rendered":"<p>A Secretaria de Estado do Turismo (Setur) realizou uma reuni\u00e3o com gestores de Est\u00e2ncia e de S\u00e3o Crist\u00f3v\u00e3o para apresentar o planejamento dos estudos e das pesquisas a serem desenvolvidos para a revis\u00e3o dos planos diretores destes munic\u00edpios. A apresenta\u00e7\u00e3o foi realizada na tarde dessa segunda-feira, 16. As gest\u00f5es municipais se habilitaram a participar da [&hellip;]<\/p>\n","protected":false},"author":6554,"featured_media":112333,"comment_status":"closed","ping_status":"closed","sticky":false,"template":"","format":"standard","meta":{"footnotes":""},"categories":[15,38],"tags":[9484,1498,9482,9481,9483,335],"class_list":{"0":"post-112332","1":"post","2":"type-post","3":"status-publish","4":"format-standard","5":"has-post-thumbnail","7":"category-destaques","8":"category-municipios","9":"tag-demacamp","10":"tag-marcos-santana","11":"tag-plano-diretor","12":"tag-reuniao-aborda-revisao-do-plano-diretor-para-estancia-e-sao-cristovao","13":"tag-revisao-do-plano-diretor","14":"tag-sao-cristovao"},"_links":{"self":[{"href":"https:\/\/senoticias.com.br\/se\/wp-json\/wp\/v2\/posts\/112332"}],"collection":[{"href":"https:\/\/senoticias.com.br\/se\/wp-json\/wp\/v2\/posts"}],"about":[{"href":"https:\/\/senoticias.com.br\/se\/wp-json\/wp\/v2\/types\/post"}],"author":[{"embeddable":true,"href":"https:\/\/senoticias.com.br\/se\/wp-json\/wp\/v2\/users\/6554"}],"replies":[{"embeddable":true,"href":"https:\/\/senoticias.com.br\/se\/wp-json\/wp\/v2\/comments?post=112332"}],"version-history":[{"count":0,"href":"https:\/\/senoticias.com.br\/se\/wp-json\/wp\/v2\/posts\/112332\/revisions"}],"wp:featuredmedia":[{"embeddable":true,"href":"https:\/\/senoticias.com.br\/se\/wp-json\/wp\/v2\/media\/112333"}],"wp:attachment":[{"href":"https:\/\/senoticias.com.br\/se\/wp-json\/wp\/v2\/media?parent=112332"}],"wp:term":[{"taxonomy":"category","embeddable":true,"href":"https:\/\/senoticias.com.br\/se\/wp-json\/wp\/v2\/categories?post=112332"},{"taxonomy":"post_tag","embeddable":true,"href":"https:\/\/senoticias.com.br\/se\/wp-json\/wp\/v2\/tags?post=112332"}],"curies":[{"name":"wp","href":"https:\/\/api.w.org\/{rel}","templated":true}]}}