{"id":112330,"date":"2018-04-17T21:30:31","date_gmt":"2018-04-18T00:30:31","guid":{"rendered":"https:\/\/senoticias.com.br\/se\/?p=112330"},"modified":"2018-04-17T21:31:28","modified_gmt":"2018-04-18T00:31:28","slug":"reajuste-medio-da-energia-eletrica-em-sergipe-sera-de-1130-diz-aneel","status":"publish","type":"post","link":"https:\/\/senoticias.com.br\/se\/reajuste-medio-da-energia-eletrica-em-sergipe-sera-de-1130-diz-aneel\/","title":{"rendered":"Reajuste m\u00e9dio da energia el\u00e9trica em Sergipe ser\u00e1 de 11,30%, diz Aneel"},"content":{"rendered":"<p style=\"text-align: justify\">Foi aprovado pela diretoria da Ag\u00eancia Nacional de Energia El\u00e9trica (Aneel), durante Reuni\u00e3o P\u00fablica, nesta ter\u00e7a-feira (17), a revis\u00e3o tarif\u00e1ria da Energisa Sergipe.<\/p>\n<div id=\"attachment_112331\" style=\"width: 590px\" class=\"wp-caption aligncenter\"><a href=\"https:\/\/senoticias.com.br\/se\/wp-content\/uploads\/2018\/04\/energia-e1524011405245.jpg\"><img loading=\"lazy\" decoding=\"async\" aria-describedby=\"caption-attachment-112331\" class=\"size-full wp-image-112331\" src=\"https:\/\/senoticias.com.br\/se\/wp-content\/uploads\/2018\/04\/energia-e1524011405245.jpg\" alt=\"\" width=\"580\" height=\"363\" \/><\/a><p id=\"caption-attachment-112331\" class=\"wp-caption-text\">Novas tarifas aprovadas pela Aneel (Foto: Aneel)<\/p><\/div>\n<p style=\"text-align: justify\">As novas tarifas entram em vigor no pr\u00f3ximo domingo (22). A empresa atende 762 mil unidades consumidoras localizadas em 63 munic\u00edpios de Sergipe.<\/p>\n<p style=\"text-align: justify\">O efeito m\u00e9dio da alta tens\u00e3o refere-se \u00e0s classes A1 (&gt;= 230 kV), A2 (de 88 a 138 kV), A3 (69 kV) e A4 (de 2,3 a 25 kV). Para a baixa tens\u00e3o, a m\u00e9dia engloba as classes B1 (Residencial e subclasse residencial baixa renda); B2 (Rural: subclasses, como agropecu\u00e1ria, cooperativa de eletrifica\u00e7\u00e3o rural, ind\u00fastria rural, servi\u00e7o p\u00fablico de irriga\u00e7\u00e3o rural); B3 (Industrial, comercial, servi\u00e7os e outras atividades, poder p\u00fablico, servi\u00e7o p\u00fablico e consumo pr\u00f3prio); e B4 (Ilumina\u00e7\u00e3o p\u00fablica).<\/p>\n<p style=\"text-align: justify\">Segundo a Aneel, a revis\u00e3o tarif\u00e1ria peri\u00f3dica reposiciona as tarifas cobradas dos consumidores ap\u00f3s analisar os custos eficientes e os investimentos prudentes para a presta\u00e7\u00e3o dos servi\u00e7os de distribui\u00e7\u00e3o de energia el\u00e9trica, em intervalo m\u00e9dio de quatro anos.<\/p>\n<p style=\"text-align: justify\">Os limites de Dura\u00e7\u00e3o Equivalente de Interrup\u00e7\u00e3o por Unidade Consumidora (DEC) e Frequ\u00eancia Equivalente de Interrup\u00e7\u00e3o por Unidade Consumidora (FEC) da distribuidora para o per\u00edodo de 2019 a 2023 tamb\u00e9m foram revisados.<\/p>\n<p style=\"text-align: justify\">Do G1 SE.<\/p>\n<p><strong>Acompanhe tamb\u00e9m o SE Not\u00edcias no<\/strong><strong>\u00a0<\/strong><a href=\"https:\/\/twitter.com\/Senoticias\"><strong>Twitter<\/strong><\/a><strong>,<\/strong><strong>\u00a0<\/strong><a href=\"https:\/\/www.facebook.com\/senoticias1\"><strong>Facebook<\/strong><strong>\u00a0<\/strong><\/a><strong>e no<\/strong><strong>\u00a0<\/strong><a href=\"https:\/\/www.instagram.com\/senoticias\/\"><strong>Instagram<\/strong><\/a><strong>.<\/strong><\/p>\n<p><a href=\"https:\/\/senoticias.com.br\/se\/wp-content\/uploads\/2018\/04\/Logomarca-fone-SE-4-2-1.jpg\"><img loading=\"lazy\" decoding=\"async\" class=\"aligncenter size-full wp-image-112080\" src=\"https:\/\/senoticias.com.br\/se\/wp-content\/uploads\/2018\/04\/Logomarca-fone-SE-4-2-1.jpg\" alt=\"\" width=\"599\" height=\"78\" srcset=\"https:\/\/senoticias.com.br\/se\/wp-content\/uploads\/2018\/04\/Logomarca-fone-SE-4-2-1.jpg 599w, https:\/\/senoticias.com.br\/se\/wp-content\/uploads\/2018\/04\/Logomarca-fone-SE-4-2-1-300x39.jpg 300w\" sizes=\"(max-width: 599px) 100vw, 599px\" \/><\/a><\/p>\n","protected":false},"excerpt":{"rendered":"<p>Foi aprovado pela diretoria da Ag\u00eancia Nacional de Energia El\u00e9trica (Aneel), durante Reuni\u00e3o P\u00fablica, nesta ter\u00e7a-feira (17), a revis\u00e3o tarif\u00e1ria da Energisa Sergipe. As novas tarifas entram em vigor no pr\u00f3ximo domingo (22). A empresa atende 762 mil unidades consumidoras localizadas em 63 munic\u00edpios de Sergipe. O efeito m\u00e9dio da alta tens\u00e3o refere-se \u00e0s classes [&hellip;]<\/p>\n","protected":false},"author":6554,"featured_media":112331,"comment_status":"closed","ping_status":"closed","sticky":false,"template":"","format":"standard","meta":{"footnotes":""},"categories":[8],"tags":[3550,9480,9479],"class_list":{"0":"post-112330","1":"post","2":"type-post","3":"status-publish","4":"format-standard","5":"has-post-thumbnail","7":"category-esporte-e-cultura","8":"tag-3550","9":"tag-diz-aneel","10":"tag-reajuste-medio-da-energia-eletrica-em-sergipe-sera-de-11"},"_links":{"self":[{"href":"https:\/\/senoticias.com.br\/se\/wp-json\/wp\/v2\/posts\/112330"}],"collection":[{"href":"https:\/\/senoticias.com.br\/se\/wp-json\/wp\/v2\/posts"}],"about":[{"href":"https:\/\/senoticias.com.br\/se\/wp-json\/wp\/v2\/types\/post"}],"author":[{"embeddable":true,"href":"https:\/\/senoticias.com.br\/se\/wp-json\/wp\/v2\/users\/6554"}],"replies":[{"embeddable":true,"href":"https:\/\/senoticias.com.br\/se\/wp-json\/wp\/v2\/comments?post=112330"}],"version-history":[{"count":0,"href":"https:\/\/senoticias.com.br\/se\/wp-json\/wp\/v2\/posts\/112330\/revisions"}],"wp:featuredmedia":[{"embeddable":true,"href":"https:\/\/senoticias.com.br\/se\/wp-json\/wp\/v2\/media\/112331"}],"wp:attachment":[{"href":"https:\/\/senoticias.com.br\/se\/wp-json\/wp\/v2\/media?parent=112330"}],"wp:term":[{"taxonomy":"category","embeddable":true,"href":"https:\/\/senoticias.com.br\/se\/wp-json\/wp\/v2\/categories?post=112330"},{"taxonomy":"post_tag","embeddable":true,"href":"https:\/\/senoticias.com.br\/se\/wp-json\/wp\/v2\/tags?post=112330"}],"curies":[{"name":"wp","href":"https:\/\/api.w.org\/{rel}","templated":true}]}}