{"id":112328,"date":"2018-04-17T21:25:16","date_gmt":"2018-04-18T00:25:16","guid":{"rendered":"https:\/\/senoticias.com.br\/se\/?p=112328"},"modified":"2018-04-17T21:25:16","modified_gmt":"2018-04-18T00:25:16","slug":"programa-batalha-dos-confeiteiros-tera-representante-de-aracaju","status":"publish","type":"post","link":"https:\/\/senoticias.com.br\/se\/programa-batalha-dos-confeiteiros-tera-representante-de-aracaju\/","title":{"rendered":"Programa Batalha dos Confeiteiros ter\u00e1 representante de Aracaju"},"content":{"rendered":"<p>Iara Cavalcanti vai representar o estado de Sergipe na segunda temporada do programa Batalha dos Confeiteiros, da Record TV. No total s\u00e3o 16 participantes, que dever\u00e3o encarar os desafios do Cake Boss, a partir dessa quarta-feira (18), para disputar a chance de trabalhar com Buddy Valastro.<\/p>\n<div id=\"attachment_112329\" style=\"width: 590px\" class=\"wp-caption aligncenter\"><a href=\"https:\/\/senoticias.com.br\/se\/wp-content\/uploads\/2018\/04\/3601128016-sergipana-na-batalha-dos-confeiteiros-e1524011085646.png\"><img loading=\"lazy\" decoding=\"async\" aria-describedby=\"caption-attachment-112329\" class=\"size-full wp-image-112329\" src=\"https:\/\/senoticias.com.br\/se\/wp-content\/uploads\/2018\/04\/3601128016-sergipana-na-batalha-dos-confeiteiros-e1524011085646.png\" alt=\"\" width=\"580\" height=\"796\" \/><\/a><p id=\"caption-attachment-112329\" class=\"wp-caption-text\">Foto: Record TV<\/p><\/div>\n<p>Iara \u00e9 formada em Design Gr\u00e1fico, \u00e9 especialista em bolos com efeito, flor de a\u00e7\u00facar, modelagem e bolos de casamento. Em Aracaju, ela \u00e9 propriet\u00e1ria da famosa Confeitaria Siriguela. Ansiosa, a confeiteira est\u00e1 muito feliz com a participa\u00e7\u00e3o em um programa nacional e est\u00e1 na expectativa de vencer os desafios.<\/p>\n<p>Do A8 SE.<\/p>\n<p><strong>Acompanhe tamb\u00e9m o SE Not\u00edcias no<\/strong><strong>\u00a0<\/strong><a href=\"https:\/\/twitter.com\/Senoticias\"><strong>Twitter<\/strong><\/a><strong>,<\/strong><strong>\u00a0<\/strong><a href=\"https:\/\/www.facebook.com\/senoticias1\"><strong>Facebook<\/strong><strong>\u00a0<\/strong><\/a><strong>e no<\/strong><strong>\u00a0<\/strong><a href=\"https:\/\/www.instagram.com\/senoticias\/\"><strong>Instagram<\/strong><\/a><strong>.<\/strong><\/p>\n<p><a href=\"https:\/\/senoticias.com.br\/se\/wp-content\/uploads\/2018\/04\/Logomarca-fone-SE-4-2-1.jpg\"><img loading=\"lazy\" decoding=\"async\" class=\"aligncenter size-full wp-image-112080\" src=\"https:\/\/senoticias.com.br\/se\/wp-content\/uploads\/2018\/04\/Logomarca-fone-SE-4-2-1.jpg\" alt=\"\" width=\"599\" height=\"78\" srcset=\"https:\/\/senoticias.com.br\/se\/wp-content\/uploads\/2018\/04\/Logomarca-fone-SE-4-2-1.jpg 599w, https:\/\/senoticias.com.br\/se\/wp-content\/uploads\/2018\/04\/Logomarca-fone-SE-4-2-1-300x39.jpg 300w\" sizes=\"(max-width: 599px) 100vw, 599px\" \/><\/a><\/p>\n","protected":false},"excerpt":{"rendered":"<p>Iara Cavalcanti vai representar o estado de Sergipe na segunda temporada do programa Batalha dos Confeiteiros, da Record TV. No total s\u00e3o 16 participantes, que dever\u00e3o encarar os desafios do Cake Boss, a partir dessa quarta-feira (18), para disputar a chance de trabalhar com Buddy Valastro. Iara \u00e9 formada em Design Gr\u00e1fico, \u00e9 especialista em [&hellip;]<\/p>\n","protected":false},"author":6554,"featured_media":112329,"comment_status":"closed","ping_status":"closed","sticky":false,"template":"","format":"standard","meta":{"footnotes":""},"categories":[21],"tags":[9478],"class_list":{"0":"post-112328","1":"post","2":"type-post","3":"status-publish","4":"format-standard","5":"has-post-thumbnail","7":"category-entretenimento","8":"tag-programa-batalha-dos-confeiteiros-tera-representante-de-aracaju"},"_links":{"self":[{"href":"https:\/\/senoticias.com.br\/se\/wp-json\/wp\/v2\/posts\/112328"}],"collection":[{"href":"https:\/\/senoticias.com.br\/se\/wp-json\/wp\/v2\/posts"}],"about":[{"href":"https:\/\/senoticias.com.br\/se\/wp-json\/wp\/v2\/types\/post"}],"author":[{"embeddable":true,"href":"https:\/\/senoticias.com.br\/se\/wp-json\/wp\/v2\/users\/6554"}],"replies":[{"embeddable":true,"href":"https:\/\/senoticias.com.br\/se\/wp-json\/wp\/v2\/comments?post=112328"}],"version-history":[{"count":0,"href":"https:\/\/senoticias.com.br\/se\/wp-json\/wp\/v2\/posts\/112328\/revisions"}],"wp:featuredmedia":[{"embeddable":true,"href":"https:\/\/senoticias.com.br\/se\/wp-json\/wp\/v2\/media\/112329"}],"wp:attachment":[{"href":"https:\/\/senoticias.com.br\/se\/wp-json\/wp\/v2\/media?parent=112328"}],"wp:term":[{"taxonomy":"category","embeddable":true,"href":"https:\/\/senoticias.com.br\/se\/wp-json\/wp\/v2\/categories?post=112328"},{"taxonomy":"post_tag","embeddable":true,"href":"https:\/\/senoticias.com.br\/se\/wp-json\/wp\/v2\/tags?post=112328"}],"curies":[{"name":"wp","href":"https:\/\/api.w.org\/{rel}","templated":true}]}}