{"id":112322,"date":"2018-04-17T21:19:05","date_gmt":"2018-04-18T00:19:05","guid":{"rendered":"https:\/\/senoticias.com.br\/se\/?p=112322"},"modified":"2018-04-17T21:19:05","modified_gmt":"2018-04-18T00:19:05","slug":"homem-invade-companhia-da-policia-militar-de-gloria-e-leva-escopeta","status":"publish","type":"post","link":"https:\/\/senoticias.com.br\/se\/homem-invade-companhia-da-policia-militar-de-gloria-e-leva-escopeta\/","title":{"rendered":"Homem invade companhia da Pol\u00edcia Militar de Gl\u00f3ria e leva escopeta"},"content":{"rendered":"<div class=\"mc-column content-text active-extra-styles active-capital-letter\">\n<p style=\"text-align: justify\">Na madrugada desta ter\u00e7a-feira (17), em Nossa Senhora da Gl\u00f3ria, um homem invadiu a 3\u00aa Companhia do 4\u00ba Batalh\u00e3o da Pol\u00edcia Militar e levou um escopeta calibre 12. A informa\u00e7\u00e3o foi confirmada pelo\u00a0Tenente-coronel F\u00e1bio Fonseca Rolemberg.<\/p>\n<div id=\"attachment_112327\" style=\"width: 590px\" class=\"wp-caption aligncenter\"><a href=\"https:\/\/senoticias.com.br\/se\/wp-content\/uploads\/2018\/04\/825939047--e1524010658637.png\"><img loading=\"lazy\" decoding=\"async\" aria-describedby=\"caption-attachment-112327\" class=\"size-full wp-image-112327\" src=\"https:\/\/senoticias.com.br\/se\/wp-content\/uploads\/2018\/04\/825939047--e1524010658637.png\" alt=\"\" width=\"580\" height=\"391\" \/><\/a><p id=\"caption-attachment-112327\" class=\"wp-caption-text\">Foto: Divulga\u00e7\u00e3o<\/p><\/div>\n<p style=\"text-align: justify\">De acordo com informa\u00e7\u00f5es do Tenente-coronel, o suspeito pulou o muro do pr\u00e9dio e foi direto a sala onde ficam as armas. Seis policiais estavam no local e perceberam uma movimenta\u00e7\u00e3o estranha. Assim que o suspeito percebeu a presen\u00e7a dos agentes, ele derrubou um fuzil e fugiu com uma escopeta.<\/p>\n<p style=\"text-align: justify\">O tenente-coronel\u00a0F\u00e1bio Fonseca Rolemberg, tamb\u00e9m informou que dilig\u00eancias foram feitas no local, mas at\u00e9 o momento ningu\u00e9m foi preso.<\/p>\n<\/div>\n<div>\n<div class=\"mc-column content-text active-extra-styles \">\n<p style=\"text-align: justify\">Quem tiver alguma informa\u00e7\u00e3o sobre a arma e o suspeito, pode ligar para os n\u00famero 190 ou (79) 3411-1443. A identidade var ser mantida em sigilo.<\/p>\n<p>Do A8 SE.<\/p>\n<p><strong>Acompanhe tamb\u00e9m o SE Not\u00edcias no<\/strong><strong>\u00a0<\/strong><a href=\"https:\/\/twitter.com\/Senoticias\"><strong>Twitter<\/strong><\/a><strong>,<\/strong><strong>\u00a0<\/strong><a href=\"https:\/\/www.facebook.com\/senoticias1\"><strong>Facebook<\/strong><strong>\u00a0<\/strong><\/a><strong>e no<\/strong><strong>\u00a0<\/strong><a href=\"https:\/\/www.instagram.com\/senoticias\/\"><strong>Instagram<\/strong><\/a><strong>.<\/strong><\/p>\n<p><a href=\"https:\/\/senoticias.com.br\/se\/wp-content\/uploads\/2018\/04\/Logomarca-fone-SE-4-2-1.jpg\"><img loading=\"lazy\" decoding=\"async\" class=\"aligncenter size-full wp-image-112080\" src=\"https:\/\/senoticias.com.br\/se\/wp-content\/uploads\/2018\/04\/Logomarca-fone-SE-4-2-1.jpg\" alt=\"\" width=\"599\" height=\"78\" srcset=\"https:\/\/senoticias.com.br\/se\/wp-content\/uploads\/2018\/04\/Logomarca-fone-SE-4-2-1.jpg 599w, https:\/\/senoticias.com.br\/se\/wp-content\/uploads\/2018\/04\/Logomarca-fone-SE-4-2-1-300x39.jpg 300w\" sizes=\"(max-width: 599px) 100vw, 599px\" \/><\/a><\/p>\n<\/div>\n<\/div>\n","protected":false},"excerpt":{"rendered":"<p>Na madrugada desta ter\u00e7a-feira (17), em Nossa Senhora da Gl\u00f3ria, um homem invadiu a 3\u00aa Companhia do 4\u00ba Batalh\u00e3o da Pol\u00edcia Militar e levou um escopeta calibre 12. A informa\u00e7\u00e3o foi confirmada pelo\u00a0Tenente-coronel F\u00e1bio Fonseca Rolemberg. De acordo com informa\u00e7\u00f5es do Tenente-coronel, o suspeito pulou o muro do pr\u00e9dio e foi direto a sala onde [&hellip;]<\/p>\n","protected":false},"author":6554,"featured_media":112327,"comment_status":"closed","ping_status":"closed","sticky":false,"template":"","format":"standard","meta":{"footnotes":""},"categories":[7],"tags":[9477],"class_list":{"0":"post-112322","1":"post","2":"type-post","3":"status-publish","4":"format-standard","5":"has-post-thumbnail","7":"category-policia","8":"tag-homem-invade-companhia-da-policia-militar-de-gloria-e-leva-escopeta"},"_links":{"self":[{"href":"https:\/\/senoticias.com.br\/se\/wp-json\/wp\/v2\/posts\/112322"}],"collection":[{"href":"https:\/\/senoticias.com.br\/se\/wp-json\/wp\/v2\/posts"}],"about":[{"href":"https:\/\/senoticias.com.br\/se\/wp-json\/wp\/v2\/types\/post"}],"author":[{"embeddable":true,"href":"https:\/\/senoticias.com.br\/se\/wp-json\/wp\/v2\/users\/6554"}],"replies":[{"embeddable":true,"href":"https:\/\/senoticias.com.br\/se\/wp-json\/wp\/v2\/comments?post=112322"}],"version-history":[{"count":0,"href":"https:\/\/senoticias.com.br\/se\/wp-json\/wp\/v2\/posts\/112322\/revisions"}],"wp:featuredmedia":[{"embeddable":true,"href":"https:\/\/senoticias.com.br\/se\/wp-json\/wp\/v2\/media\/112327"}],"wp:attachment":[{"href":"https:\/\/senoticias.com.br\/se\/wp-json\/wp\/v2\/media?parent=112322"}],"wp:term":[{"taxonomy":"category","embeddable":true,"href":"https:\/\/senoticias.com.br\/se\/wp-json\/wp\/v2\/categories?post=112322"},{"taxonomy":"post_tag","embeddable":true,"href":"https:\/\/senoticias.com.br\/se\/wp-json\/wp\/v2\/tags?post=112322"}],"curies":[{"name":"wp","href":"https:\/\/api.w.org\/{rel}","templated":true}]}}