{"id":112318,"date":"2018-04-17T18:34:04","date_gmt":"2018-04-17T21:34:04","guid":{"rendered":"https:\/\/senoticias.com.br\/se\/?p=112318"},"modified":"2018-04-17T18:34:04","modified_gmt":"2018-04-17T21:34:04","slug":"integrantes-do-corpo-tecnico-do-tce-passam-por-treinamento-na-area-de-auditoria-avancada","status":"publish","type":"post","link":"https:\/\/senoticias.com.br\/se\/integrantes-do-corpo-tecnico-do-tce-passam-por-treinamento-na-area-de-auditoria-avancada\/","title":{"rendered":"Integrantes do corpo t\u00e9cnico do TCE passam por treinamento na \u00e1rea de Auditoria Avan\u00e7ada"},"content":{"rendered":"<p style=\"text-align: justify;\">O Tribunal de Contas do Estado de Sergipe (TCE\/SE), por meio da sua Escola de Contas, promove a partir desta ter\u00e7a, 17, at\u00e9 a pr\u00f3xima sexta-feira, 20, o Curso de Auditoria Avan\u00e7ada. A capacita\u00e7\u00e3o busca qualificar os analistas de controle externo I e II que atuam na \u00e1rea de auditoria do TCE.<\/p>\n<div id=\"attachment_112326\" style=\"width: 609px\" class=\"wp-caption aligncenter\"><a href=\"https:\/\/senoticias.com.br\/se\/wp-content\/uploads\/2018\/04\/unnamed.jpg\"><img loading=\"lazy\" decoding=\"async\" aria-describedby=\"caption-attachment-112326\" class=\"size-full wp-image-112326\" src=\"https:\/\/senoticias.com.br\/se\/wp-content\/uploads\/2018\/04\/unnamed-e1524000458775.jpg\" alt=\"\" width=\"599\" height=\"399\" \/><\/a><p id=\"caption-attachment-112326\" class=\"wp-caption-text\">A capacita\u00e7\u00e3o busca qualificar os analistas de controle externo I e II que atuam na \u00e1rea de auditoria do TCE (foto: Cleverton Ribeiro\/TCE)<\/p><\/div>\n<div style=\"text-align: justify;\">Respons\u00e1vel por ministrar a atividade, o auditor Tiago Modesto\u00a0Costa, que \u00e9 secret\u00e1rio de controle externo do Tribunal de Contas da Uni\u00e3o no Mato Grosso do Sul (TCE\/MS), destacou o interesse dos servidores do TCE\/SE e a vontade de que suas fun\u00e7\u00f5es possam ajudar a transformar a sociedade.<\/div>\n<div><\/div>\n<div style=\"text-align: justify;\">\u201cA primeira coisa que fizemos foi deix\u00e1-los bastante conscientes do papel fundamental destes profissionais para a sociedade. O principal objetivo desse primeiro dia de qualifica\u00e7\u00e3o \u00e9 trazer aos participantes informa\u00e7\u00f5es e t\u00e9cnicas de auditoria que possam ser utilizadas para efetivar melhorias nas condi\u00e7\u00f5es de vida do povo\u201d, explicou.<\/div>\n<div style=\"text-align: justify;\"><\/div>\n<div>\n<div style=\"text-align: justify;\">Coordenador da Escola de Contas Conselheiro Jos\u00e9 Amado Nascimento (Ecojan), Ismar Viana explica que o curso foi idealizado\u00a0para atender car\u00eancias existentes, com vistas ao aprofundamento do manejo das t\u00e9cnicas de auditoria e \u00e0 qualifica\u00e7\u00e3o dos profissionais da \u00e1rea.<\/div>\n<div style=\"text-align: justify;\"><\/div>\n<div style=\"text-align: justify;\">\u201cO conte\u00fado do curso vai desde o planejamento, passando pela execu\u00e7\u00e3o e chegando ao monitoramento. A ideia \u00e9 viabilizar o aperfei\u00e7oamento dos processos de controle externo, otimizar\u00a0 as inspe\u00e7\u00f5es e auditorias do TCE, de modo que possamos garantir \u00e0 sociedade que os processos do Tribunal sigam efetivamente os padr\u00f5es preconizados pelas normas brasileiras e internacionais de auditoria\u201d.<\/div>\n<\/div>\n<div><\/div>\n<div><a href=\"https:\/\/senoticias.com.br\/se\/wp-content\/uploads\/2018\/04\/Logomarca-fone-SE-4-2-1.jpg\"><img loading=\"lazy\" decoding=\"async\" class=\"aligncenter size-full wp-image-112080\" src=\"https:\/\/senoticias.com.br\/se\/wp-content\/uploads\/2018\/04\/Logomarca-fone-SE-4-2-1.jpg\" alt=\"\" width=\"599\" height=\"78\" srcset=\"https:\/\/senoticias.com.br\/se\/wp-content\/uploads\/2018\/04\/Logomarca-fone-SE-4-2-1.jpg 599w, https:\/\/senoticias.com.br\/se\/wp-content\/uploads\/2018\/04\/Logomarca-fone-SE-4-2-1-300x39.jpg 300w\" sizes=\"(max-width: 599px) 100vw, 599px\" \/><\/a><\/div>\n<div><\/div>\n<div><em><strong>Acompanhe tamb\u00e9m o SE Not\u00edcias no<\/strong><span class=\"apple-converted-space\"><b>\u00a0<\/b><\/span><a href=\"https:\/\/twitter.com\/Senoticias\" target=\"_blank\" rel=\"noopener\"><b>Twitter<\/b><\/a><strong>,<\/strong><span class=\"apple-converted-space\"><b>\u00a0<\/b><\/span><a href=\"https:\/\/www.facebook.com\/senoticias1\" target=\"_blank\" rel=\"noopener\"><b>Facebook<\/b><span class=\"apple-converted-space\"><b>\u00a0<\/b><\/span><\/a><strong>e no<\/strong><span class=\"apple-converted-space\"><b>\u00a0<\/b><\/span><a href=\"https:\/\/www.instagram.com\/senoticias\/\" target=\"_blank\" rel=\"noopener\"><b>Instagram<\/b><\/a><\/em><\/div>\n<div><\/div>\n<div><em>Por Dicom\/SE<\/em><\/div>\n<div><\/div>\n","protected":false},"excerpt":{"rendered":"<p>O Tribunal de Contas do Estado de Sergipe (TCE\/SE), por meio da sua Escola de Contas, promove a partir desta ter\u00e7a, 17, at\u00e9 a pr\u00f3xima sexta-feira, 20, o Curso de Auditoria Avan\u00e7ada. A capacita\u00e7\u00e3o busca qualificar os analistas de controle externo I e II que atuam na \u00e1rea de auditoria do TCE. Respons\u00e1vel por ministrar [&hellip;]<\/p>\n","protected":false},"author":6552,"featured_media":112326,"comment_status":"closed","ping_status":"closed","sticky":false,"template":"","format":"standard","meta":{"footnotes":""},"categories":[15],"tags":[9476,7328,529,530],"class_list":{"0":"post-112318","1":"post","2":"type-post","3":"status-publish","4":"format-standard","5":"has-post-thumbnail","7":"category-destaques","8":"tag-ecojan","9":"tag-escola-de-contas","10":"tag-tce","11":"tag-tribunal-de-contas-do-estado-de-sergipe"},"_links":{"self":[{"href":"https:\/\/senoticias.com.br\/se\/wp-json\/wp\/v2\/posts\/112318"}],"collection":[{"href":"https:\/\/senoticias.com.br\/se\/wp-json\/wp\/v2\/posts"}],"about":[{"href":"https:\/\/senoticias.com.br\/se\/wp-json\/wp\/v2\/types\/post"}],"author":[{"embeddable":true,"href":"https:\/\/senoticias.com.br\/se\/wp-json\/wp\/v2\/users\/6552"}],"replies":[{"embeddable":true,"href":"https:\/\/senoticias.com.br\/se\/wp-json\/wp\/v2\/comments?post=112318"}],"version-history":[{"count":0,"href":"https:\/\/senoticias.com.br\/se\/wp-json\/wp\/v2\/posts\/112318\/revisions"}],"wp:featuredmedia":[{"embeddable":true,"href":"https:\/\/senoticias.com.br\/se\/wp-json\/wp\/v2\/media\/112326"}],"wp:attachment":[{"href":"https:\/\/senoticias.com.br\/se\/wp-json\/wp\/v2\/media?parent=112318"}],"wp:term":[{"taxonomy":"category","embeddable":true,"href":"https:\/\/senoticias.com.br\/se\/wp-json\/wp\/v2\/categories?post=112318"},{"taxonomy":"post_tag","embeddable":true,"href":"https:\/\/senoticias.com.br\/se\/wp-json\/wp\/v2\/tags?post=112318"}],"curies":[{"name":"wp","href":"https:\/\/api.w.org\/{rel}","templated":true}]}}