{"id":112313,"date":"2018-04-17T15:28:22","date_gmt":"2018-04-17T18:28:22","guid":{"rendered":"https:\/\/senoticias.com.br\/se\/?p=112313"},"modified":"2018-04-17T15:28:22","modified_gmt":"2018-04-17T18:28:22","slug":"policia-civil-conclui-inquerito-sobre-morte-de-professora-em-campo-do-brito","status":"publish","type":"post","link":"https:\/\/senoticias.com.br\/se\/policia-civil-conclui-inquerito-sobre-morte-de-professora-em-campo-do-brito\/","title":{"rendered":"Pol\u00edcia Civil conclui inqu\u00e9rito sobre morte de professora em Campo do Brito"},"content":{"rendered":"<p style=\"text-align: justify;\">A Pol\u00edcia Civil, por meio da Delegacia de Campo do Brito, detalhou na manh\u00e3 desta ter\u00e7a-feira, 17, em coletiva de imprensa realizada na sede da SSP\/SE, o resultado das investiga\u00e7\u00f5es que culminaram na pris\u00e3o dos suspeitos pela morte da professora Ivania Santana Souza Oliveira, 45 anos, no dia 12 de setembro de 2017. Foram presos os homens identificados como Antonio Carlos de Jesus Costa, conhecido como &#8220;Toninho&#8221; ou &#8220;Mancha&#8221; e de Jackson Douglas Passos Carvalho. Ambos s\u00e3o acusados da autoria do homic\u00eddio.<\/p>\n<div id=\"attachment_112314\" style=\"width: 609px\" class=\"wp-caption aligncenter\"><a href=\"https:\/\/senoticias.com.br\/se\/wp-content\/uploads\/2018\/04\/escareceu-senoticias-e1523989183367.png\"><img loading=\"lazy\" decoding=\"async\" aria-describedby=\"caption-attachment-112314\" class=\"size-full wp-image-112314\" src=\"https:\/\/senoticias.com.br\/se\/wp-content\/uploads\/2018\/04\/escareceu-senoticias-e1523989183367.png\" alt=\"\" width=\"599\" height=\"415\" \/><\/a><p id=\"caption-attachment-112314\" class=\"wp-caption-text\">Dois homens foram presos acusados da autoria e execu\u00e7\u00e3o do crime; um terceiro ainda \u00e9 procurado (foto: SSP\/SE)<\/p><\/div>\n<p style=\"text-align: justify;\">Segundo a delegada Michele Ara\u00fajo, respons\u00e1vel pelas investiga\u00e7\u00f5es, a v\u00edtima j\u00e1 havia sofrido agress\u00f5es por parte de Jackson, chegando a comunicar a uma das irm\u00e3s as ame\u00e7as sofridas. &#8220;N\u00f3s inciamos as investiga\u00e7\u00f5es a partir de informa\u00e7\u00f5es passadas pelos familiares da v\u00edtima. Segundo eles, a professora Ivana Santana sempre apresentava alguma hematomas, sinais de agress\u00f5es f\u00edsicas pelo corpo e j\u00e1 havia comentado com uma das irm\u00e3s que havia sido amea\u00e7ada de morte por Jackson Douglas caso ela terminasse a rela\u00e7\u00e3o&#8221;, revelou.<\/p>\n<p style=\"text-align: justify;\">\n<p style=\"text-align: justify;\">Ainda segundo a delegada, Jackson, que j\u00e1 se encontra preso, foi o mandante do crime. Ela ressalta que a v\u00edtima &#8220;aparentava estar com medo e em virtude disso, as suspeitas contra Jackson pesavam, como tamb\u00e9m foi a suspeita inicial da pr\u00f3pria fam\u00edlia&#8221;, apontou. De acordo com Michele, foi comprovado durante as investiga\u00e7\u00f5es que a professora havia passado alguns dos seus bens para familiares, pois temia e se resguardava de algo.<\/p>\n<p style=\"text-align: justify;\">\n<p style=\"text-align: justify;\">No \u00faltimo dia 20 de mar\u00e7o, agentes da Pol\u00edcia Civil, sob o comando da Delegada Michele Araujo, cumpriram Mandado de Pris\u00e3o Tempor\u00e1ria em desfavor de Antonio Carlos, segundo envolvido no crime. &#8220;V\u00e1rias pessoas foram ouvidas, fomos at\u00e9 o local do crime, fizemos levantamento com pessoas que estavam no local, levantamos informa\u00e7\u00f5es com pessoas que conheciam o casal. No in\u00edcio das investiga\u00e7\u00f5es, tomamos conhecimento de que Jackson estaria em um posto de combust\u00edvel no munic\u00edpio de Itabaiana conversando com alguns indiv\u00edduos, e ao lado dele se encontrava uma Moto Honda\/Bross de cor preta, sendo essa motocicleta pertencente ao pr\u00f3prio Jackson, que ap\u00f3s alguns minutos de conversa dois dos elementos que estavam com ele pegaram a motocicleta e sa\u00edram em dire\u00e7\u00e3o a Campo do Brito&#8221;, salientou a delegada, que informou que a inten\u00e7\u00e3o de Jackson era a de ser visto no posto para desvincular sua imagem do crime.<\/p>\n<p>&nbsp;<\/p>\n<p style=\"text-align: justify;\">Com a evolu\u00e7\u00e3o das investiga\u00e7\u00f5es, ficou evidente a participa\u00e7\u00e3o de Antonio Carlos, que foi indiciado como coautor do homic\u00eddio e diante das evid\u00eancias o Poder Judici\u00e1rio converteu a pris\u00e3o tempor\u00e1ria em preventiva. &#8220;Um dos indiv\u00edduos que saiu pilotando a moto foi identificado como Antonio Carlos de Jesus Costa, sendo motorista do pr\u00f3prio Jackson. Foi comprovado que ele estava no mesmo local da professora no momento do crime&#8221;. A delegada afirmou que em depoimento, Antonio confessou que estava no munic\u00edpio em que ocorreu o crime, entretanto, apenas foi ao local para levar um ve\u00edculo a pedido de Jackson.<\/p>\n<p style=\"text-align: justify;\">\n<p style=\"text-align: justify;\">A delegada esclareceu ainda que durante o crime, &#8220;Toninho&#8221; dirigiu-se at\u00e9 o col\u00e9gio, momento em que o garupa da motocicleta, terceiro envolvido no caso, chamou a professora pelo nome e efetuou os disparos, fugindo em dire\u00e7\u00e3o ao munic\u00edpio de Lagarto. A delegada informou ainda que as investiga\u00e7\u00f5es continuam afim de identificar o paradeiro da terceira pessoa, respons\u00e1vel por efetuar os disparos, e que dilig\u00eancias est\u00e3o sendo realizadas para que se prenda esse \u00faltimo suspeito.<\/p>\n<p>&nbsp;<\/p>\n<p><a href=\"https:\/\/senoticias.com.br\/se\/wp-content\/uploads\/2018\/04\/Logomarca-fone-SE-4-2-1.jpg\"><img loading=\"lazy\" decoding=\"async\" class=\"aligncenter size-full wp-image-112080\" src=\"https:\/\/senoticias.com.br\/se\/wp-content\/uploads\/2018\/04\/Logomarca-fone-SE-4-2-1.jpg\" alt=\"\" width=\"599\" height=\"78\" srcset=\"https:\/\/senoticias.com.br\/se\/wp-content\/uploads\/2018\/04\/Logomarca-fone-SE-4-2-1.jpg 599w, https:\/\/senoticias.com.br\/se\/wp-content\/uploads\/2018\/04\/Logomarca-fone-SE-4-2-1-300x39.jpg 300w\" sizes=\"(max-width: 599px) 100vw, 599px\" \/><\/a><\/p>\n<p>&nbsp;<\/p>\n<p><em><strong>Acompanhe tamb\u00e9m o SE Not\u00edcias no<\/strong><span class=\"apple-converted-space\"><b>\u00a0<\/b><\/span><a href=\"https:\/\/twitter.com\/Senoticias\" target=\"_blank\" rel=\"noopener\"><b>Twitter<\/b><\/a><strong>,<\/strong><span class=\"apple-converted-space\"><b>\u00a0<\/b><\/span><a href=\"https:\/\/www.facebook.com\/senoticias1\" target=\"_blank\" rel=\"noopener\"><b>Facebook<\/b><span class=\"apple-converted-space\"><b>\u00a0<\/b><\/span><\/a><strong>e no<\/strong><span class=\"apple-converted-space\"><b>\u00a0<\/b><\/span><a href=\"https:\/\/www.instagram.com\/senoticias\/\" target=\"_blank\" rel=\"noopener\"><b>Instagram<\/b><\/a><\/em><\/p>\n<p>&nbsp;<\/p>\n<p><em>Informa\u00e7\u00f5es da SSP\/SE<\/em><\/p>\n","protected":false},"excerpt":{"rendered":"<p>A Pol\u00edcia Civil, por meio da Delegacia de Campo do Brito, detalhou na manh\u00e3 desta ter\u00e7a-feira, 17, em coletiva de imprensa realizada na sede da SSP\/SE, o resultado das investiga\u00e7\u00f5es que culminaram na pris\u00e3o dos suspeitos pela morte da professora Ivania Santana Souza Oliveira, 45 anos, no dia 12 de setembro de 2017. Foram presos [&hellip;]<\/p>\n","protected":false},"author":6552,"featured_media":112314,"comment_status":"closed","ping_status":"closed","sticky":false,"template":"","format":"standard","meta":{"footnotes":""},"categories":[15,7],"tags":[6001,9471,9470],"class_list":{"0":"post-112313","1":"post","2":"type-post","3":"status-publish","4":"format-standard","5":"has-post-thumbnail","7":"category-destaques","8":"category-policia","9":"tag-campo-do-brito","10":"tag-delegada-michele-araujo","11":"tag-michele-araujo"},"_links":{"self":[{"href":"https:\/\/senoticias.com.br\/se\/wp-json\/wp\/v2\/posts\/112313"}],"collection":[{"href":"https:\/\/senoticias.com.br\/se\/wp-json\/wp\/v2\/posts"}],"about":[{"href":"https:\/\/senoticias.com.br\/se\/wp-json\/wp\/v2\/types\/post"}],"author":[{"embeddable":true,"href":"https:\/\/senoticias.com.br\/se\/wp-json\/wp\/v2\/users\/6552"}],"replies":[{"embeddable":true,"href":"https:\/\/senoticias.com.br\/se\/wp-json\/wp\/v2\/comments?post=112313"}],"version-history":[{"count":0,"href":"https:\/\/senoticias.com.br\/se\/wp-json\/wp\/v2\/posts\/112313\/revisions"}],"wp:featuredmedia":[{"embeddable":true,"href":"https:\/\/senoticias.com.br\/se\/wp-json\/wp\/v2\/media\/112314"}],"wp:attachment":[{"href":"https:\/\/senoticias.com.br\/se\/wp-json\/wp\/v2\/media?parent=112313"}],"wp:term":[{"taxonomy":"category","embeddable":true,"href":"https:\/\/senoticias.com.br\/se\/wp-json\/wp\/v2\/categories?post=112313"},{"taxonomy":"post_tag","embeddable":true,"href":"https:\/\/senoticias.com.br\/se\/wp-json\/wp\/v2\/tags?post=112313"}],"curies":[{"name":"wp","href":"https:\/\/api.w.org\/{rel}","templated":true}]}}