{"id":112270,"date":"2018-04-16T14:53:24","date_gmt":"2018-04-16T17:53:24","guid":{"rendered":"https:\/\/senoticias.com.br\/se\/?p=112270"},"modified":"2018-04-16T14:53:24","modified_gmt":"2018-04-16T17:53:24","slug":"academia-de-aracaju-oferta-vaga-de-recepcionista","status":"publish","type":"post","link":"https:\/\/senoticias.com.br\/se\/academia-de-aracaju-oferta-vaga-de-recepcionista\/","title":{"rendered":"Academia de Aracaju oferta vaga de recepcionista"},"content":{"rendered":"<p style=\"text-align: justify\"><span style=\"color: #000000\">A Smith Academia est\u00e1 procurando uma recepcionista\/consultora para trabalhar aos s\u00e1bados, domingos e feriados. Os hor\u00e1rios s\u00e3o de 12h \u00e0s 16h no s\u00e1bado, das 09h \u00e0s 13h no domingo e das 09h \u00e0s 13h nos feriados.<\/span><\/p>\n<p style=\"text-align: justify\"><span style=\"color: #000000\">Para concorrer a vaga, envie seu curr\u00edculo para o email: contato@smithacademia.com.br.<\/span><\/p>\n<p>&nbsp;<\/p>\n<p><a href=\"https:\/\/senoticias.com.br\/se\/wp-content\/uploads\/2018\/04\/Logomarca-fone-SE-4-2-1.jpg\"><img loading=\"lazy\" decoding=\"async\" class=\"aligncenter wp-image-112080 size-full\" src=\"https:\/\/senoticias.com.br\/se\/wp-content\/uploads\/2018\/04\/Logomarca-fone-SE-4-2-1.jpg\" alt=\"\" width=\"599\" height=\"78\" srcset=\"https:\/\/senoticias.com.br\/se\/wp-content\/uploads\/2018\/04\/Logomarca-fone-SE-4-2-1.jpg 599w, https:\/\/senoticias.com.br\/se\/wp-content\/uploads\/2018\/04\/Logomarca-fone-SE-4-2-1-300x39.jpg 300w\" sizes=\"(max-width: 599px) 100vw, 599px\" \/><\/a><\/p>\n<p>Da Reda\u00e7\u00e3o do SE Not\u00edcias, com informa\u00e7\u00f5es da Smith<\/p>\n<p><em><strong>Acompanhe tamb\u00e9m o SE Not\u00edcias no<\/strong><span class=\"apple-converted-space\"><b>\u00a0<\/b><\/span><a href=\"https:\/\/twitter.com\/Senoticias\" target=\"_blank\" rel=\"noopener\"><b>Twitter<\/b><\/a><strong>,<\/strong><span class=\"apple-converted-space\"><b>\u00a0<\/b><\/span><a href=\"https:\/\/www.facebook.com\/senoticias1\" target=\"_blank\" rel=\"noopener\"><b>Facebook<\/b><span class=\"apple-converted-space\"><b>\u00a0<\/b><\/span><\/a><strong>e no<\/strong><span class=\"apple-converted-space\"><b>\u00a0<\/b><\/span><a href=\"https:\/\/www.instagram.com\/senoticias\/\" target=\"_blank\" rel=\"noopener\"><b>Instagram<\/b><\/a><\/em><\/p>\n<p>&nbsp;<\/p>\n","protected":false},"excerpt":{"rendered":"<p>A Smith Academia est\u00e1 procurando uma recepcionista\/consultora para trabalhar aos s\u00e1bados, domingos e feriados. Os hor\u00e1rios s\u00e3o de 12h \u00e0s 16h no s\u00e1bado, das 09h \u00e0s 13h no domingo e das 09h \u00e0s 13h nos feriados. Para concorrer a vaga, envie seu curr\u00edculo para o email: contato@smithacademia.com.br. &nbsp; Da Reda\u00e7\u00e3o do SE Not\u00edcias, com informa\u00e7\u00f5es [&hellip;]<\/p>\n","protected":false},"author":6553,"featured_media":112271,"comment_status":"closed","ping_status":"closed","sticky":false,"template":"","format":"standard","meta":{"footnotes":""},"categories":[10],"tags":[8017,54,9452,9451,3028],"class_list":{"0":"post-112270","1":"post","2":"type-post","3":"status-publish","4":"format-standard","5":"has-post-thumbnail","7":"category-empregos","8":"tag-academia","9":"tag-empregos-2","10":"tag-recepcionista","11":"tag-smith","12":"tag-vagas"},"_links":{"self":[{"href":"https:\/\/senoticias.com.br\/se\/wp-json\/wp\/v2\/posts\/112270"}],"collection":[{"href":"https:\/\/senoticias.com.br\/se\/wp-json\/wp\/v2\/posts"}],"about":[{"href":"https:\/\/senoticias.com.br\/se\/wp-json\/wp\/v2\/types\/post"}],"author":[{"embeddable":true,"href":"https:\/\/senoticias.com.br\/se\/wp-json\/wp\/v2\/users\/6553"}],"replies":[{"embeddable":true,"href":"https:\/\/senoticias.com.br\/se\/wp-json\/wp\/v2\/comments?post=112270"}],"version-history":[{"count":0,"href":"https:\/\/senoticias.com.br\/se\/wp-json\/wp\/v2\/posts\/112270\/revisions"}],"wp:featuredmedia":[{"embeddable":true,"href":"https:\/\/senoticias.com.br\/se\/wp-json\/wp\/v2\/media\/112271"}],"wp:attachment":[{"href":"https:\/\/senoticias.com.br\/se\/wp-json\/wp\/v2\/media?parent=112270"}],"wp:term":[{"taxonomy":"category","embeddable":true,"href":"https:\/\/senoticias.com.br\/se\/wp-json\/wp\/v2\/categories?post=112270"},{"taxonomy":"post_tag","embeddable":true,"href":"https:\/\/senoticias.com.br\/se\/wp-json\/wp\/v2\/tags?post=112270"}],"curies":[{"name":"wp","href":"https:\/\/api.w.org\/{rel}","templated":true}]}}