{"id":112231,"date":"2018-04-14T07:30:36","date_gmt":"2018-04-14T10:30:36","guid":{"rendered":"https:\/\/senoticias.com.br\/se\/?p=112231"},"modified":"2018-04-14T07:30:36","modified_gmt":"2018-04-14T10:30:36","slug":"feira-internacional-de-artesanato-e-decoracao-acontece-no-shopping-riomar","status":"publish","type":"post","link":"https:\/\/senoticias.com.br\/se\/feira-internacional-de-artesanato-e-decoracao-acontece-no-shopping-riomar\/","title":{"rendered":"Feira Internacional de Artesanato e Decora\u00e7\u00e3o acontece no Shopping Riomar"},"content":{"rendered":"<p style=\"font-weight: 400; text-align: justify;\">A Indon\u00e9sia \u00e9 um pa\u00eds ex\u00f3tico, localizado entre o Sudeste Asi\u00e1tico e a Austr\u00e1lia, sendo o maior arquip\u00e9lago do mundo, composto por 17.508 ilhas. Com mais de 250 milh\u00f5es de habitantes, \u00e9 o quarto pa\u00eds mais populoso do mundo e o primeiro entre os pa\u00edses isl\u00e2micos. Seu artesanato \u00e9 diversificado, uma mistura de mist\u00e9rio e magia, com pe\u00e7as esculpidas por artes\u00e3os que contam um pouco da hist\u00f3ria deste local t\u00e3o distante. S\u00e3o esculturas de animais e de divindades, m\u00e1scaras tribais, Budas em madeira teca, cestaria de rattan, espelhos com molduras entalhadas, um colorido sem igual, J\u00f3ias em pedras naturais e perolas de cultivadas em agua doce, porem belas e naturais.<\/p>\n<div id=\"attachment_112232\" style=\"width: 450px\" class=\"wp-caption aligncenter\"><a href=\"https:\/\/senoticias.com.br\/se\/wp-content\/uploads\/2018\/04\/Indon\u00e9sia-2.jpg\"><img loading=\"lazy\" decoding=\"async\" aria-describedby=\"caption-attachment-112232\" class=\"size-full wp-image-112232\" src=\"https:\/\/senoticias.com.br\/se\/wp-content\/uploads\/2018\/04\/Indon\u00e9sia-2.jpg\" alt=\"\" width=\"440\" height=\"586\" srcset=\"https:\/\/senoticias.com.br\/se\/wp-content\/uploads\/2018\/04\/Indon\u00e9sia-2.jpg 440w, https:\/\/senoticias.com.br\/se\/wp-content\/uploads\/2018\/04\/Indon\u00e9sia-2-225x300.jpg 225w\" sizes=\"(max-width: 440px) 100vw, 440px\" \/><\/a><p id=\"caption-attachment-112232\" class=\"wp-caption-text\">Artesanato da Indon\u00e9sia \u00e9 destaque na FEINCARTES (foto: divulga\u00e7\u00e3o\/Sebrae\/SE)<\/p><\/div>\n<p style=\"font-weight: 400; text-align: justify;\">Essas pe\u00e7as artesanais podem ser encontradas na FEINCARTES &#8211; Feira Internacional de Artesanato e Decora\u00e7\u00e3o, que est\u00e1 sendo realizada at\u00e9 o dia 29 de abril no Shopping Riomar. Mas al\u00e9m da Indon\u00e9sia, o visitante tamb\u00e9m encontrar\u00e1 produtos da \u00cdndia, Turquia, Senegal, Peru, Venezuela e Brasil.<\/p>\n<p style=\"font-weight: 400; text-align: justify;\">\n<p style=\"font-weight: 400; text-align: justify;\">S\u00e3o\u00a0fruteiras, pratos, xicaras e ta\u00e7as pintadas a m\u00e3os feitas com vidro oriundos da Turquia. Tecidos, roupas de l\u00e3, cer\u00e2micas, tecelagem, bolsas de couro e outraspe\u00e7as artesanais coloridas e com\u00a0m\u00faltiplas funcionalidades vindas do Peru. Instrumentos musicais feitos de madeira, tingimento em tecidos de algod\u00e3o e pe\u00e7as em bronze origin\u00e1rias do Senegal.<\/p>\n<p style=\"font-weight: 400;\">\n<p style=\"font-weight: 400; text-align: justify;\">\u201cEm 2017 realizamos a primeira edi\u00e7\u00e3o da FEINCARTES em Sergipe, com sucesso de p\u00fablico e neg\u00f3cios. Retornamos novamente em 2018 com mais novidades ainda, trazendo um pouco a cultura de pa\u00edses da \u00c1frica, \u00c1sia e Am\u00e9rica do Sul para Aracaju. S\u00e3o produtos originais, que se destacam pela beleza e qualidade, que nos levam a lugares bem distantes do nosso cotidiano\u201d, destaca Maria Mathias, da diretoria da FEINCARTES.<\/p>\n<p style=\"font-weight: 400; text-align: justify;\">\n<p style=\"font-weight: 400; text-align: justify;\"><strong>Produtos do Brasil<\/strong><\/p>\n<p style=\"font-weight: 400; text-align: justify;\"><strong>\u00a0<\/strong><\/p>\n<p style=\"font-weight: 400; text-align: justify;\">Dessa vez estar\u00e3o sendo expostos produtos do Paran\u00e1, Rio de Janeiro e S\u00e3o Paulo. Ser\u00e3o travesseiros com anatomias especiais, doces gigantes e saborosos com peda\u00e7os da fruta e com\u00a050% menos a\u00e7\u00facar feitos com leite coletados direto das fazendas, al\u00e9m de almofadas t\u00e9rmicas que aquecem sozinhas.<\/p>\n<p style=\"font-weight: 400;\">\n<p style=\"font-weight: 400;\"><strong>FEINCARTES<\/strong>\n<\/p>\n<p style=\"font-weight: 400; text-align: justify;\">\u00c9 um evento com mais de 50 edi\u00e7\u00f5es, que j\u00e1 passou por v\u00e1rias Capitais e grandes cidades, sempre em centros de eventos. Agora a Feira recebeu um novo formato para Shoppings, contando com expositores nacionais e internacionais. O endere\u00e7o eletr\u00f4nico \u00e9\u00a0<a href=\"http:\/\/www.feincartes.com.br\/\" data-saferedirecturl=\"https:\/\/www.google.com\/url?hl=pt-BR&amp;q=http:\/\/www.feincartes.com.br&amp;source=gmail&amp;ust=1523786817299000&amp;usg=AFQjCNGqhcdhCvjszH1DG2xDb3FCLuCzlA\">www.feincartes.com.br<\/a>, p\u00e1gina do Facebook: Feira Feincartes\u00a0,Instagran: @Feira Feincartes, e-mails\u00a0<a href=\"mailto:diretoria@feincartes.com.br\">diretoria@feincartes.com.br<\/a><\/p>\n<p>&nbsp;<\/p>\n<p><em>Informa\u00e7\u00f5es da ascom\/Sebrae\/SE<\/em><\/p>\n<p><em><strong>Acompanhe tamb\u00e9m o SE Not\u00edcias no<\/strong><span class=\"apple-converted-space\"><b>\u00a0<\/b><\/span><a href=\"https:\/\/twitter.com\/Senoticias\" target=\"_blank\" rel=\"noopener\"><b>Twitter<\/b><\/a><strong>,<\/strong><span class=\"apple-converted-space\"><b>\u00a0<\/b><\/span><a href=\"https:\/\/www.facebook.com\/senoticias1\" target=\"_blank\" rel=\"noopener\"><b>Facebook<\/b><span class=\"apple-converted-space\"><b>\u00a0<\/b><\/span><\/a><strong>e no<\/strong><span class=\"apple-converted-space\"><b>\u00a0<\/b><\/span><a href=\"https:\/\/www.instagram.com\/senoticias\/\" target=\"_blank\" rel=\"noopener\"><b>Instagram<\/b><\/a><\/em><\/p>\n<p><a href=\"https:\/\/senoticias.com.br\/se\/wp-content\/uploads\/2018\/04\/Logomarca-fone-SE-4-2-1.jpg\"><img loading=\"lazy\" decoding=\"async\" class=\"aligncenter size-full wp-image-112080\" src=\"https:\/\/senoticias.com.br\/se\/wp-content\/uploads\/2018\/04\/Logomarca-fone-SE-4-2-1.jpg\" alt=\"\" width=\"599\" height=\"78\" srcset=\"https:\/\/senoticias.com.br\/se\/wp-content\/uploads\/2018\/04\/Logomarca-fone-SE-4-2-1.jpg 599w, https:\/\/senoticias.com.br\/se\/wp-content\/uploads\/2018\/04\/Logomarca-fone-SE-4-2-1-300x39.jpg 300w\" sizes=\"(max-width: 599px) 100vw, 599px\" \/><\/a><\/p>\n","protected":false},"excerpt":{"rendered":"<p>A Indon\u00e9sia \u00e9 um pa\u00eds ex\u00f3tico, localizado entre o Sudeste Asi\u00e1tico e a Austr\u00e1lia, sendo o maior arquip\u00e9lago do mundo, composto por 17.508 ilhas. Com mais de 250 milh\u00f5es de habitantes, \u00e9 o quarto pa\u00eds mais populoso do mundo e o primeiro entre os pa\u00edses isl\u00e2micos. Seu artesanato \u00e9 diversificado, uma mistura de mist\u00e9rio e [&hellip;]<\/p>\n","protected":false},"author":6552,"featured_media":112232,"comment_status":"closed","ping_status":"closed","sticky":false,"template":"","format":"standard","meta":{"footnotes":""},"categories":[15],"tags":[2665,9428,6696],"class_list":{"0":"post-112231","1":"post","2":"type-post","3":"status-publish","4":"format-standard","5":"has-post-thumbnail","7":"category-destaques","8":"tag-feincartes","9":"tag-feira-internacional-de-artesanato-e-decoracao","10":"tag-shopping-riomar"},"_links":{"self":[{"href":"https:\/\/senoticias.com.br\/se\/wp-json\/wp\/v2\/posts\/112231"}],"collection":[{"href":"https:\/\/senoticias.com.br\/se\/wp-json\/wp\/v2\/posts"}],"about":[{"href":"https:\/\/senoticias.com.br\/se\/wp-json\/wp\/v2\/types\/post"}],"author":[{"embeddable":true,"href":"https:\/\/senoticias.com.br\/se\/wp-json\/wp\/v2\/users\/6552"}],"replies":[{"embeddable":true,"href":"https:\/\/senoticias.com.br\/se\/wp-json\/wp\/v2\/comments?post=112231"}],"version-history":[{"count":0,"href":"https:\/\/senoticias.com.br\/se\/wp-json\/wp\/v2\/posts\/112231\/revisions"}],"wp:featuredmedia":[{"embeddable":true,"href":"https:\/\/senoticias.com.br\/se\/wp-json\/wp\/v2\/media\/112232"}],"wp:attachment":[{"href":"https:\/\/senoticias.com.br\/se\/wp-json\/wp\/v2\/media?parent=112231"}],"wp:term":[{"taxonomy":"category","embeddable":true,"href":"https:\/\/senoticias.com.br\/se\/wp-json\/wp\/v2\/categories?post=112231"},{"taxonomy":"post_tag","embeddable":true,"href":"https:\/\/senoticias.com.br\/se\/wp-json\/wp\/v2\/tags?post=112231"}],"curies":[{"name":"wp","href":"https:\/\/api.w.org\/{rel}","templated":true}]}}