{"id":112224,"date":"2018-04-13T16:47:30","date_gmt":"2018-04-13T19:47:30","guid":{"rendered":"https:\/\/senoticias.com.br\/se\/?p=112224"},"modified":"2018-04-13T16:48:23","modified_gmt":"2018-04-13T19:48:23","slug":"prefeitura-de-aracaju-anunciara-datas-do-forro-caju-2018-na-proxima-segunda","status":"publish","type":"post","link":"https:\/\/senoticias.com.br\/se\/prefeitura-de-aracaju-anunciara-datas-do-forro-caju-2018-na-proxima-segunda\/","title":{"rendered":"Prefeitura de Aracaju anunciar\u00e1 datas do Forr\u00f3 Caju 2018 na pr\u00f3xima segunda"},"content":{"rendered":"<p style=\"text-align: justify\"><span style=\"color: #000000\">Nesta segunda-feira, 16, o prefeito Edvaldo Nogueira ir\u00e1 anunciar, em coletiva \u00e0 imprensa, o per\u00edodo de realiza\u00e7\u00e3o do Forr\u00f3 Caju 2018. A divulga\u00e7\u00e3o das datas acontece no audit\u00f3rio do Centro Administrativo Prefeito Alo\u00edsio Campos, sede da Prefeitura de Aracaju, a partir das 8h30.<\/span><\/p>\n<div id=\"attachment_91667\" style=\"width: 609px\" class=\"wp-caption aligncenter\"><a href=\"https:\/\/senoticias.com.br\/se\/wp-content\/uploads\/2016\/05\/Prefeitura-de-Aracaju-inicia-Chamamento-P\u00fablico-para-o-Forr\u00f3-Caju.jpg\"><img loading=\"lazy\" decoding=\"async\" aria-describedby=\"caption-attachment-91667\" class=\"wp-image-91667 size-full\" src=\"https:\/\/senoticias.com.br\/se\/wp-content\/uploads\/2016\/05\/Prefeitura-de-Aracaju-inicia-Chamamento-P\u00fablico-para-o-Forr\u00f3-Caju.jpg\" alt=\"\" width=\"599\" height=\"398\" srcset=\"https:\/\/senoticias.com.br\/se\/wp-content\/uploads\/2016\/05\/Prefeitura-de-Aracaju-inicia-Chamamento-P\u00fablico-para-o-Forr\u00f3-Caju.jpg 599w, https:\/\/senoticias.com.br\/se\/wp-content\/uploads\/2016\/05\/Prefeitura-de-Aracaju-inicia-Chamamento-P\u00fablico-para-o-Forr\u00f3-Caju-300x199.jpg 300w, https:\/\/senoticias.com.br\/se\/wp-content\/uploads\/2016\/05\/Prefeitura-de-Aracaju-inicia-Chamamento-P\u00fablico-para-o-Forr\u00f3-Caju-342x227.jpg 342w\" sizes=\"(max-width: 599px) 100vw, 599px\" \/><\/a><p id=\"caption-attachment-91667\" class=\"wp-caption-text\">Foto: arquivo Portal Infonet\/C\u00e9sar de Oliveira<\/p><\/div>\n<p><strong>Servi\u00e7o<\/strong><\/p>\n<p style=\"text-align: justify\"><span style=\"color: #000000\">O que: an\u00fancio das datas do Forr\u00f3 Caju 2018<\/span><br \/>\n<span style=\"color: #000000\">Onde: audit\u00f3rio da Prefeitura de Aracaju<\/span><br \/>\n<span style=\"color: #000000\">Quando: segunda-feira,16, \u00e0s 8h30<\/span><\/p>\n<p>&nbsp;<\/p>\n<p><a href=\"https:\/\/senoticias.com.br\/se\/wp-content\/uploads\/2018\/04\/Logomarca-fone-SE-4-2-1.jpg\"><img loading=\"lazy\" decoding=\"async\" class=\"aligncenter wp-image-112080 size-full\" src=\"https:\/\/senoticias.com.br\/se\/wp-content\/uploads\/2018\/04\/Logomarca-fone-SE-4-2-1.jpg\" alt=\"\" width=\"599\" height=\"78\" srcset=\"https:\/\/senoticias.com.br\/se\/wp-content\/uploads\/2018\/04\/Logomarca-fone-SE-4-2-1.jpg 599w, https:\/\/senoticias.com.br\/se\/wp-content\/uploads\/2018\/04\/Logomarca-fone-SE-4-2-1-300x39.jpg 300w\" sizes=\"(max-width: 599px) 100vw, 599px\" \/><\/a><\/p>\n<p><em><strong>Acompanhe tamb\u00e9m o SE Not\u00edcias no<\/strong><span class=\"apple-converted-space\"><b>\u00a0<\/b><\/span><a href=\"https:\/\/twitter.com\/Senoticias\" target=\"_blank\" rel=\"noopener\"><b>Twitter<\/b><\/a><strong>,<\/strong><span class=\"apple-converted-space\"><b>\u00a0<\/b><\/span><a href=\"https:\/\/www.facebook.com\/senoticias1\" target=\"_blank\" rel=\"noopener\"><b>Facebook<\/b><span class=\"apple-converted-space\"><b>\u00a0<\/b><\/span><\/a><strong>e no<\/strong><span class=\"apple-converted-space\"><b>\u00a0<\/b><\/span><a href=\"https:\/\/www.instagram.com\/senoticias\/\" target=\"_blank\" rel=\"noopener\"><b>Instagram<\/b><\/a><\/em><\/p>\n<p>Por Ag\u00eancia Aracaju de Not\u00edcias<\/p>\n","protected":false},"excerpt":{"rendered":"<p>Nesta segunda-feira, 16, o prefeito Edvaldo Nogueira ir\u00e1 anunciar, em coletiva \u00e0 imprensa, o per\u00edodo de realiza\u00e7\u00e3o do Forr\u00f3 Caju 2018. A divulga\u00e7\u00e3o das datas acontece no audit\u00f3rio do Centro Administrativo Prefeito Alo\u00edsio Campos, sede da Prefeitura de Aracaju, a partir das 8h30. Servi\u00e7o O que: an\u00fancio das datas do Forr\u00f3 Caju 2018 Onde: audit\u00f3rio [&hellip;]<\/p>\n","protected":false},"author":6553,"featured_media":0,"comment_status":"closed","ping_status":"closed","sticky":false,"template":"","format":"standard","meta":{"footnotes":""},"categories":[15,6],"tags":[339,9423,2853,4138,3618,2884],"class_list":{"0":"post-112224","1":"post","2":"type-post","3":"status-publish","4":"format-standard","6":"category-destaques","7":"category-politica","8":"tag-aracaju","9":"tag-datas","10":"tag-forro","11":"tag-forro-caju","12":"tag-junho","13":"tag-prefeitura"},"_links":{"self":[{"href":"https:\/\/senoticias.com.br\/se\/wp-json\/wp\/v2\/posts\/112224"}],"collection":[{"href":"https:\/\/senoticias.com.br\/se\/wp-json\/wp\/v2\/posts"}],"about":[{"href":"https:\/\/senoticias.com.br\/se\/wp-json\/wp\/v2\/types\/post"}],"author":[{"embeddable":true,"href":"https:\/\/senoticias.com.br\/se\/wp-json\/wp\/v2\/users\/6553"}],"replies":[{"embeddable":true,"href":"https:\/\/senoticias.com.br\/se\/wp-json\/wp\/v2\/comments?post=112224"}],"version-history":[{"count":0,"href":"https:\/\/senoticias.com.br\/se\/wp-json\/wp\/v2\/posts\/112224\/revisions"}],"wp:attachment":[{"href":"https:\/\/senoticias.com.br\/se\/wp-json\/wp\/v2\/media?parent=112224"}],"wp:term":[{"taxonomy":"category","embeddable":true,"href":"https:\/\/senoticias.com.br\/se\/wp-json\/wp\/v2\/categories?post=112224"},{"taxonomy":"post_tag","embeddable":true,"href":"https:\/\/senoticias.com.br\/se\/wp-json\/wp\/v2\/tags?post=112224"}],"curies":[{"name":"wp","href":"https:\/\/api.w.org\/{rel}","templated":true}]}}