{"id":112208,"date":"2018-04-13T06:11:50","date_gmt":"2018-04-13T09:11:50","guid":{"rendered":"https:\/\/senoticias.com.br\/se\/?p=112208"},"modified":"2018-04-13T06:11:50","modified_gmt":"2018-04-13T09:11:50","slug":"governo-propoe-salario-minimo-de-r-1-002-para-o-proximo-ano","status":"publish","type":"post","link":"https:\/\/senoticias.com.br\/se\/governo-propoe-salario-minimo-de-r-1-002-para-o-proximo-ano\/","title":{"rendered":"Governo prop\u00f5e sal\u00e1rio m\u00ednimo de R$ 1.002 para o pr\u00f3ximo ano"},"content":{"rendered":"<p style=\"text-align: justify;\">Pela primeira vez, o valor do sal\u00e1rio m\u00ednimo ultrapassar\u00e1 R$ 1 mil. O governo prop\u00f4s sal\u00e1rio m\u00ednimo de R$ 1.002 para o pr\u00f3ximo ano, o que representa alta de 5% em rela\u00e7\u00e3o ao atual (R$ 954). O valor consta do projeto da Lei de Diretrizes Or\u00e7ament\u00e1rias (LDO) de 2018, apresentado hoje (12) pelos ministros do Planejamento, Esteves Colnago, e da Fazenda, Eduardo Guardia.<\/p>\n<div id=\"attachment_112209\" style=\"width: 609px\" class=\"wp-caption aligncenter\"><a href=\"https:\/\/senoticias.com.br\/se\/wp-content\/uploads\/2018\/04\/Salario-minimo-senoticias-e1523610571905.jpg\"><img loading=\"lazy\" decoding=\"async\" aria-describedby=\"caption-attachment-112209\" class=\"size-full wp-image-112209\" src=\"https:\/\/senoticias.com.br\/se\/wp-content\/uploads\/2018\/04\/Salario-minimo-senoticias-e1523610571905.jpg\" alt=\"\" width=\"599\" height=\"337\" \/><\/a><p id=\"caption-attachment-112209\" class=\"wp-caption-text\">Governo prop\u00f5e sal\u00e1rio m\u00ednimo de R$ 1.002 para o pr\u00f3ximo ano (foto: Ag\u00eancia Brasil)<\/p><\/div>\n<p style=\"text-align: justify;\">Em 2019, a f\u00f3rmula atual de reajuste ser\u00e1 aplicada pela \u00faltima vez. Pela regra, o m\u00ednimo deve ser corrigido pela infla\u00e7\u00e3o do ano anterior medida pelo \u00cdndice Nacional de Pre\u00e7os ao Consumidor (INPC) mais a varia\u00e7\u00e3o do Produto Interno Bruto (PIB, soma dos bens e dos servi\u00e7os produzidos no pa\u00eds) de dois anos anteriores.<\/p>\n<p style=\"text-align: justify;\">Em 2017, o PIB cresceu 1%. Para a estimativa de infla\u00e7\u00e3o, o governo considerou a previs\u00e3o de 4% para o \u00edndice de infla\u00e7\u00e3o que consta do Boletim Focus, pesquisa com mais de 100 institui\u00e7\u00f5es financeiras divulgada toda semana pelo Banco Central.<\/p>\n<p style=\"text-align: justify;\">A LDO define os par\u00e2metros e as metas fiscais para a elabora\u00e7\u00e3o do Or\u00e7amento do ano seguinte. Pela legisla\u00e7\u00e3o, o governo deve enviar o projeto at\u00e9 15 de abril de cada ano. Caso o Congresso n\u00e3o consiga aprovar a LDO at\u00e9 o fim do semestre, o projeto passa a trancar a pauta.<\/p>\n<p>&nbsp;<\/p>\n<p><a href=\"https:\/\/senoticias.com.br\/se\/wp-content\/uploads\/2018\/04\/Logomarca-fone-SE-4-2-1.jpg\"><img loading=\"lazy\" decoding=\"async\" class=\"aligncenter size-full wp-image-112080\" src=\"https:\/\/senoticias.com.br\/se\/wp-content\/uploads\/2018\/04\/Logomarca-fone-SE-4-2-1.jpg\" alt=\"\" width=\"599\" height=\"78\" srcset=\"https:\/\/senoticias.com.br\/se\/wp-content\/uploads\/2018\/04\/Logomarca-fone-SE-4-2-1.jpg 599w, https:\/\/senoticias.com.br\/se\/wp-content\/uploads\/2018\/04\/Logomarca-fone-SE-4-2-1-300x39.jpg 300w\" sizes=\"(max-width: 599px) 100vw, 599px\" \/><\/a><\/p>\n<p>&nbsp;<\/p>\n<p><em><strong>Acompanhe tamb\u00e9m o SE Not\u00edcias no<\/strong><span class=\"apple-converted-space\"><b>\u00a0<\/b><\/span><a href=\"https:\/\/twitter.com\/Senoticias\" target=\"_blank\" rel=\"noopener\"><b>Twitter<\/b><\/a><strong>,<\/strong><span class=\"apple-converted-space\"><b>\u00a0<\/b><\/span><a href=\"https:\/\/www.facebook.com\/senoticias1\" target=\"_blank\" rel=\"noopener\"><b>Facebook<\/b><span class=\"apple-converted-space\"><b>\u00a0<\/b><\/span><\/a><strong>e no<\/strong><span class=\"apple-converted-space\"><b>\u00a0<\/b><\/span><a href=\"https:\/\/www.instagram.com\/senoticias\/\" target=\"_blank\" rel=\"noopener\"><b>Instagram<\/b><\/a><\/em><\/p>\n<p><em>Por\u00a0Ag\u00eancia Brasil<\/em><\/p>\n","protected":false},"excerpt":{"rendered":"<p>Pela primeira vez, o valor do sal\u00e1rio m\u00ednimo ultrapassar\u00e1 R$ 1 mil. O governo prop\u00f4s sal\u00e1rio m\u00ednimo de R$ 1.002 para o pr\u00f3ximo ano, o que representa alta de 5% em rela\u00e7\u00e3o ao atual (R$ 954). O valor consta do projeto da Lei de Diretrizes Or\u00e7ament\u00e1rias (LDO) de 2018, apresentado hoje (12) pelos ministros do [&hellip;]<\/p>\n","protected":false},"author":6552,"featured_media":112209,"comment_status":"closed","ping_status":"closed","sticky":false,"template":"","format":"standard","meta":{"footnotes":""},"categories":[15,2961],"tags":[7837],"class_list":{"0":"post-112208","1":"post","2":"type-post","3":"status-publish","4":"format-standard","5":"has-post-thumbnail","7":"category-destaques","8":"category-nacional","9":"tag-salario-minimo"},"_links":{"self":[{"href":"https:\/\/senoticias.com.br\/se\/wp-json\/wp\/v2\/posts\/112208"}],"collection":[{"href":"https:\/\/senoticias.com.br\/se\/wp-json\/wp\/v2\/posts"}],"about":[{"href":"https:\/\/senoticias.com.br\/se\/wp-json\/wp\/v2\/types\/post"}],"author":[{"embeddable":true,"href":"https:\/\/senoticias.com.br\/se\/wp-json\/wp\/v2\/users\/6552"}],"replies":[{"embeddable":true,"href":"https:\/\/senoticias.com.br\/se\/wp-json\/wp\/v2\/comments?post=112208"}],"version-history":[{"count":0,"href":"https:\/\/senoticias.com.br\/se\/wp-json\/wp\/v2\/posts\/112208\/revisions"}],"wp:featuredmedia":[{"embeddable":true,"href":"https:\/\/senoticias.com.br\/se\/wp-json\/wp\/v2\/media\/112209"}],"wp:attachment":[{"href":"https:\/\/senoticias.com.br\/se\/wp-json\/wp\/v2\/media?parent=112208"}],"wp:term":[{"taxonomy":"category","embeddable":true,"href":"https:\/\/senoticias.com.br\/se\/wp-json\/wp\/v2\/categories?post=112208"},{"taxonomy":"post_tag","embeddable":true,"href":"https:\/\/senoticias.com.br\/se\/wp-json\/wp\/v2\/tags?post=112208"}],"curies":[{"name":"wp","href":"https:\/\/api.w.org\/{rel}","templated":true}]}}