{"id":112187,"date":"2018-04-12T15:27:30","date_gmt":"2018-04-12T18:27:30","guid":{"rendered":"https:\/\/senoticias.com.br\/se\/?p=112187"},"modified":"2018-04-12T15:42:27","modified_gmt":"2018-04-12T18:42:27","slug":"deso-informa-interrupcao-de-abastecimento-em-santa-luzia","status":"publish","type":"post","link":"https:\/\/senoticias.com.br\/se\/deso-informa-interrupcao-de-abastecimento-em-santa-luzia\/","title":{"rendered":"Deso informa interrup\u00e7\u00e3o de abastecimento em Santa Luzia"},"content":{"rendered":"<p style=\"text-align: justify;\"><span style=\"color: #000000;\">A Companhia de Saneamento de Sergipe &#8211; Deso informa que uma manuten\u00e7\u00e3o corretiva comprometer\u00e1 temporariamente o abastecimento de \u00e1gua hoje, 12\/04\/2018, na parte alta da cidade de Santa Luzia.<\/span><\/p>\n<div id=\"attachment_103505\" style=\"width: 609px\" class=\"wp-caption aligncenter\"><a href=\"https:\/\/senoticias.com.br\/se\/wp-content\/uploads\/2017\/05\/grande-avisodeso_150416-e1495743519611.jpg\"><img loading=\"lazy\" decoding=\"async\" aria-describedby=\"caption-attachment-103505\" class=\"wp-image-103505 size-full\" src=\"https:\/\/senoticias.com.br\/se\/wp-content\/uploads\/2017\/05\/grande-avisodeso_150416-e1495743519611.jpg\" alt=\"\" width=\"599\" height=\"398\" \/><\/a><p id=\"caption-attachment-103505\" class=\"wp-caption-text\">Foto: Deso<\/p><\/div>\n<p style=\"text-align: justify;\"><span style=\"color: #000000;\">O abastecimento ser\u00e1 recuperado gradativamente, sem qualquer aviso pr\u00e9vio, assim que os trabalhos forem conclu\u00eddos.<\/span><\/p>\n<p style=\"text-align: justify;\"><span style=\"color: #000000;\">A Deso recomenda a utiliza\u00e7\u00e3o econ\u00f4mica da \u00e1gua existente nas caixas d&#8217;\u00e1gua e reservat\u00f3rios residenciais, evitando-se desperd\u00edcios.<\/span><\/p>\n<p style=\"text-align: justify;\"><span style=\"color: #000000;\">Casos de emerg\u00eancia e pedidos de servi\u00e7os podem ser informados pelo telefone 0800 0790195 com prioridade para creches, hospitais, asilos e demais entidades dessa natureza.<\/span><\/p>\n<p>&nbsp;<\/p>\n<p><a href=\"https:\/\/senoticias.com.br\/se\/wp-content\/uploads\/2018\/04\/Logomarca-fone-SE-4-2-1.jpg\"><img loading=\"lazy\" decoding=\"async\" class=\"aligncenter wp-image-112080 size-full\" src=\"https:\/\/senoticias.com.br\/se\/wp-content\/uploads\/2018\/04\/Logomarca-fone-SE-4-2-1.jpg\" alt=\"\" width=\"599\" height=\"78\" srcset=\"https:\/\/senoticias.com.br\/se\/wp-content\/uploads\/2018\/04\/Logomarca-fone-SE-4-2-1.jpg 599w, https:\/\/senoticias.com.br\/se\/wp-content\/uploads\/2018\/04\/Logomarca-fone-SE-4-2-1-300x39.jpg 300w\" sizes=\"(max-width: 599px) 100vw, 599px\" \/><\/a><\/p>\n<p style=\"text-align: justify;\"><span style=\"color: #000000;\">Assessoria de Comunica\u00e7\u00e3o da Deso<\/span><\/p>\n","protected":false},"excerpt":{"rendered":"<p>A Companhia de Saneamento de Sergipe &#8211; Deso informa que uma manuten\u00e7\u00e3o corretiva comprometer\u00e1 temporariamente o abastecimento de \u00e1gua hoje, 12\/04\/2018, na parte alta da cidade de Santa Luzia. O abastecimento ser\u00e1 recuperado gradativamente, sem qualquer aviso pr\u00e9vio, assim que os trabalhos forem conclu\u00eddos. A Deso recomenda a utiliza\u00e7\u00e3o econ\u00f4mica da \u00e1gua existente nas caixas [&hellip;]<\/p>\n","protected":false},"author":6553,"featured_media":0,"comment_status":"closed","ping_status":"closed","sticky":false,"template":"","format":"standard","meta":{"footnotes":""},"categories":[38],"tags":[3855,333,208,9406,223],"class_list":{"0":"post-112187","1":"post","2":"type-post","3":"status-publish","4":"format-standard","6":"category-municipios","7":"tag-abastecimento","8":"tag-agua","9":"tag-deso","10":"tag-santa-luzia","11":"tag-sergipe"},"_links":{"self":[{"href":"https:\/\/senoticias.com.br\/se\/wp-json\/wp\/v2\/posts\/112187"}],"collection":[{"href":"https:\/\/senoticias.com.br\/se\/wp-json\/wp\/v2\/posts"}],"about":[{"href":"https:\/\/senoticias.com.br\/se\/wp-json\/wp\/v2\/types\/post"}],"author":[{"embeddable":true,"href":"https:\/\/senoticias.com.br\/se\/wp-json\/wp\/v2\/users\/6553"}],"replies":[{"embeddable":true,"href":"https:\/\/senoticias.com.br\/se\/wp-json\/wp\/v2\/comments?post=112187"}],"version-history":[{"count":0,"href":"https:\/\/senoticias.com.br\/se\/wp-json\/wp\/v2\/posts\/112187\/revisions"}],"wp:attachment":[{"href":"https:\/\/senoticias.com.br\/se\/wp-json\/wp\/v2\/media?parent=112187"}],"wp:term":[{"taxonomy":"category","embeddable":true,"href":"https:\/\/senoticias.com.br\/se\/wp-json\/wp\/v2\/categories?post=112187"},{"taxonomy":"post_tag","embeddable":true,"href":"https:\/\/senoticias.com.br\/se\/wp-json\/wp\/v2\/tags?post=112187"}],"curies":[{"name":"wp","href":"https:\/\/api.w.org\/{rel}","templated":true}]}}