{"id":112140,"date":"2018-04-10T17:30:21","date_gmt":"2018-04-10T20:30:21","guid":{"rendered":"https:\/\/senoticias.com.br\/se\/?p=112140"},"modified":"2018-04-10T17:30:21","modified_gmt":"2018-04-10T20:30:21","slug":"belivaldo-da-posse-aos-novos-secretarios-de-educacao-e-da-fazenda","status":"publish","type":"post","link":"https:\/\/senoticias.com.br\/se\/belivaldo-da-posse-aos-novos-secretarios-de-educacao-e-da-fazenda\/","title":{"rendered":"Belivaldo d\u00e1 posse aos novos secret\u00e1rios de Educa\u00e7\u00e3o e da Fazenda"},"content":{"rendered":"<p style=\"text-align: justify\"><span style=\"color: #000000\">O governador Belivaldo Chagas empossou os novos secret\u00e1rios de Estado da Fazenda (Sefaz), Adem\u00e1rio Alves de Jesus, e da Educa\u00e7\u00e3o, Josu\u00e9 Modesto dos Passos Subrinho, nesta ter\u00e7a-feira (10). Adem\u00e1rio substitui na Sefaz o professor Doutor Josu\u00e9 Modesto, que assume a Seed, substituindo o professor Doutor Jorge Carvalho.<\/span><\/p>\n<p style=\"text-align: justify\"><span style=\"color: #000000\">Belivaldo afirmou que a escolha de Adem\u00e1rio foi orientada por aspectos t\u00e9cnicos ao observar o curr\u00edculo do sergipano. O governador agradeceu a contribui\u00e7\u00e3o de Josu\u00e9 Modesto \u00e0 pasta. \u201cReconhe\u00e7o a dedica\u00e7\u00e3o e os esfor\u00e7os de Josu\u00e9 como secret\u00e1rio da Sefaz e tenho certeza que far\u00e1 uma \u00f3tima gest\u00e3o na Educa\u00e7\u00e3o a partir de agora. Quanto a Adem\u00e1rio, fomos buscar um sergipano que est\u00e1 fazendo uma carreira brilhante no Banco do Nordeste. Ele gerenciava a terceira maior ag\u00eancia de todo o BNB, a maior de Pernambuco, com capta\u00e7\u00e3o de recursos da ordem de R$ 4 bilh\u00f5es. Tem experi\u00eancia na \u00e1rea de finan\u00e7as e, portanto, \u00e9 algu\u00e9m que se prop\u00f5e a ajudar. Foi uma escolha eminentemente t\u00e9cnica. O que eu espero do secret\u00e1rio \u00e9 que ele dialogue bem com a sociedade, com todos que fazem a Secretaria da Fazenda e que melhoremos a arrecada\u00e7\u00e3o. Vamos fazer a nossa parte a respeito da redu\u00e7\u00e3o de despesas&#8221;, garantiu.<\/span><\/p>\n<div id=\"attachment_112141\" style=\"width: 609px\" class=\"wp-caption aligncenter\"><a href=\"https:\/\/senoticias.com.br\/se\/wp-content\/uploads\/2018\/04\/novo-secretario-SENOTICIAS-e1523392154847.jpeg\"><img loading=\"lazy\" decoding=\"async\" aria-describedby=\"caption-attachment-112141\" class=\"wp-image-112141 size-full\" src=\"https:\/\/senoticias.com.br\/se\/wp-content\/uploads\/2018\/04\/novo-secretario-SENOTICIAS-e1523392154847.jpeg\" alt=\"\" width=\"599\" height=\"448\" \/><\/a><p id=\"caption-attachment-112141\" class=\"wp-caption-text\">Foto: ASN<\/p><\/div>\n<p style=\"text-align: justify\"><span style=\"color: #000000\">Segundo o novo gestor da Fazenda, sua administra\u00e7\u00e3o ser\u00e1 pautada pela \u00e9tica e respeito \u00e0s pessoas. &#8220;Trabalho desde os 10 anos e tenho orgulho de dizer que o maior patrim\u00f4nio que estou construindo \u00e9 a minha biografia, pautada em \u00e9tica, trabalho e respeito \u00e0s pessoas. H\u00e1 cerca de um m\u00eas, tive a oportunidade de conhecer o agora governador Belivaldo Chagas e confesso que fiquei positivamente impressionado com a pessoa p\u00fablica que ali estava, demonstrando conhecimento profundo dos principais desafios do Estado e uma vontade latente de fazer cada vez mais e melhor pelo povo sergipano. Nossa energia estar\u00e1 sempre focada na busca de solu\u00e7\u00f5es, solu\u00e7\u00f5es estruturantes, deixando de lado as medidas simplistas e de curto prazo. Buscaremos a\u00e7\u00f5es que melhorem a produtividade e se revertam em desenvolvimento econ\u00f4mico social e que sejam sustent\u00e1veis a m\u00e9dio e longo prazos&#8221;, defendeu Adem\u00e1rio Alves de Jesus.<\/span><\/p>\n<p style=\"text-align: justify\"><span style=\"color: #000000\"><strong>Educa\u00e7\u00e3o<\/strong> <\/span><\/p>\n<p><span style=\"color: #000000\">Muito bem recepcionado e aplaudido na Secretaria de Educa\u00e7\u00e3o, onde j\u00e1 foi gestor, Belivaldo Chagas deu posse ao agora secret\u00e1rio de Educa\u00e7\u00e3o Josu\u00e9 Modesto Subrinho. Para Belivaldo, o novo gestor da Educa\u00e7\u00e3o traz a experi\u00eancia adquirida na \u00e1rea ao longo da sua vida com docente e depois reitor da Universidade Federal de Sergipe (UFS). &#8220;Quero dizer da minha tranquilidade e felicidade ao empossar Josu\u00e9 nesta pasta que considero uma das mais importantes. Sei que compet\u00eancia n\u00e3o lhe falta e tenho certeza que dedica\u00e7\u00e3o tamb\u00e9m n\u00e3o faltar\u00e1 no desempenho das atividades da Secretaria. Sei da import\u00e2ncia de ser secret\u00e1rio da Educa\u00e7\u00e3o, aqui aprendi a conviver com o contradit\u00f3rio, aprendi a ouvir. E pe\u00e7o que mantenha um excelente di\u00e1logo com os sindicatos que comp\u00f5em a Educa\u00e7\u00e3o, porque os servidores t\u00eam que ser ouvidos&#8221;.<\/span><\/p>\n<p style=\"text-align: justify\"><span style=\"color: #000000\">Em seu discurso de posse, Josu\u00e9 Modesto questionou sobre o que aconteceu nos \u00faltimos 40 anos no Brasil com a escola p\u00fablica e citou o exemplo do Atheneu como formador de grandes homens e mulheres \u00e0 frente hoje de \u00f3rg\u00e3os, empresas, cargos e fun\u00e7\u00f5es de reconhecimento em Sergipe. &#8220;Somos a gera\u00e7\u00e3o que testemunhou o auge do prest\u00edgio da escola p\u00fablica no Brasil, que deu mais cr\u00e9dito e observou a escola p\u00fablica como alavanca de transforma\u00e7\u00e3o social, da constru\u00e7\u00e3o de uma sociedade maior. \u00c9 doloroso constatar sua cont\u00ednua degrada\u00e7\u00e3o e tamb\u00e9m o surgimento e difus\u00e3o de pensamentos que negam o papel transformador da Educa\u00e7\u00e3o&#8221;.<\/span><\/p>\n<p style=\"text-align: justify\"><span style=\"color: #000000\">No entanto, o novo chefe da Seed, explicou que h\u00e1 conquistas que devem ser consideradas e que servem como est\u00edmulo para busca de uma realidade melhor. \u201cO descr\u00e9dito da escola p\u00fablica, a agress\u00e3o a professores e funcion\u00e1rios administrativos n\u00e3o \u00e9, felizmente, a \u00fanica fase desta complexa realidade no Brasil. No aspecto positivo, temos avan\u00e7os consider\u00e1veis na forma\u00e7\u00e3o dos professores, no estabelecimento de um piso salarial nacional. Acredito em a\u00e7\u00f5es articuladas que passam necessariamente pelo papel central dos professores e das fam\u00edlias no processo educacional. Faz-se preciso resgatar a confian\u00e7a, a esperan\u00e7a, a profunda vontade de mudar, de recolocar nossas escolas no lugar de prest\u00edgio que desfrutaram no passado&#8221;.<\/span><\/p>\n<p style=\"text-align: justify\"><span style=\"color: #000000\">Josu\u00e9 ainda exp\u00f4s que recebeu do governador orienta\u00e7\u00e3o para que priorize o di\u00e1logo na sua gest\u00e3o. \u201cRecebi do governador Belivaldo recomenda\u00e7\u00f5es expressas para usar todas as oportunidades de constru\u00e7\u00e3o de um ambiente de di\u00e1logo e de respeito&#8221;, concluiu.<\/span><\/p>\n<p style=\"text-align: justify\"><span style=\"color: #000000\">Belivaldo Chagas, na ocasi\u00e3o, aproveitou para reconhecer o trabalho desempenhado pelo professor Jorge Carvalho \u00e0 frente da pasta. Assim como, informou que conta com o apoio do professor Everton Siqueira para auxiliar Josu\u00e9. \u201c Tenho total confian\u00e7a na figura do nosso querido amigo professor Everton, que vai continuar oferecendo apoio a Josu\u00e9 aqui na Secretaria\u201d.<\/span><\/p>\n<p style=\"text-align: justify\"><strong><span style=\"color: #000000\">Hist\u00f3rico<\/span><\/strong><\/p>\n<p style=\"text-align: justify\"><span style=\"color: #000000\">O novo secret\u00e1rio de Estado da Fazenda nasceu em Carira. Executivo com atua\u00e7\u00e3o nas \u00e1reas administrativa, gerencial e financeira, ele tem experi\u00eancia de mais de 18 anos no setor banc\u00e1rio e de finan\u00e7as. Iniciou no Banco do Nordeste em 1999, como estagi\u00e1rio, sendo em seguida contratado para a \u00e1rea operacional e de Supervis\u00e3o de Rede (2000\/2001). De 2001 a 2004 atuou como coordenador de unidade de microfinan\u00e7as\/ CrediAmigo no Banco do Nordeste.<\/span><\/p>\n<p style=\"text-align: justify\"><span style=\"color: #000000\">Em 2004, trabalhou como supervisor da \u00e1rea de Correspondentes Banc\u00e1rios da Dire\u00e7\u00e3o Geral do Banese, em Aracaju. Em 2005, como diretor de Tributos e Arrecada\u00e7\u00e3o. Em seguida, na Prefeitura Municipal de Carira e, logo ap\u00f3s, Banco Ita\u00fa, em Aracaju (2005\/2006).<\/span><\/p>\n<p style=\"text-align: justify\"><span style=\"color: #000000\">Em 2006, retornou ao Banco do Nordeste, agora como funcion\u00e1rio de carreira, ap\u00f3s concurso p\u00fablico. Atuou em todas as \u00e1reas do Banco em ag\u00eancia (administrativa\\caixa, operacional, gerente de Suporte a neg\u00f3cios, Ger\u00eancia de Neg\u00f3cios Pessoa F\u00edsica e Jur\u00eddica). De 2009 a 2012, foi gerente de Neg\u00f3cios Empresas M\u00e9dio e Grande Porte, em Aracaju, onde a carteira sob sua responsabilidade foi eleita por dois anos seguidos a melhor de todo o Banco do Nordeste no segmento.<\/span><\/p>\n<p style=\"text-align: justify\"><span style=\"color: #000000\">Em 2012 e 2013, ap\u00f3s processo Interno de Concorr\u00eancia, assumiu a Ger\u00eancia Estadual da \u00e1rea Microfinan\u00e7as, para o estado de Pernambuco. No per\u00edodo de sua gest\u00e3o, Pernambuco alcan\u00e7ou resultados hist\u00f3ricos, com \u00eanfase para redu\u00e7\u00e3o do risco de cr\u00e9dito e melhoria na produtividade. De 2014 a 2017, ocupou a fun\u00e7\u00e3o de gerente geral de Ag\u00eancia na cidade de Recife, Bairro de Casa Forte. Em 2017, assumiu a Ger\u00eancia Geral da Ag\u00eancia Recife Centro, maior ag\u00eancia do estado de Pernambuco e a 3\u00aa maior do Banco do Nordeste.<\/span><\/p>\n<p style=\"text-align: justify\"><span style=\"color: #000000\">Adem\u00e1rio \u00e9 graduado em Comunica\u00e7\u00e3o Social pela Unit e mestre em Gest\u00e3o Empresarial, com \u00eanfase em Desenvolvimento Econ\u00f4mico pela Faculdade Boa Viagem FBV\/Recife-PE. Possui MBA Executivo em Gest\u00e3o pela FGV do Rio de Janeiro e diversos cursos superiores de especializa\u00e7\u00e3o.<\/span><\/p>\n<p style=\"text-align: justify\"><span style=\"color: #000000\">J\u00e1 o secret\u00e1rio de Educa\u00e7\u00e3o, Josu\u00e9 Subrinho, \u00e9 graduado em Ci\u00eancias Econ\u00f4micas pela UFS (1977) e possui mestrado (1983) e doutorado em Ci\u00eancias Econ\u00f4micas pela Unicamp (1992), na \u00e1rea de Hist\u00f3ria Econ\u00f4mica.<\/span><\/p>\n<p style=\"text-align: justify\"><span style=\"color: #000000\">Foi vice-reitor da UFS no per\u00edodo de 1996 a 2004 e reitor de 2004 a 2012. Em sua gest\u00e3o, adotou o lema \u201cExpandir para incluir\u201d e buscou o crescimento, qualidade acad\u00eamica, sustentabilidade e inclus\u00e3o social. Atualmente, \u00e9 professor associado do Departamento de Economia (DEE\/CCSA) e exercia o cargo de reitor \u201cPro tempore\u201d da Universidade Federal de Integra\u00e7\u00e3o Latino Americana (Unila), em Foz do Igua\u00e7u.<\/span><\/p>\n<p style=\"text-align: justify\"><span style=\"color: #000000\">Josu\u00e9 Modesto foi secret\u00e1rio de Estado da Fazenda entre 2017 e 2018 e tamb\u00e9m integra a Comiss\u00e3o da Verdade, do governo do Estado de Sergipe.<\/span><\/p>\n<p>&nbsp;<\/p>\n<p><a href=\"https:\/\/senoticias.com.br\/se\/wp-content\/uploads\/2018\/04\/Logomarca-fone-SE-4-2-1.jpg\"><img loading=\"lazy\" decoding=\"async\" class=\"aligncenter wp-image-112080 size-full\" src=\"https:\/\/senoticias.com.br\/se\/wp-content\/uploads\/2018\/04\/Logomarca-fone-SE-4-2-1.jpg\" alt=\"\" width=\"599\" height=\"78\" srcset=\"https:\/\/senoticias.com.br\/se\/wp-content\/uploads\/2018\/04\/Logomarca-fone-SE-4-2-1.jpg 599w, https:\/\/senoticias.com.br\/se\/wp-content\/uploads\/2018\/04\/Logomarca-fone-SE-4-2-1-300x39.jpg 300w\" sizes=\"(max-width: 599px) 100vw, 599px\" \/><\/a><\/p>\n<p><em><strong>Acompanhe tamb\u00e9m o SE Not\u00edcias no<\/strong><span class=\"apple-converted-space\"><b>\u00a0<\/b><\/span><a href=\"https:\/\/twitter.com\/Senoticias\" target=\"_blank\" rel=\"noopener\"><b>Twitter<\/b><\/a><strong>,<\/strong><span class=\"apple-converted-space\"><b>\u00a0<\/b><\/span><a href=\"https:\/\/www.facebook.com\/senoticias1\" target=\"_blank\" rel=\"noopener\"><b>Facebook<\/b><span class=\"apple-converted-space\"><b>\u00a0<\/b><\/span><\/a><strong>e no<\/strong><span class=\"apple-converted-space\"><b>\u00a0<\/b><\/span><a href=\"https:\/\/www.instagram.com\/senoticias\/\" target=\"_blank\" rel=\"noopener\"><b>Instagram<\/b><\/a><\/em><\/p>\n<p>Por ASN<\/p>\n","protected":false},"excerpt":{"rendered":"<p>O governador Belivaldo Chagas empossou os novos secret\u00e1rios de Estado da Fazenda (Sefaz), Adem\u00e1rio Alves de Jesus, e da Educa\u00e7\u00e3o, Josu\u00e9 Modesto dos Passos Subrinho, nesta ter\u00e7a-feira (10). Adem\u00e1rio substitui na Sefaz o professor Doutor Josu\u00e9 Modesto, que assume a Seed, substituindo o professor Doutor Jorge Carvalho. Belivaldo afirmou que a escolha de Adem\u00e1rio foi [&hellip;]<\/p>\n","protected":false},"author":6553,"featured_media":0,"comment_status":"closed","ping_status":"closed","sticky":false,"template":"","format":"standard","meta":{"footnotes":""},"categories":[15,38],"tags":[1306,3227,384,2002,2168,223],"class_list":{"0":"post-112140","1":"post","2":"type-post","3":"status-publish","4":"format-standard","6":"category-destaques","7":"category-municipios","8":"tag-educacao","9":"tag-estado","10":"tag-fazenda","11":"tag-governo","12":"tag-politica","13":"tag-sergipe"},"_links":{"self":[{"href":"https:\/\/senoticias.com.br\/se\/wp-json\/wp\/v2\/posts\/112140"}],"collection":[{"href":"https:\/\/senoticias.com.br\/se\/wp-json\/wp\/v2\/posts"}],"about":[{"href":"https:\/\/senoticias.com.br\/se\/wp-json\/wp\/v2\/types\/post"}],"author":[{"embeddable":true,"href":"https:\/\/senoticias.com.br\/se\/wp-json\/wp\/v2\/users\/6553"}],"replies":[{"embeddable":true,"href":"https:\/\/senoticias.com.br\/se\/wp-json\/wp\/v2\/comments?post=112140"}],"version-history":[{"count":0,"href":"https:\/\/senoticias.com.br\/se\/wp-json\/wp\/v2\/posts\/112140\/revisions"}],"wp:attachment":[{"href":"https:\/\/senoticias.com.br\/se\/wp-json\/wp\/v2\/media?parent=112140"}],"wp:term":[{"taxonomy":"category","embeddable":true,"href":"https:\/\/senoticias.com.br\/se\/wp-json\/wp\/v2\/categories?post=112140"},{"taxonomy":"post_tag","embeddable":true,"href":"https:\/\/senoticias.com.br\/se\/wp-json\/wp\/v2\/tags?post=112140"}],"curies":[{"name":"wp","href":"https:\/\/api.w.org\/{rel}","templated":true}]}}