{"id":112119,"date":"2018-04-09T17:12:21","date_gmt":"2018-04-09T20:12:21","guid":{"rendered":"https:\/\/senoticias.com.br\/se\/?p=112119"},"modified":"2018-04-09T17:13:04","modified_gmt":"2018-04-09T20:13:04","slug":"diretora-de-escola-e-agredida-por-aluna-e-familiares-da-estudante","status":"publish","type":"post","link":"https:\/\/senoticias.com.br\/se\/diretora-de-escola-e-agredida-por-aluna-e-familiares-da-estudante\/","title":{"rendered":"Diretora de escola \u00e9 agredida por aluna e familiares de estudante"},"content":{"rendered":"<p style=\"text-align: justify\"><span style=\"color: #000000\">A\u00a0diretora da Escola Municipal Santa Maria, no munic\u00edpio de Malhada dos Bois, na Regi\u00e3o do Baixo S\u00e3o Francisco de Sergipe, foi agredida por uma aluna, a irm\u00e3 e a m\u00e3e da estudante. Segundo a secret\u00e1ria da educa\u00e7\u00e3o do munic\u00edpio, M\u00f4nica Almeida, o caso ocorreu na \u00faltima quarta-feira (4).<\/span><\/p>\n<div id=\"attachment_112120\" style=\"width: 610px\" class=\"wp-caption aligncenter\"><a href=\"https:\/\/senoticias.com.br\/se\/wp-content\/uploads\/2018\/04\/Malhada-dos-Bois-Foto-Fernando-Vin\u00edcius-4.jpg\"><img loading=\"lazy\" decoding=\"async\" aria-describedby=\"caption-attachment-112120\" class=\"wp-image-112120 size-full\" src=\"https:\/\/senoticias.com.br\/se\/wp-content\/uploads\/2018\/04\/Malhada-dos-Bois-Foto-Fernando-Vin\u00edcius-4.jpg\" alt=\"\" width=\"600\" height=\"400\" srcset=\"https:\/\/senoticias.com.br\/se\/wp-content\/uploads\/2018\/04\/Malhada-dos-Bois-Foto-Fernando-Vin\u00edcius-4.jpg 600w, https:\/\/senoticias.com.br\/se\/wp-content\/uploads\/2018\/04\/Malhada-dos-Bois-Foto-Fernando-Vin\u00edcius-4-300x200.jpg 300w, https:\/\/senoticias.com.br\/se\/wp-content\/uploads\/2018\/04\/Malhada-dos-Bois-Foto-Fernando-Vin\u00edcius-4-90x60.jpg 90w, https:\/\/senoticias.com.br\/se\/wp-content\/uploads\/2018\/04\/Malhada-dos-Bois-Foto-Fernando-Vin\u00edcius-4-180x120.jpg 180w, https:\/\/senoticias.com.br\/se\/wp-content\/uploads\/2018\/04\/Malhada-dos-Bois-Foto-Fernando-Vin\u00edcius-4-95x64.jpg 95w\" sizes=\"(max-width: 600px) 100vw, 600px\" \/><\/a><p id=\"caption-attachment-112120\" class=\"wp-caption-text\">Imagem da igreja de Malhada dos Bois. Foto: Fernando Vin\u00edcius<\/p><\/div>\n<p style=\"text-align: justify\"><span style=\"color: #000000\">A secret\u00e1ria informou que o motivo da agress\u00e3o foi a suspeita de que a aluno teria cometido furto e s\u00f3 deveria retornar \u00e0 escola acompanhada dos pais. No retorno, ela agrediu a diretora com v\u00e1rios chutes.<\/span><\/p>\n<p style=\"text-align: justify\"><span style=\"color: #000000\">Ap\u00f3s o crime, a aluno foi expulsa da escola e o caso foi encaminhado \u00e0 Delegacia de Malhada dos Bois.<\/span><\/p>\n<p>&nbsp;<\/p>\n<p><a href=\"https:\/\/senoticias.com.br\/se\/wp-content\/uploads\/2018\/04\/Logomarca-fone-SE-4-2-1.jpg\"><img loading=\"lazy\" decoding=\"async\" class=\"aligncenter wp-image-112080 size-full\" src=\"https:\/\/senoticias.com.br\/se\/wp-content\/uploads\/2018\/04\/Logomarca-fone-SE-4-2-1.jpg\" alt=\"\" width=\"599\" height=\"78\" srcset=\"https:\/\/senoticias.com.br\/se\/wp-content\/uploads\/2018\/04\/Logomarca-fone-SE-4-2-1.jpg 599w, https:\/\/senoticias.com.br\/se\/wp-content\/uploads\/2018\/04\/Logomarca-fone-SE-4-2-1-300x39.jpg 300w\" sizes=\"(max-width: 599px) 100vw, 599px\" \/><\/a><\/p>\n<p>Por G1 Sergipe<\/p>\n","protected":false},"excerpt":{"rendered":"<p>A\u00a0diretora da Escola Municipal Santa Maria, no munic\u00edpio de Malhada dos Bois, na Regi\u00e3o do Baixo S\u00e3o Francisco de Sergipe, foi agredida por uma aluna, a irm\u00e3 e a m\u00e3e da estudante. Segundo a secret\u00e1ria da educa\u00e7\u00e3o do munic\u00edpio, M\u00f4nica Almeida, o caso ocorreu na \u00faltima quarta-feira (4). A secret\u00e1ria informou que o motivo da [&hellip;]<\/p>\n","protected":false},"author":6553,"featured_media":0,"comment_status":"closed","ping_status":"closed","sticky":false,"template":"","format":"standard","meta":{"footnotes":""},"categories":[15,7],"tags":[9364,63,7278,4343,223,857],"class_list":{"0":"post-112119","1":"post","2":"type-post","3":"status-publish","4":"format-standard","6":"category-destaques","7":"category-policia","8":"tag-diretoria","9":"tag-escola","10":"tag-malhada-dos-bois","11":"tag-seguranca","12":"tag-sergipe","13":"tag-violencia"},"_links":{"self":[{"href":"https:\/\/senoticias.com.br\/se\/wp-json\/wp\/v2\/posts\/112119"}],"collection":[{"href":"https:\/\/senoticias.com.br\/se\/wp-json\/wp\/v2\/posts"}],"about":[{"href":"https:\/\/senoticias.com.br\/se\/wp-json\/wp\/v2\/types\/post"}],"author":[{"embeddable":true,"href":"https:\/\/senoticias.com.br\/se\/wp-json\/wp\/v2\/users\/6553"}],"replies":[{"embeddable":true,"href":"https:\/\/senoticias.com.br\/se\/wp-json\/wp\/v2\/comments?post=112119"}],"version-history":[{"count":0,"href":"https:\/\/senoticias.com.br\/se\/wp-json\/wp\/v2\/posts\/112119\/revisions"}],"wp:attachment":[{"href":"https:\/\/senoticias.com.br\/se\/wp-json\/wp\/v2\/media?parent=112119"}],"wp:term":[{"taxonomy":"category","embeddable":true,"href":"https:\/\/senoticias.com.br\/se\/wp-json\/wp\/v2\/categories?post=112119"},{"taxonomy":"post_tag","embeddable":true,"href":"https:\/\/senoticias.com.br\/se\/wp-json\/wp\/v2\/tags?post=112119"}],"curies":[{"name":"wp","href":"https:\/\/api.w.org\/{rel}","templated":true}]}}