{"id":112112,"date":"2018-04-09T15:50:06","date_gmt":"2018-04-09T18:50:06","guid":{"rendered":"https:\/\/senoticias.com.br\/se\/?p=112112"},"modified":"2018-04-09T15:50:06","modified_gmt":"2018-04-09T18:50:06","slug":"apos-prisao-de-lula-pf-muda-atendimento-para-emissao-de-passaporte-em-curitiba","status":"publish","type":"post","link":"https:\/\/senoticias.com.br\/se\/apos-prisao-de-lula-pf-muda-atendimento-para-emissao-de-passaporte-em-curitiba\/","title":{"rendered":"Ap\u00f3s pris\u00e3o de Lula, PF muda atendimento para emiss\u00e3o de passaporte em Curitiba"},"content":{"rendered":"<p style=\"text-align: justify\"><span style=\"color: #000000\">No primeiro dia \u00fatil ap\u00f3s a pris\u00e3o do ex-presidente Luiz In\u00e1cio Lula da Silva, o atendimento ao p\u00fablico na Superintend\u00eancia da Pol\u00edcia Federal (PF) em Curitiba foi alterado. Servi\u00e7os como a emiss\u00e3o de passaportes continuam, mas h\u00e1 um esquema especial de acesso ao pr\u00e9dio.<\/span><\/p>\n<p style=\"text-align: justify\"><span style=\"color: #000000\">Com as ruas bloqueadas, quem tem atendimento agendado deve comprovar o servi\u00e7o para passar pela interdi\u00e7\u00e3o da Pol\u00edcia Militar em um radio de 500 metros em torno da Superintend\u00eancia. Agora, como o acesso ao pr\u00e9dio da PF \u00e9 restrito, o p\u00fablico tem de esperar na parte externa, em fila, com o port\u00e3o fechado. O acesso \u00e9 liberado em grupos \u00e0 medida que outras pessoas deixam o pr\u00e9dio, onde Lula come\u00e7a a cumprir a pena de 12 anos e um m\u00eas de pris\u00e3o.<\/span><\/p>\n<div id=\"attachment_112113\" style=\"width: 609px\" class=\"wp-caption aligncenter\"><a href=\"https:\/\/senoticias.com.br\/se\/wp-content\/uploads\/2018\/04\/pol\u00edcia-federal-curitiba-e1523299707261.gif\"><img loading=\"lazy\" decoding=\"async\" aria-describedby=\"caption-attachment-112113\" class=\"wp-image-112113 size-full\" src=\"https:\/\/senoticias.com.br\/se\/wp-content\/uploads\/2018\/04\/pol\u00edcia-federal-curitiba-e1523299707261.gif\" alt=\"\" width=\"599\" height=\"326\" \/><\/a><p id=\"caption-attachment-112113\" class=\"wp-caption-text\">Foto: Reprodu\u00e7\u00e3o\/RICTV Curitiba<\/p><\/div>\n<p style=\"text-align: justify\"><span style=\"color: #000000\">A Pol\u00edcia Federal n\u00e3o divulga detalhes do esquema de atendimento para a obten\u00e7\u00e3o do passaporte nem at\u00e9 quando o atendimento ser\u00e1 assim, mas destaca que os servi\u00e7os n\u00e3o param.<\/span><\/p>\n<p style=\"text-align: justify\"><span style=\"color: #000000\">O administrador Leandro Oliveira este no pr\u00e9dio para obter o passaporte e contou que teve de deixar o carro distante, passar pelo acampamento dos manifestantes favor\u00e1veis ao ex-presidente e comprovar o agendamento para poder atravessar as barreiras policiais. Mesmo assim, ele avaliou a medida como positiva. \u201cFoi tudo tranquilo. \u00c9 quest\u00e3o de seguran\u00e7a, a gente entende. \u00c9 para cuidar do bem-estar de todos. N\u00f3s esperamos aqui fora do pr\u00e9dio e fomos liberados em grupo para entrar. Tamb\u00e9m para passar pelos manifestantes foi tranquilo\u201d, contou.<\/span><\/p>\n<p style=\"text-align: justify\"><span style=\"color: #000000\">Mas, para comerciantes do local, o esquema especial prejudicou as vendas. O dono de um estacionamento em frente ao pr\u00e9dio, que n\u00e3o quis se identificar, contou que em dias normais fatura por dia, em torno, de R$ 300 reais com o estacionamento que \u00e9 ocupado, principalmente, por carros de quem tem o agendamento para obter o passaporte. Mas, com o bloqueio policial, o estacionamento est\u00e1 vazio. Para conseguir lucrar, o dono do espa\u00e7o negocia com a imprensa e cobra di\u00e1rias para que carros de emissoras de televis\u00e3o estacionem.<\/span><\/p>\n<p style=\"text-align: justify\"><span style=\"color: #000000\">Tamb\u00e9m nesta segunda-feira (9), a prefeitura come\u00e7ou a negociar com os manifestantes acampados pr\u00f3ximos ao pr\u00e9dio uma destina\u00e7\u00e3o para o lixo produzido no local. A inten\u00e7\u00e3o \u00e9 evitar que res\u00edduos se acumulem no espa\u00e7o, que j\u00e1 tem barracas, tendas, colch\u00f5es, cozinha improvisada e alguns \u00f4nibus estacionados.<\/span><\/p>\n<p>&nbsp;<\/p>\n<p><a href=\"https:\/\/senoticias.com.br\/se\/wp-content\/uploads\/2018\/04\/Logomarca-fone-SE-4-2-1.jpg\"><img loading=\"lazy\" decoding=\"async\" class=\"aligncenter wp-image-112080 size-full\" src=\"https:\/\/senoticias.com.br\/se\/wp-content\/uploads\/2018\/04\/Logomarca-fone-SE-4-2-1.jpg\" alt=\"\" width=\"599\" height=\"78\" srcset=\"https:\/\/senoticias.com.br\/se\/wp-content\/uploads\/2018\/04\/Logomarca-fone-SE-4-2-1.jpg 599w, https:\/\/senoticias.com.br\/se\/wp-content\/uploads\/2018\/04\/Logomarca-fone-SE-4-2-1-300x39.jpg 300w\" sizes=\"(max-width: 599px) 100vw, 599px\" \/><\/a><\/p>\n<p>Por Ag\u00eancia Brasil<\/p>\n","protected":false},"excerpt":{"rendered":"<p>No primeiro dia \u00fatil ap\u00f3s a pris\u00e3o do ex-presidente Luiz In\u00e1cio Lula da Silva, o atendimento ao p\u00fablico na Superintend\u00eancia da Pol\u00edcia Federal (PF) em Curitiba foi alterado. Servi\u00e7os como a emiss\u00e3o de passaportes continuam, mas h\u00e1 um esquema especial de acesso ao pr\u00e9dio. Com as ruas bloqueadas, quem tem atendimento agendado deve comprovar o [&hellip;]<\/p>\n","protected":false},"author":6553,"featured_media":0,"comment_status":"closed","ping_status":"closed","sticky":false,"template":"","format":"standard","meta":{"footnotes":""},"categories":[15,2961],"tags":[3507,90,3018,4768,1947],"class_list":{"0":"post-112112","1":"post","2":"type-post","3":"status-publish","4":"format-standard","6":"category-destaques","7":"category-nacional","8":"tag-curitiba","9":"tag-lula","10":"tag-mudancas","11":"tag-passaporte","12":"tag-policia-federal"},"_links":{"self":[{"href":"https:\/\/senoticias.com.br\/se\/wp-json\/wp\/v2\/posts\/112112"}],"collection":[{"href":"https:\/\/senoticias.com.br\/se\/wp-json\/wp\/v2\/posts"}],"about":[{"href":"https:\/\/senoticias.com.br\/se\/wp-json\/wp\/v2\/types\/post"}],"author":[{"embeddable":true,"href":"https:\/\/senoticias.com.br\/se\/wp-json\/wp\/v2\/users\/6553"}],"replies":[{"embeddable":true,"href":"https:\/\/senoticias.com.br\/se\/wp-json\/wp\/v2\/comments?post=112112"}],"version-history":[{"count":0,"href":"https:\/\/senoticias.com.br\/se\/wp-json\/wp\/v2\/posts\/112112\/revisions"}],"wp:attachment":[{"href":"https:\/\/senoticias.com.br\/se\/wp-json\/wp\/v2\/media?parent=112112"}],"wp:term":[{"taxonomy":"category","embeddable":true,"href":"https:\/\/senoticias.com.br\/se\/wp-json\/wp\/v2\/categories?post=112112"},{"taxonomy":"post_tag","embeddable":true,"href":"https:\/\/senoticias.com.br\/se\/wp-json\/wp\/v2\/tags?post=112112"}],"curies":[{"name":"wp","href":"https:\/\/api.w.org\/{rel}","templated":true}]}}