{"id":112110,"date":"2018-04-09T14:29:13","date_gmt":"2018-04-09T17:29:13","guid":{"rendered":"https:\/\/senoticias.com.br\/se\/?p=112110"},"modified":"2018-04-09T14:29:13","modified_gmt":"2018-04-09T17:29:13","slug":"governador-cobra-definicao-de-data-para-funcionamento-do-centro-de-nefrologia","status":"publish","type":"post","link":"https:\/\/senoticias.com.br\/se\/governador-cobra-definicao-de-data-para-funcionamento-do-centro-de-nefrologia\/","title":{"rendered":"Governador cobra defini\u00e7\u00e3o de data para funcionamento do Centro de Nefrologia"},"content":{"rendered":"<p style=\"text-align: justify;\">O governador Belivaldo Chagas visitou, na manh\u00e3 desta segunda-feira (09), o Hospital de Urg\u00eancia de Sergipe(Huse) para verificar a situa\u00e7\u00e3o do Centro de Nefrologia. Belivaldo aproveitou para averiguar a situa\u00e7\u00e3o de outros setores do maior hospital p\u00fablico de Sergipe e cobrou melhorias, um servi\u00e7o mais humano no atendimento, assim como uma data especificar para o efetivo funcionamento da Nefrologia.<\/p>\n<div id=\"attachment_112111\" style=\"width: 609px\" class=\"wp-caption aligncenter\"><a href=\"https:\/\/senoticias.com.br\/se\/wp-content\/uploads\/2018\/04\/f819c4c388d1868d41b200292a06ca3e.jpeg\"><img loading=\"lazy\" decoding=\"async\" aria-describedby=\"caption-attachment-112111\" class=\"size-full wp-image-112111\" src=\"https:\/\/senoticias.com.br\/se\/wp-content\/uploads\/2018\/04\/f819c4c388d1868d41b200292a06ca3e-e1523294672379.jpeg\" alt=\"\" width=\"599\" height=\"442\" \/><\/a><p id=\"caption-attachment-112111\" class=\"wp-caption-text\">Belivaldo Chagas visitou diversos setores do Huse e buscar\u00e1 solu\u00e7\u00f5es para melhor atendimento na unidade\u00a0\u00a0(Jorge Henrique\/ASN)<\/p><\/div>\n<p style=\"text-align: justify;\">\u201cNa semana passada, tivemos dois eventos em um mesmo dia. Ap\u00f3s a inaugura\u00e7\u00e3o, a nova unidade de Radioterapia est\u00e1 funcionando bem, o que \u00e9 um grande servi\u00e7o prestado \u00e0 popula\u00e7\u00e3o com a reivindica\u00e7\u00e3o de muito tempo, na qual o governador Jackson Barreto e o secret\u00e1rio Almeida Lima fizeram de tudo para fazer acontecer e agora est\u00e1 acontecendo. No mesmo dia, houve a visita ao Centro de Nefrologia, que foi dado como inaugurado, mas,como constatei hoje in loco, ainda n\u00e3o est\u00e1 funcionando. Houve um equ\u00edvoco, pois quando fazemos a entrega, as pessoas entendem que o servi\u00e7o ser\u00e1 em seguida disponibilizado, o que \u00e9 normal. Por isso, naquela ocasi\u00e3o, se n\u00e3o estava pronto para funcionar, deveria ser tratado como visita e n\u00e3o inaugura\u00e7\u00e3o. O que quero agora \u00e9 uma data efetiva de quando vai come\u00e7ar a funcionar. Quero retornar aqui logo, n\u00e3o para inaugurar, mas para ver as pessoas sendo atendidas\u201d, afirmou Belivaldo Chagas.<\/p>\n<p style=\"text-align: justify;\">O chefe do Executivo estadual tamb\u00e9m visitou os outros setores do Huse.\u201cFui a diversos leitos e n\u00e3o gostei do que vi. Alguns podem at\u00e9 dizer que eu n\u00e3o tenho conhecimento de causa, que digam. Um paciente, por exemplo, aguardar tr\u00eas meses para marcar uma cirurgia, isso \u00e9 desumano. Fiquei chocado e n\u00e3o teria como n\u00e3o ficar, porque tenho cora\u00e7\u00e3o. Estou cansado de ouvir que isso ser\u00e1 resolvido e tudo continuar igual. Convocarei uma reuni\u00e3o com o secret\u00e1rio para que ele me explique porque n\u00f3s ainda estamos nessa situa\u00e7\u00e3o e saber o que est\u00e1 previsto para acabar com isso que eu vi aqui hoje. Hospital n\u00e3o \u00e9 hotel, os pacientes n\u00e3o podem passar tanto tempo aqui aguardando atendimento. Fiz quest\u00e3o de estar aqui para ver e sentir de perto. Claro que, em parte, entendemos, compreendemos que h\u00e1 um grande movimento e percebemos que h\u00e1 um alto n\u00famero de atendimentos m\u00e9dicos, ouvimos pessoas elogiando as refei\u00e7\u00f5es, que n\u00e3o falta medicamento em determinada \u00e1rea. Tamb\u00e9m precisamos exaltar o esfor\u00e7o dos servidores, a dedica\u00e7\u00e3o e o muito que \u00e9 feito aqui, a equipe do hospital tem dado tudo de si\u201d, desabafou o governador.<\/p>\n<p style=\"text-align: justify;\">Belivaldo reafirmou que a Sa\u00fade e a Seguran\u00e7a ser\u00e3o prioridades na sua gest\u00e3o. \u201cN\u00e3o vou me omitir, o pre\u00e7o da omiss\u00e3o \u00e9 alto. Retornarei ainda esta semana para verificar se as situa\u00e7\u00f5es mais urgentes foram providenciadas. E voltarei outras semanas, porque, desde o momento que assumi, disse que\u00a0tenho preocupa\u00e7\u00e3o do governo como um todo, mas a Sa\u00fade e a Seguran\u00e7a s\u00e3o prioridades. Pretendo saber o que pode ser feito. N\u00e3o estou dizendo que vou resolver, mas vou dar tudo de mim para fazer o melhor, assim que n\u00e3o pode continuar. Sei que os esfor\u00e7os s\u00e3o enormes e muito est\u00e1 sendo feito, mas quero acelerar. Prefiro acelerar os atendimentos dos hospitais do que as obras. Se est\u00e1 faltando recurso, paremos a obra e vamos atender as pessoas. Quero conhecer o relat\u00f3rio do secret\u00e1rio Almeida Lima, quais s\u00e3o as obras que est\u00e3o em andamento, quais s\u00e3o os custos , porque precisamos priorizar \u00e9 isso aqui, o atendimento\u201d.<\/p>\n<p style=\"text-align: justify;\">O governador ainda afirmou que buscar\u00e1 o esfor\u00e7o conjunto com os demais entes respons\u00e1veis pela assist\u00eancia na rede p\u00fablica. \u201cVamos chamar todos \u00e0 responsabilidade, porque nem tudo \u00e9 responsabilidade do Estado. H\u00e1 obriga\u00e7\u00f5es tamb\u00e9m dos munic\u00edpios, mas, independentemente disso, o Huse \u00e9 uma unidade porta aberta e o que quero \u00e9 diminuir o sofrimento dessas pessoas\u201d<\/p>\n<p style=\"text-align: justify;\">Segundo Belivaldo,\u00a0este \u00e9 seu jeito de trabalhar. \u201cEsse \u00e9 meu estilo, visitarei os \u00f3rg\u00e3os, secretarias e unidades\u00a0do Estado, foi assim quando fui secret\u00e1rio da Educa\u00e7\u00e3o, para verificar o que est\u00e1 acontecendo e buscar solu\u00e7\u00f5es. Tentar fazer o melhor poss\u00edvel,\u00a0o m\u00e1ximo poss\u00edvel\u201d.<\/p>\n<p style=\"text-align: justify;\">A visita foi acompanhada pela secret\u00e1ria interina da Casa Civil, Concei\u00e7\u00e3o Vieira, o secret\u00e1rio de Comunica\u00e7\u00e3o, Sales Neto, assim como, o superintendente do Huse, Luis Eduardo Prado, e outros servidores do hospital.<\/p>\n<p><a href=\"https:\/\/senoticias.com.br\/se\/wp-content\/uploads\/2018\/04\/Logomarca-fone-SE-4-2-1.jpg\"><img loading=\"lazy\" decoding=\"async\" class=\"aligncenter size-full wp-image-112080\" src=\"https:\/\/senoticias.com.br\/se\/wp-content\/uploads\/2018\/04\/Logomarca-fone-SE-4-2-1.jpg\" alt=\"\" width=\"599\" height=\"78\" srcset=\"https:\/\/senoticias.com.br\/se\/wp-content\/uploads\/2018\/04\/Logomarca-fone-SE-4-2-1.jpg 599w, https:\/\/senoticias.com.br\/se\/wp-content\/uploads\/2018\/04\/Logomarca-fone-SE-4-2-1-300x39.jpg 300w\" sizes=\"(max-width: 599px) 100vw, 599px\" \/><\/a><\/p>\n<p>&nbsp;<\/p>\n<p><em><strong>Acompanhe tamb\u00e9m o SE Not\u00edcias no<\/strong><span class=\"apple-converted-space\"><b>\u00a0<\/b><\/span><a href=\"https:\/\/twitter.com\/Senoticias\" target=\"_blank\" rel=\"noopener\"><b>Twitter<\/b><\/a><strong>,<\/strong><span class=\"apple-converted-space\"><b>\u00a0<\/b><\/span><a href=\"https:\/\/www.facebook.com\/senoticias1\" target=\"_blank\" rel=\"noopener\"><b>Facebook<\/b><span class=\"apple-converted-space\"><b>\u00a0<\/b><\/span><\/a><strong>e no<\/strong><span class=\"apple-converted-space\"><b>\u00a0<\/b><\/span><a href=\"https:\/\/www.instagram.com\/senoticias\/\" target=\"_blank\" rel=\"noopener\"><b>Instagram<\/b><\/a><\/em><\/p>\n<p><em>Ag\u00eancia Sergipe de Not\u00edcias<\/em><\/p>\n","protected":false},"excerpt":{"rendered":"<p>O governador Belivaldo Chagas visitou, na manh\u00e3 desta segunda-feira (09), o Hospital de Urg\u00eancia de Sergipe(Huse) para verificar a situa\u00e7\u00e3o do Centro de Nefrologia. Belivaldo aproveitou para averiguar a situa\u00e7\u00e3o de outros setores do maior hospital p\u00fablico de Sergipe e cobrou melhorias, um servi\u00e7o mais humano no atendimento, assim como uma data especificar para o [&hellip;]<\/p>\n","protected":false},"author":6552,"featured_media":112111,"comment_status":"closed","ping_status":"closed","sticky":false,"template":"","format":"standard","meta":{"footnotes":""},"categories":[6],"tags":[],"class_list":{"0":"post-112110","1":"post","2":"type-post","3":"status-publish","4":"format-standard","5":"has-post-thumbnail","7":"category-politica"},"_links":{"self":[{"href":"https:\/\/senoticias.com.br\/se\/wp-json\/wp\/v2\/posts\/112110"}],"collection":[{"href":"https:\/\/senoticias.com.br\/se\/wp-json\/wp\/v2\/posts"}],"about":[{"href":"https:\/\/senoticias.com.br\/se\/wp-json\/wp\/v2\/types\/post"}],"author":[{"embeddable":true,"href":"https:\/\/senoticias.com.br\/se\/wp-json\/wp\/v2\/users\/6552"}],"replies":[{"embeddable":true,"href":"https:\/\/senoticias.com.br\/se\/wp-json\/wp\/v2\/comments?post=112110"}],"version-history":[{"count":0,"href":"https:\/\/senoticias.com.br\/se\/wp-json\/wp\/v2\/posts\/112110\/revisions"}],"wp:featuredmedia":[{"embeddable":true,"href":"https:\/\/senoticias.com.br\/se\/wp-json\/wp\/v2\/media\/112111"}],"wp:attachment":[{"href":"https:\/\/senoticias.com.br\/se\/wp-json\/wp\/v2\/media?parent=112110"}],"wp:term":[{"taxonomy":"category","embeddable":true,"href":"https:\/\/senoticias.com.br\/se\/wp-json\/wp\/v2\/categories?post=112110"},{"taxonomy":"post_tag","embeddable":true,"href":"https:\/\/senoticias.com.br\/se\/wp-json\/wp\/v2\/tags?post=112110"}],"curies":[{"name":"wp","href":"https:\/\/api.w.org\/{rel}","templated":true}]}}