{"id":112107,"date":"2018-04-09T12:11:29","date_gmt":"2018-04-09T15:11:29","guid":{"rendered":"https:\/\/senoticias.com.br\/se\/?p=112107"},"modified":"2018-04-09T12:11:29","modified_gmt":"2018-04-09T15:11:29","slug":"corpo-de-guarda-municipal-morto-apos-assalto-e-sepultado-em-aracaju","status":"publish","type":"post","link":"https:\/\/senoticias.com.br\/se\/corpo-de-guarda-municipal-morto-apos-assalto-e-sepultado-em-aracaju\/","title":{"rendered":"Corpo de guarda municipal morto ap\u00f3s assalto \u00e9 sepultado em Aracaju"},"content":{"rendered":"<p style=\"text-align: justify;\">\nFoi sepultado na manh\u00e3 desta segunda-feira (9) o corpo do guarda municipal que foi morto ap\u00f3s um assalto na manh\u00e3 deste domingo (8) em Aracaju. O sepultamento aconteceu no Cemit\u00e9rio S\u00e3o Jo\u00e3o Batista, em Aracaju. O corpo foi enterrado com honrarias da guarda municipal.<\/p>\n<div id=\"attachment_112108\" style=\"width: 609px\" class=\"wp-caption aligncenter\"><a href=\"https:\/\/senoticias.com.br\/se\/wp-content\/uploads\/2018\/04\/Guarda-Municipal-SE-Noticias-e1523286557653.jpg\"><img loading=\"lazy\" decoding=\"async\" aria-describedby=\"caption-attachment-112108\" class=\"size-full wp-image-112108\" src=\"https:\/\/senoticias.com.br\/se\/wp-content\/uploads\/2018\/04\/Guarda-Municipal-SE-Noticias-e1523286557653.jpg\" alt=\"\" width=\"599\" height=\"375\" \/><\/a><p id=\"caption-attachment-112108\" class=\"wp-caption-text\">Familiares e amigos se despedem antes do sepultamento (Foto: Rafael Carvalho\/TV Sergipe)<\/p><\/div>\n<p style=\"text-align: justify;\">Segundo nota da Prefeitura de Aracaju, no momento do crime, o guarda estava a servi\u00e7o e as investiga\u00e7\u00f5es ir\u00e3o apontar se o crime ocorreu durante a tentativa de impedir um assalto ou se foi assassinado por ser reconhecido fardado no local. O agente tinha 49 anos e foi um dos fundadores da Guarda Municipal em Aracaju.<\/p>\n<p style=\"text-align: justify;\">De acordo com a Pol\u00edcia Militar, um dos suspeitos foi atingido pela pol\u00edcia ao resistir \u00e0 pris\u00e3o, chegou a ser levado para o Hospital de Urg\u00eancia de Sergipe (Huse), mas foi a \u00f3bito. Foi encontrado com ele a arma do crime. Uma segunda pessoa est\u00e1 presa, por suspeita de envolvimento. Segundo a assessoria de comunica\u00e7\u00e3o da Guarda Municipal de Aracaju, o terceiro suspeito de participar da morte do GM Paulo S\u00e9rio se entregou na madrugada desta segunda-feira (9).<\/p>\n<p><a href=\"https:\/\/senoticias.com.br\/se\/wp-content\/uploads\/2018\/04\/Logomarca-fone-SE-4-2-1.jpg\"><img loading=\"lazy\" decoding=\"async\" class=\"aligncenter size-full wp-image-112080\" src=\"https:\/\/senoticias.com.br\/se\/wp-content\/uploads\/2018\/04\/Logomarca-fone-SE-4-2-1.jpg\" alt=\"\" width=\"599\" height=\"78\" srcset=\"https:\/\/senoticias.com.br\/se\/wp-content\/uploads\/2018\/04\/Logomarca-fone-SE-4-2-1.jpg 599w, https:\/\/senoticias.com.br\/se\/wp-content\/uploads\/2018\/04\/Logomarca-fone-SE-4-2-1-300x39.jpg 300w\" sizes=\"(max-width: 599px) 100vw, 599px\" \/><\/a><\/p>\n<p>&nbsp;<\/p>\n<p><strong>Acompanhe tamb\u00e9m o SE Not\u00edcias no<\/strong><span class=\"apple-converted-space\"><b>\u00a0<\/b><\/span><a href=\"https:\/\/twitter.com\/Senoticias\" target=\"_blank\" rel=\"noopener\"><b>Twitter<\/b><\/a><strong>,<\/strong><span class=\"apple-converted-space\"><b>\u00a0<\/b><\/span><a href=\"https:\/\/www.facebook.com\/senoticias1\" target=\"_blank\" rel=\"noopener\"><b>Facebook<\/b><span class=\"apple-converted-space\"><b>\u00a0<\/b><\/span><\/a><strong>e no<\/strong><span class=\"apple-converted-space\"><b>\u00a0<\/b><\/span><a href=\"https:\/\/www.instagram.com\/senoticias\/\" target=\"_blank\" rel=\"noopener\"><b>Instagram<\/b><\/a><\/p>\n<p><em>Por <a href=\"https:\/\/g1.globo.com\/se\/sergipe\/noticia\/corpo-de-guarda-municipal-morto-apos-assalto-e-sepultado-em-aracaju.ghtml\">G1 SE<\/a><\/em><\/p>\n","protected":false},"excerpt":{"rendered":"<p>Foi sepultado na manh\u00e3 desta segunda-feira (9) o corpo do guarda municipal que foi morto ap\u00f3s um assalto na manh\u00e3 deste domingo (8) em Aracaju. O sepultamento aconteceu no Cemit\u00e9rio S\u00e3o Jo\u00e3o Batista, em Aracaju. O corpo foi enterrado com honrarias da guarda municipal. Segundo nota da Prefeitura de Aracaju, no momento do crime, o [&hellip;]<\/p>\n","protected":false},"author":6552,"featured_media":112108,"comment_status":"closed","ping_status":"closed","sticky":false,"template":"","format":"standard","meta":{"footnotes":""},"categories":[15,7],"tags":[9360,9359,5878,213],"class_list":{"0":"post-112107","1":"post","2":"type-post","3":"status-publish","4":"format-standard","5":"has-post-thumbnail","7":"category-destaques","8":"category-policia","9":"tag-cemiterio-sao-joao-batista","10":"tag-guarda-municipal-em-aracaju","11":"tag-hospital-de-urgencia-de-sergipe","12":"tag-prefeitura-de-aracaju"},"_links":{"self":[{"href":"https:\/\/senoticias.com.br\/se\/wp-json\/wp\/v2\/posts\/112107"}],"collection":[{"href":"https:\/\/senoticias.com.br\/se\/wp-json\/wp\/v2\/posts"}],"about":[{"href":"https:\/\/senoticias.com.br\/se\/wp-json\/wp\/v2\/types\/post"}],"author":[{"embeddable":true,"href":"https:\/\/senoticias.com.br\/se\/wp-json\/wp\/v2\/users\/6552"}],"replies":[{"embeddable":true,"href":"https:\/\/senoticias.com.br\/se\/wp-json\/wp\/v2\/comments?post=112107"}],"version-history":[{"count":0,"href":"https:\/\/senoticias.com.br\/se\/wp-json\/wp\/v2\/posts\/112107\/revisions"}],"wp:featuredmedia":[{"embeddable":true,"href":"https:\/\/senoticias.com.br\/se\/wp-json\/wp\/v2\/media\/112108"}],"wp:attachment":[{"href":"https:\/\/senoticias.com.br\/se\/wp-json\/wp\/v2\/media?parent=112107"}],"wp:term":[{"taxonomy":"category","embeddable":true,"href":"https:\/\/senoticias.com.br\/se\/wp-json\/wp\/v2\/categories?post=112107"},{"taxonomy":"post_tag","embeddable":true,"href":"https:\/\/senoticias.com.br\/se\/wp-json\/wp\/v2\/tags?post=112107"}],"curies":[{"name":"wp","href":"https:\/\/api.w.org\/{rel}","templated":true}]}}