{"id":112095,"date":"2018-04-08T18:15:53","date_gmt":"2018-04-08T21:15:53","guid":{"rendered":"https:\/\/senoticias.com.br\/se\/?p=112095"},"modified":"2018-04-08T18:42:16","modified_gmt":"2018-04-08T21:42:16","slug":"botafogo-e-campeao-carioca-de-2018","status":"publish","type":"post","link":"https:\/\/senoticias.com.br\/se\/botafogo-e-campeao-carioca-de-2018\/","title":{"rendered":"Botafogo conquista o Campeonato Carioca nos p\u00eanaltis contra o Vasco"},"content":{"rendered":"<p class=\"texto\" style=\"text-align: justify;\">Pela 21\u00aa vez, o Botafogo se sagrou campe\u00e3o do Carioca. E foi de uma forma muito emocionante. Os grandes personagens da vit\u00f3ria foram gringos. Ap\u00f3s conquistar a vit\u00f3ria no tempo normal com um gol do argentino Carli, nos acr\u00e9scimos, o paraguaio Gatito Fern\u00e1ndez foi o her\u00f3i alvinegro ao defender duas penalidades.<\/p>\n<div id=\"attachment_112097\" style=\"width: 609px\" class=\"wp-caption aligncenter\"><a href=\"https:\/\/senoticias.com.br\/se\/wp-content\/uploads\/2018\/04\/27452390338_f06ba63ca1_o-1024x683-e1523223287492.jpg\"><img loading=\"lazy\" decoding=\"async\" aria-describedby=\"caption-attachment-112097\" class=\"size-full wp-image-112097\" src=\"https:\/\/senoticias.com.br\/se\/wp-content\/uploads\/2018\/04\/27452390338_f06ba63ca1_o-1024x683-e1523223287492.jpg\" alt=\"\" width=\"599\" height=\"400\" \/><\/a><p id=\"caption-attachment-112097\" class=\"wp-caption-text\">Botafogo derrota Vasco e \u00e9 campe\u00e3o Carioca (Foto: Paulo Fernandes\/Vasco.com.br)<\/p><\/div>\n<p class=\"texto\" style=\"text-align: justify;\">No tempo normal, o Botafogo teve a vantagem num\u00e9rica sobre praticamente toda a partida. Fabr\u00edcio foi expulso na primeira etapa. No entanto, apenas quando perdeu Leo Valencia, que recebeu o segundo amarelo, o Glorioso conseguiu o seu gol. Carli marcou aos 49 minutos do segundo tempo e levou a decis\u00e3o para os p\u00eanaltis.<\/p>\n<p class=\"texto\" style=\"text-align: justify;\">Nas cobran\u00e7as de p\u00eanalti, Brenner come\u00e7ou cobrando e colocou o Botafogo na frente. Wagner foi para a bola e encheu o p\u00e9, deixando tudo igual no Maracan\u00e3. Segundo jogador alvinegra a cobrar, Pimp\u00e3o foi para a bola e cobrou, mas Mart\u00edn Silva apareceu para defender. Rios foi para a bola, cobrou no mesmo canto de Gatito, mas converteu. Terceiro a bater, Gilson bateu forte, Mart\u00edn foi na bola, mas ela acabou entrando. Terceiro cobrador do Vasco, Werley foi para a bola e bateu, Gatito defendeu, empatando o jogo. Marcinho foi o quarto a cobrar e converteu, recolocando o Glorioso em vantagem. Pressionado, Yago Pikachu foi para a bola e deslocou o goleiro Gatito, deixando tudo igual novamente. Renatinho foi o quinto a cobrar e com paradinha, converteu para o Botafogo. Henrique foi para a bola e acabou perdendo, dando t\u00edtulo ao Botafogo.<\/p>\n<p style=\"text-align: justify;\">O Botafogo volta a ser campe\u00e3o carioca depois de cinco anos e agora acumula 21 t\u00edtulos da competi\u00e7\u00e3o. Com 34, o Flamengo \u00e9 o maior vencedor, seguido por Fluminense (31) e Vasco (24)<\/p>\n<p class=\"selectionShareable\"><strong>FICHA T\u00c9CNICA<\/strong><br \/>\nVASCO 0(3) X(4) 1 BOTAFOGO<\/p>\n<p class=\"selectionShareable\" style=\"text-align: justify;\"><strong>Local:<\/strong>\u00a0Maracan\u00e3, no Rio de Janeiro (RJ)<br \/>\n<strong>Data:<\/strong>\u00a08 de abril de 2018 (Domingo)<br \/>\n<strong>Hor\u00e1rio:<\/strong>\u00a016h (de Bras\u00edlia)<br \/>\n<strong>P\u00fablico:<\/strong>\u00a058.135 pagantes<br \/>\n<strong>\u00c1rbitro:<\/strong>\u00a0Wagner do Nascimento Magalh\u00e3es (RJ)<br \/>\n<strong>Assistentes:<\/strong>\u00a0Rodrigo Henrique Corr\u00eaa (RJ) e Thiago Corr\u00eaa Farinha (RJ)<br \/>\n<strong>Cart\u00e3o Amarelo:<\/strong>\u00a0Paul\u00e3o, Des\u00e1bato, Werley(Vas); Marcelo, Rodrigo Pimp\u00e3o(Bota)<br \/>\n<strong>Cart\u00e3o Vermelho:<\/strong>\u00a0Fabricio(Vas); Leo Valencia(Bota)<br \/>\n<strong>Gol:<\/strong><br \/>\n<strong>BOTAFOGO:<\/strong>\u00a0Joel Carli, aos 49 minutos do segundo tempo<\/p>\n<p class=\"selectionShareable\" style=\"text-align: justify;\"><strong>VASCO:<\/strong>\u00a0Mart\u00edn Silva, Rafael Galhardo(Werley), Paul\u00e3o, Erazo e Fabr\u00edcio; Leandro Des\u00e1bato, Evander(Andr\u00e9s Rios), Yago Pikachu, W\u00e1gner e Henrique; Riascos(Ricardo)<br \/>\n<strong>T\u00e9cnico:<\/strong>\u00a0Z\u00e9 Ricardo<\/p>\n<p class=\"selectionShareable\" style=\"text-align: justify;\"><strong>BOTAFOGO:<\/strong>\u00a0Gatito Fern\u00e1ndez, Marcinho, Joel Carli, Igor Rabello e Mois\u00e9s; Marcelo, Matheus Fernandes, Luiz Fernando(Rodrigo Pimp\u00e3o), Leo Valencia e Renatinho; Brenner<br \/>\n<strong>T\u00e9cnico:<\/strong>\u00a0Alberto Valentim<\/p>\n<p><em>Com informa\u00e7\u00f5es do Globo Esporte e Gazeta Esportiva<\/em><\/p>\n<p>&nbsp;<\/p>\n<p><em><strong>Acompanhe tamb\u00e9m o SE Not\u00edcias no<\/strong><strong>\u00a0<\/strong><a href=\"https:\/\/twitter.com\/Senoticias\"><strong>Twitter<\/strong><\/a><strong>,<\/strong><strong>\u00a0<\/strong><a href=\"https:\/\/www.facebook.com\/senoticias1\"><strong>Facebook<\/strong><strong>\u00a0<\/strong><\/a><strong>e no<\/strong><strong>\u00a0<\/strong><a href=\"https:\/\/www.instagram.com\/senoticias\/\"><strong>Instagram<\/strong><\/a><\/em><\/p>\n<p>&nbsp;<\/p>\n<p><a href=\"https:\/\/senoticias.com.br\/se\/wp-content\/uploads\/2018\/04\/Logomarca-fone-SE-4-2-1.jpg\"><img loading=\"lazy\" decoding=\"async\" class=\"aligncenter size-full wp-image-112080\" src=\"https:\/\/senoticias.com.br\/se\/wp-content\/uploads\/2018\/04\/Logomarca-fone-SE-4-2-1.jpg\" alt=\"\" width=\"599\" height=\"78\" srcset=\"https:\/\/senoticias.com.br\/se\/wp-content\/uploads\/2018\/04\/Logomarca-fone-SE-4-2-1.jpg 599w, https:\/\/senoticias.com.br\/se\/wp-content\/uploads\/2018\/04\/Logomarca-fone-SE-4-2-1-300x39.jpg 300w\" sizes=\"(max-width: 599px) 100vw, 599px\" \/><\/a><\/p>\n<p>&nbsp;<\/p>\n<p>&nbsp;<\/p>\n<p>&nbsp;<\/p>\n","protected":false},"excerpt":{"rendered":"<p>Pela 21\u00aa vez, o Botafogo se sagrou campe\u00e3o do Carioca. E foi de uma forma muito emocionante. Os grandes personagens da vit\u00f3ria foram gringos. Ap\u00f3s conquistar a vit\u00f3ria no tempo normal com um gol do argentino Carli, nos acr\u00e9scimos, o paraguaio Gatito Fern\u00e1ndez foi o her\u00f3i alvinegro ao defender duas penalidades. No tempo normal, o [&hellip;]<\/p>\n","protected":false},"author":6552,"featured_media":112097,"comment_status":"closed","ping_status":"closed","sticky":false,"template":"","format":"standard","meta":{"footnotes":""},"categories":[15,26],"tags":[9352,9351,3418,9261,9350],"class_list":{"0":"post-112095","1":"post","2":"type-post","3":"status-publish","4":"format-standard","5":"has-post-thumbnail","7":"category-destaques","8":"category-esportes","9":"tag-botafogo-campeao","10":"tag-campeao-carioca-2018","11":"tag-campeonato","12":"tag-campeonato-carioca-2018","13":"tag-futebol-carioca"},"_links":{"self":[{"href":"https:\/\/senoticias.com.br\/se\/wp-json\/wp\/v2\/posts\/112095"}],"collection":[{"href":"https:\/\/senoticias.com.br\/se\/wp-json\/wp\/v2\/posts"}],"about":[{"href":"https:\/\/senoticias.com.br\/se\/wp-json\/wp\/v2\/types\/post"}],"author":[{"embeddable":true,"href":"https:\/\/senoticias.com.br\/se\/wp-json\/wp\/v2\/users\/6552"}],"replies":[{"embeddable":true,"href":"https:\/\/senoticias.com.br\/se\/wp-json\/wp\/v2\/comments?post=112095"}],"version-history":[{"count":0,"href":"https:\/\/senoticias.com.br\/se\/wp-json\/wp\/v2\/posts\/112095\/revisions"}],"wp:featuredmedia":[{"embeddable":true,"href":"https:\/\/senoticias.com.br\/se\/wp-json\/wp\/v2\/media\/112097"}],"wp:attachment":[{"href":"https:\/\/senoticias.com.br\/se\/wp-json\/wp\/v2\/media?parent=112095"}],"wp:term":[{"taxonomy":"category","embeddable":true,"href":"https:\/\/senoticias.com.br\/se\/wp-json\/wp\/v2\/categories?post=112095"},{"taxonomy":"post_tag","embeddable":true,"href":"https:\/\/senoticias.com.br\/se\/wp-json\/wp\/v2\/tags?post=112095"}],"curies":[{"name":"wp","href":"https:\/\/api.w.org\/{rel}","templated":true}]}}