{"id":112093,"date":"2018-04-08T15:04:32","date_gmt":"2018-04-08T18:04:32","guid":{"rendered":"https:\/\/senoticias.com.br\/se\/?p=112093"},"modified":"2018-04-09T12:17:40","modified_gmt":"2018-04-09T15:17:40","slug":"guarda-municipal-e-assassinado-no-mercado-central-de-aracaju","status":"publish","type":"post","link":"https:\/\/senoticias.com.br\/se\/guarda-municipal-e-assassinado-no-mercado-central-de-aracaju\/","title":{"rendered":"Guarda Municipal \u00e9 assassinado no Mercado Central de Aracaju"},"content":{"rendered":"<p>&nbsp;<\/p>\n<p style=\"text-align: justify;\">Por volta das 9h da manh\u00e3 deste domingo, 8, o Estado de Sergipe registrou mais um crime contra um agente da seguran\u00e7a p\u00fablica. Desta vez, em Aracaju.<\/p>\n<div id=\"attachment_112094\" style=\"width: 609px\" class=\"wp-caption aligncenter\"><a href=\"https:\/\/senoticias.com.br\/se\/wp-content\/uploads\/2018\/04\/WhatsApp-Image-2018-04-08-at-14.16.18-e1523210094521.jpeg\"><img loading=\"lazy\" decoding=\"async\" aria-describedby=\"caption-attachment-112094\" class=\"size-full wp-image-112094\" src=\"https:\/\/senoticias.com.br\/se\/wp-content\/uploads\/2018\/04\/WhatsApp-Image-2018-04-08-at-14.16.18-e1523210094521.jpeg\" alt=\"\" width=\"599\" height=\"433\" \/><\/a><p id=\"caption-attachment-112094\" class=\"wp-caption-text\">Paulo S\u00e9rgio foi atingido por dois tiros de pistola que teriam sido disparados por dois homens (foto montagem: GMA)<\/p><\/div>\n<p style=\"text-align: justify;\">Identificado como Paulo S\u00e9rgio, 50 anos, o agente da Guarda Municipal foi assassinado a tiros em frente ao Mercado Central da capital sergipana. Ele chegou a ser socorrido, mas n\u00e3o resistiu aos ferimentos.<\/p>\n<p style=\"text-align: justify;\">Segundo populares, dois homens armados, que roubaram uma motocicleta modelo Yamaha Bross pertencem \u00e0 v\u00edtima e fugiram logo ap\u00f3s a a\u00e7\u00e3o, teriam sido os respons\u00e1veis pela execu\u00e7\u00e3o do crime.<\/p>\n<p style=\"text-align: justify;\">Por volta das 12h30 um dos suspeitos foi preso. Ele estava escondido no antigo pr\u00e9dio da Defesa Civil, situado \u00e0 Rua S\u00e3o Crist\u00f3v\u00e3o, Centro da cidade.\u00a0 Paulo S\u00e9rgio deixa esposa e quatro filhos.<\/p>\n<p>&nbsp;<\/p>\n<p><a href=\"https:\/\/senoticias.com.br\/se\/wp-content\/uploads\/2018\/04\/Logomarca-fone-SE-4-2-1.jpg\"><img loading=\"lazy\" decoding=\"async\" class=\"aligncenter size-full wp-image-112080\" src=\"https:\/\/senoticias.com.br\/se\/wp-content\/uploads\/2018\/04\/Logomarca-fone-SE-4-2-1.jpg\" alt=\"\" width=\"599\" height=\"78\" srcset=\"https:\/\/senoticias.com.br\/se\/wp-content\/uploads\/2018\/04\/Logomarca-fone-SE-4-2-1.jpg 599w, https:\/\/senoticias.com.br\/se\/wp-content\/uploads\/2018\/04\/Logomarca-fone-SE-4-2-1-300x39.jpg 300w\" sizes=\"(max-width: 599px) 100vw, 599px\" \/><\/a><\/p>\n<p>&nbsp;<\/p>\n<p><em><strong>Acompanhe tamb\u00e9m o SE Not\u00edcias no<\/strong><span class=\"apple-converted-space\"><b>\u00a0<\/b><\/span><a href=\"https:\/\/twitter.com\/Senoticias\" target=\"_blank\" rel=\"noopener\"><b>Twitter<\/b><\/a><strong>,<\/strong><span class=\"apple-converted-space\"><b>\u00a0<\/b><\/span><a href=\"https:\/\/www.facebook.com\/senoticias1\" target=\"_blank\" rel=\"noopener\"><b>Facebook<\/b><span class=\"apple-converted-space\"><b>\u00a0<\/b><\/span><\/a><strong>e no<\/strong><span class=\"apple-converted-space\"><b>\u00a0<\/b><\/span><a href=\"https:\/\/www.instagram.com\/senoticias\/\" target=\"_blank\" rel=\"noopener\"><b>Instagram<\/b><\/a><\/em><\/p>\n<p><em>Com informa\u00e7\u00f5es da Xod\u00f3 News<\/em><\/p>\n","protected":false},"excerpt":{"rendered":"<p>&nbsp; Por volta das 9h da manh\u00e3 deste domingo, 8, o Estado de Sergipe registrou mais um crime contra um agente da seguran\u00e7a p\u00fablica. Desta vez, em Aracaju. Identificado como Paulo S\u00e9rgio, 50 anos, o agente da Guarda Municipal foi assassinado a tiros em frente ao Mercado Central da capital sergipana. Ele chegou a ser [&hellip;]<\/p>\n","protected":false},"author":6552,"featured_media":112094,"comment_status":"closed","ping_status":"closed","sticky":false,"template":"","format":"standard","meta":{"footnotes":""},"categories":[7],"tags":[9348,8401,9349],"class_list":{"0":"post-112093","1":"post","2":"type-post","3":"status-publish","4":"format-standard","5":"has-post-thumbnail","7":"category-policia","8":"tag-guarda-assassinado","9":"tag-guarda-municipal","10":"tag-mercado-central"},"_links":{"self":[{"href":"https:\/\/senoticias.com.br\/se\/wp-json\/wp\/v2\/posts\/112093"}],"collection":[{"href":"https:\/\/senoticias.com.br\/se\/wp-json\/wp\/v2\/posts"}],"about":[{"href":"https:\/\/senoticias.com.br\/se\/wp-json\/wp\/v2\/types\/post"}],"author":[{"embeddable":true,"href":"https:\/\/senoticias.com.br\/se\/wp-json\/wp\/v2\/users\/6552"}],"replies":[{"embeddable":true,"href":"https:\/\/senoticias.com.br\/se\/wp-json\/wp\/v2\/comments?post=112093"}],"version-history":[{"count":0,"href":"https:\/\/senoticias.com.br\/se\/wp-json\/wp\/v2\/posts\/112093\/revisions"}],"wp:featuredmedia":[{"embeddable":true,"href":"https:\/\/senoticias.com.br\/se\/wp-json\/wp\/v2\/media\/112094"}],"wp:attachment":[{"href":"https:\/\/senoticias.com.br\/se\/wp-json\/wp\/v2\/media?parent=112093"}],"wp:term":[{"taxonomy":"category","embeddable":true,"href":"https:\/\/senoticias.com.br\/se\/wp-json\/wp\/v2\/categories?post=112093"},{"taxonomy":"post_tag","embeddable":true,"href":"https:\/\/senoticias.com.br\/se\/wp-json\/wp\/v2\/tags?post=112093"}],"curies":[{"name":"wp","href":"https:\/\/api.w.org\/{rel}","templated":true}]}}