{"id":112087,"date":"2018-04-08T12:57:03","date_gmt":"2018-04-08T15:57:03","guid":{"rendered":"https:\/\/senoticias.com.br\/se\/?p=112087"},"modified":"2018-04-08T14:16:02","modified_gmt":"2018-04-08T17:16:02","slug":"suspeitos-de-balear-pm-em-assalto-a-onibus-morrem-em-troca-tiros-com-a-policia","status":"publish","type":"post","link":"https:\/\/senoticias.com.br\/se\/suspeitos-de-balear-pm-em-assalto-a-onibus-morrem-em-troca-tiros-com-a-policia\/","title":{"rendered":"Suspeitos de balear PM em assalto a \u00f4nibus morrem em troca tiros com a pol\u00edcia"},"content":{"rendered":"<p style=\"text-align: justify\">Os dois suspeitos de balear um policial militar ap\u00f3s reagir a um assalto dentro de um \u00f4nibus de transporte coletivo em Aracaju foram mortos ap\u00f3s troca de tiros com a pol\u00edcia na tarde deste s\u00e1bado (7).<\/p>\n<div id=\"attachment_94621\" style=\"width: 606px\" class=\"wp-caption aligncenter\"><a href=\"https:\/\/senoticias.com.br\/se\/wp-content\/uploads\/2016\/07\/tirosd-e1469569056662.jpg\"><img loading=\"lazy\" decoding=\"async\" aria-describedby=\"caption-attachment-94621\" class=\"size-full wp-image-94621\" src=\"https:\/\/senoticias.com.br\/se\/wp-content\/uploads\/2016\/07\/tirosd-e1469569056662.jpg\" alt=\"\" width=\"596\" height=\"317\" \/><\/a><p id=\"caption-attachment-94621\" class=\"wp-caption-text\">imagem ilustrativa<\/p><\/div>\n<p style=\"text-align: justify\">Segundo informa\u00e7\u00f5es do comandante de policiamento da capital, Vivaldy Cabral, a pol\u00edcia realizava buscas quando conseguiu localizar os suspeitos em uma resid\u00eancia no Bairro S\u00e3o Carlos, Zona Norte de Aracaju. Ao serem abordados reagiram e iniciou-se uma troca de tiros. Os dois homens ficaram feridos e foram levados ao Hospital de Urg\u00eancias de Sergipe (Huse), mas n\u00e3o resistiram ao ferimentos e foram a \u00f3bito. A arma do policial, que havia sido roubada pelos homens, foi recuperada.<\/p>\n<p style=\"text-align: justify\">De acordo com a pol\u00edcia os infratores s\u00e3o os ex-presidi\u00e1rios . A Pol\u00edcia Civil prossegue com as investiga\u00e7\u00f5es para identificar e prender outros indiv\u00edduos envolvidos na tentativa de latroc\u00ednio.<\/p>\n<p style=\"text-align: justify\">Segundo a assessoria de comunica\u00e7\u00e3o da PM, o cabo da pol\u00edcia segue em estado est\u00e1vel.<\/p>\n<p style=\"text-align: justify\">Do G1 SE.<\/p>\n<p style=\"line-height: 14.25pt;text-align: justify\"><strong><span style=\"font-size: 10.0pt;font-family: 'Georgia','serif';color: #333333\">Acompanhe tamb\u00e9m o SE Not\u00edcias no<\/span><\/strong><span class=\"apple-converted-space\"><b><span style=\"font-size: 10.0pt;font-family: 'Georgia','serif';color: #333333\">\u00a0<\/span><\/b><\/span><a href=\"https:\/\/twitter.com\/Senoticias\" target=\"_blank\" rel=\"noopener\"><b><span style=\"font-size: 10.0pt;font-family: 'Georgia','serif'\">Twitter<\/span><\/b><\/a><strong><span style=\"font-size: 10.0pt;font-family: 'Georgia','serif';color: #333333\">,<\/span><\/strong><span class=\"apple-converted-space\"><b><span style=\"font-size: 10.0pt;font-family: 'Georgia','serif';color: #333333\">\u00a0<\/span><\/b><\/span><a href=\"https:\/\/www.facebook.com\/senoticias1\" target=\"_blank\" rel=\"noopener\"><b><span style=\"font-size: 10.0pt;font-family: 'Georgia','serif'\">Facebook<\/span><\/b><span class=\"apple-converted-space\"><b><span style=\"font-size: 10.0pt;font-family: 'Georgia','serif';color: windowtext;text-decoration: none\">\u00a0<\/span><\/b><\/span><\/a><strong><span style=\"font-size: 10.0pt;font-family: 'Georgia','serif';color: #333333\">e no<\/span><\/strong><span class=\"apple-converted-space\"><b><span style=\"font-size: 10.0pt;font-family: 'Georgia','serif';color: #333333\">\u00a0<\/span><\/b><\/span><a href=\"https:\/\/www.instagram.com\/senoticias\/\" target=\"_blank\" rel=\"noopener\"><b><span style=\"font-size: 10.0pt;font-family: 'Georgia','serif'\">Instagram<\/span><\/b><\/a><strong><span style=\"font-size: 10.0pt;font-family: 'Georgia','serif';color: #333333\">.<\/span><\/strong><\/p>\n<p><a href=\"https:\/\/senoticias.com.br\/se\/wp-content\/uploads\/2018\/04\/Logomarca-fone-SE-4-2-1.jpg\"><img loading=\"lazy\" decoding=\"async\" class=\"aligncenter size-full wp-image-112080\" src=\"https:\/\/senoticias.com.br\/se\/wp-content\/uploads\/2018\/04\/Logomarca-fone-SE-4-2-1.jpg\" alt=\"\" width=\"599\" height=\"78\" srcset=\"https:\/\/senoticias.com.br\/se\/wp-content\/uploads\/2018\/04\/Logomarca-fone-SE-4-2-1.jpg 599w, https:\/\/senoticias.com.br\/se\/wp-content\/uploads\/2018\/04\/Logomarca-fone-SE-4-2-1-300x39.jpg 300w\" sizes=\"(max-width: 599px) 100vw, 599px\" \/><\/a><\/p>\n","protected":false},"excerpt":{"rendered":"<p>Os dois suspeitos de balear um policial militar ap\u00f3s reagir a um assalto dentro de um \u00f4nibus de transporte coletivo em Aracaju foram mortos ap\u00f3s troca de tiros com a pol\u00edcia na tarde deste s\u00e1bado (7). Segundo informa\u00e7\u00f5es do comandante de policiamento da capital, Vivaldy Cabral, a pol\u00edcia realizava buscas quando conseguiu localizar os suspeitos [&hellip;]<\/p>\n","protected":false},"author":6554,"featured_media":94621,"comment_status":"closed","ping_status":"closed","sticky":false,"template":"","format":"standard","meta":{"footnotes":""},"categories":[7],"tags":[9346],"class_list":{"0":"post-112087","1":"post","2":"type-post","3":"status-publish","4":"format-standard","5":"has-post-thumbnail","7":"category-policia","8":"tag-suspeitos-de-balear-pm-em-assalto-a-onibus-morrem-em-troca-tiros-com-a-policia"},"_links":{"self":[{"href":"https:\/\/senoticias.com.br\/se\/wp-json\/wp\/v2\/posts\/112087"}],"collection":[{"href":"https:\/\/senoticias.com.br\/se\/wp-json\/wp\/v2\/posts"}],"about":[{"href":"https:\/\/senoticias.com.br\/se\/wp-json\/wp\/v2\/types\/post"}],"author":[{"embeddable":true,"href":"https:\/\/senoticias.com.br\/se\/wp-json\/wp\/v2\/users\/6554"}],"replies":[{"embeddable":true,"href":"https:\/\/senoticias.com.br\/se\/wp-json\/wp\/v2\/comments?post=112087"}],"version-history":[{"count":0,"href":"https:\/\/senoticias.com.br\/se\/wp-json\/wp\/v2\/posts\/112087\/revisions"}],"wp:featuredmedia":[{"embeddable":true,"href":"https:\/\/senoticias.com.br\/se\/wp-json\/wp\/v2\/media\/94621"}],"wp:attachment":[{"href":"https:\/\/senoticias.com.br\/se\/wp-json\/wp\/v2\/media?parent=112087"}],"wp:term":[{"taxonomy":"category","embeddable":true,"href":"https:\/\/senoticias.com.br\/se\/wp-json\/wp\/v2\/categories?post=112087"},{"taxonomy":"post_tag","embeddable":true,"href":"https:\/\/senoticias.com.br\/se\/wp-json\/wp\/v2\/tags?post=112087"}],"curies":[{"name":"wp","href":"https:\/\/api.w.org\/{rel}","templated":true}]}}