{"id":112086,"date":"2018-04-08T12:31:34","date_gmt":"2018-04-08T15:31:34","guid":{"rendered":"https:\/\/senoticias.com.br\/se\/?p=112086"},"modified":"2018-04-08T12:31:34","modified_gmt":"2018-04-08T15:31:34","slug":"homem-suspeito-de-matar-mae-a-pauladas-e-preso-em-carira","status":"publish","type":"post","link":"https:\/\/senoticias.com.br\/se\/homem-suspeito-de-matar-mae-a-pauladas-e-preso-em-carira\/","title":{"rendered":"Homem suspeito de matar m\u00e3e a pauladas \u00e9 preso em Carira"},"content":{"rendered":"<p style=\"text-align: justify\">Foi preso no final da tarde deste s\u00e1bado (7) um homem suspeito de matar a m\u00e3e a pauladas no Povoado Maravilha, munic\u00edpio de Carira, distante 112 quil\u00f4metros de Aracaju (SE).<\/p>\n<div id=\"attachment_103971\" style=\"width: 609px\" class=\"wp-caption aligncenter\"><a href=\"https:\/\/senoticias.com.br\/se\/wp-content\/uploads\/2017\/06\/policia-e1497297514771.jpg\"><img loading=\"lazy\" decoding=\"async\" aria-describedby=\"caption-attachment-103971\" class=\"size-full wp-image-103971\" src=\"https:\/\/senoticias.com.br\/se\/wp-content\/uploads\/2017\/06\/policia-e1497297514771.jpg\" alt=\"\" width=\"599\" height=\"399\" \/><\/a><p id=\"caption-attachment-103971\" class=\"wp-caption-text\">Foto: SSP<\/p><\/div>\n<p style=\"text-align: justify\">Segundo informa\u00e7\u00f5es da PM, ap\u00f3s den\u00fancias an\u00f4nimas a pol\u00edcia recebeu a informa\u00e7\u00e3o de que o suspeito estaria escondido em uma casa no mesmo povoado onde o crime foi cometido. Ao realizar a verifica\u00e7\u00e3o, ele foi encontrado e preso.<\/p>\n<p style=\"text-align: justify\">Ele foi encaminhado para a Delegacia Regional de Itabaiana.<\/p>\n<p style=\"text-align: justify\">Do G1 SE.<\/p>\n<p style=\"line-height: 14.25pt\"><strong><span style=\"font-size: 10.0pt;font-family: 'Georgia','serif';color: #333333\">Acompanhe tamb\u00e9m o SE Not\u00edcias no<\/span><\/strong><span class=\"apple-converted-space\"><b><span style=\"font-size: 10.0pt;font-family: 'Georgia','serif';color: #333333\">\u00a0<\/span><\/b><\/span><a href=\"https:\/\/twitter.com\/Senoticias\" target=\"_blank\" rel=\"noopener\"><b><span style=\"font-size: 10.0pt;font-family: 'Georgia','serif'\">Twitter<\/span><\/b><\/a><strong><span style=\"font-size: 10.0pt;font-family: 'Georgia','serif';color: #333333\">,<\/span><\/strong><span class=\"apple-converted-space\"><b><span style=\"font-size: 10.0pt;font-family: 'Georgia','serif';color: #333333\">\u00a0<\/span><\/b><\/span><a href=\"https:\/\/www.facebook.com\/senoticias1\" target=\"_blank\" rel=\"noopener\"><b><span style=\"font-size: 10.0pt;font-family: 'Georgia','serif'\">Facebook<\/span><\/b><span class=\"apple-converted-space\"><b><span style=\"font-size: 10.0pt;font-family: 'Georgia','serif';color: windowtext;text-decoration: none\">\u00a0<\/span><\/b><\/span><\/a><strong><span style=\"font-size: 10.0pt;font-family: 'Georgia','serif';color: #333333\">e no<\/span><\/strong><span class=\"apple-converted-space\"><b><span style=\"font-size: 10.0pt;font-family: 'Georgia','serif';color: #333333\">\u00a0<\/span><\/b><\/span><a href=\"https:\/\/www.instagram.com\/senoticias\/\" target=\"_blank\" rel=\"noopener\"><b><span style=\"font-size: 10.0pt;font-family: 'Georgia','serif'\">Instagram<\/span><\/b><\/a><strong><span style=\"font-size: 10.0pt;font-family: 'Georgia','serif';color: #333333\">.<\/span><\/strong><\/p>\n<p><a href=\"https:\/\/senoticias.com.br\/se\/wp-content\/uploads\/2018\/04\/Logomarca-fone-SE-4-2-1.jpg\"><img loading=\"lazy\" decoding=\"async\" class=\"aligncenter size-full wp-image-112080\" src=\"https:\/\/senoticias.com.br\/se\/wp-content\/uploads\/2018\/04\/Logomarca-fone-SE-4-2-1.jpg\" alt=\"\" width=\"599\" height=\"78\" srcset=\"https:\/\/senoticias.com.br\/se\/wp-content\/uploads\/2018\/04\/Logomarca-fone-SE-4-2-1.jpg 599w, https:\/\/senoticias.com.br\/se\/wp-content\/uploads\/2018\/04\/Logomarca-fone-SE-4-2-1-300x39.jpg 300w\" sizes=\"(max-width: 599px) 100vw, 599px\" \/><\/a><\/p>\n","protected":false},"excerpt":{"rendered":"<p>Foi preso no final da tarde deste s\u00e1bado (7) um homem suspeito de matar a m\u00e3e a pauladas no Povoado Maravilha, munic\u00edpio de Carira, distante 112 quil\u00f4metros de Aracaju (SE). Segundo informa\u00e7\u00f5es da PM, ap\u00f3s den\u00fancias an\u00f4nimas a pol\u00edcia recebeu a informa\u00e7\u00e3o de que o suspeito estaria escondido em uma casa no mesmo povoado onde [&hellip;]<\/p>\n","protected":false},"author":6554,"featured_media":103971,"comment_status":"closed","ping_status":"closed","sticky":false,"template":"","format":"standard","meta":{"footnotes":""},"categories":[7],"tags":[9345],"class_list":{"0":"post-112086","1":"post","2":"type-post","3":"status-publish","4":"format-standard","5":"has-post-thumbnail","7":"category-policia","8":"tag-homem-suspeito-de-matar-mae-a-pauladas-e-preso-em-carira"},"_links":{"self":[{"href":"https:\/\/senoticias.com.br\/se\/wp-json\/wp\/v2\/posts\/112086"}],"collection":[{"href":"https:\/\/senoticias.com.br\/se\/wp-json\/wp\/v2\/posts"}],"about":[{"href":"https:\/\/senoticias.com.br\/se\/wp-json\/wp\/v2\/types\/post"}],"author":[{"embeddable":true,"href":"https:\/\/senoticias.com.br\/se\/wp-json\/wp\/v2\/users\/6554"}],"replies":[{"embeddable":true,"href":"https:\/\/senoticias.com.br\/se\/wp-json\/wp\/v2\/comments?post=112086"}],"version-history":[{"count":0,"href":"https:\/\/senoticias.com.br\/se\/wp-json\/wp\/v2\/posts\/112086\/revisions"}],"wp:featuredmedia":[{"embeddable":true,"href":"https:\/\/senoticias.com.br\/se\/wp-json\/wp\/v2\/media\/103971"}],"wp:attachment":[{"href":"https:\/\/senoticias.com.br\/se\/wp-json\/wp\/v2\/media?parent=112086"}],"wp:term":[{"taxonomy":"category","embeddable":true,"href":"https:\/\/senoticias.com.br\/se\/wp-json\/wp\/v2\/categories?post=112086"},{"taxonomy":"post_tag","embeddable":true,"href":"https:\/\/senoticias.com.br\/se\/wp-json\/wp\/v2\/tags?post=112086"}],"curies":[{"name":"wp","href":"https:\/\/api.w.org\/{rel}","templated":true}]}}