{"id":112055,"date":"2018-04-07T12:27:21","date_gmt":"2018-04-07T15:27:21","guid":{"rendered":"https:\/\/senoticias.com.br\/se\/?p=112055"},"modified":"2018-04-07T12:27:21","modified_gmt":"2018-04-07T15:27:21","slug":"ex-presidente-do-supremo-tribunal-federal-joaquim-barbosa-se-filia-ao-psb","status":"publish","type":"post","link":"https:\/\/senoticias.com.br\/se\/ex-presidente-do-supremo-tribunal-federal-joaquim-barbosa-se-filia-ao-psb\/","title":{"rendered":"Ex-presidente do Supremo Tribunal Federal Joaquim Barbosa se filia ao PSB"},"content":{"rendered":"<p class=\"bodytext\" style=\"text-align: justify;\">O ex-presidente do Supremo Tribunal Federal (STF) Joaquim Barbosa assinou ficha de filia\u00e7\u00e3o ao PSB na noite desta sexta-feira (6), em S\u00e3o Paulo.\u00a0O presidente do partido, Carlos Siqueira, comemorou\u00a0a filia\u00e7\u00e3o do ministro.\u00a0\u201cJoaquim Barbosa \u00e9 um homem p\u00fablico honrado, de trajet\u00f3ria admir\u00e1vel, que vem refor\u00e7ar e qualificar os quadros do partido. \u00c9 uma satisfa\u00e7\u00e3o contar com o ministro no PSB neste momento t\u00e3o desafiador do nosso pa\u00eds\u201d, afirmou.<\/p>\n<p class=\"bodytext\" style=\"text-align: justify;\">Siqueira ressaltou a atua\u00e7\u00e3o de Barbosa \u00e0 frente da Suprema Corte. &#8220;Ele deixou sua marca pessoal de firmeza e independ\u00eancia, e, ao colocar em discuss\u00e3o na corte pautas progressistas contribuiu para um significativo avan\u00e7o civilizat\u00f3rio da sociedade brasileira\u201d, disse.<\/p>\n<div id=\"attachment_112056\" style=\"width: 609px\" class=\"wp-caption aligncenter\"><a href=\"https:\/\/senoticias.com.br\/se\/wp-content\/uploads\/2018\/04\/JOAQUIM-BARBOSA-SENOTICIAS.jpg\"><img loading=\"lazy\" decoding=\"async\" aria-describedby=\"caption-attachment-112056\" class=\"size-full wp-image-112056\" src=\"https:\/\/senoticias.com.br\/se\/wp-content\/uploads\/2018\/04\/JOAQUIM-BARBOSA-SENOTICIAS-e1523114529440.jpg\" alt=\"\" width=\"599\" height=\"400\" \/><\/a><p id=\"caption-attachment-112056\" class=\"wp-caption-text\">Joaquim Barbosa determinou a pris\u00e3o de 12 r\u00e9us condenados no mensal\u00e3o (foto: arquivo\/STF)<\/p><\/div>\n<p class=\"bodytext\" style=\"text-align: justify;\">Ministro do STF de 2003 a 2014, Barbosa foi presidente da corte entre 2012 e 2014 e desempenhou papel de destaque no julgamento da A\u00e7\u00e3o Penal 470. Doutor e mestre pela Universidade de Paris-II Panth\u00e9on-Assas, o ex-ministro \u00e9 professor licenciado da Universidade do Estado do Rio de Janeiro.<\/p>\n<p class=\"bodytext\" style=\"text-align: justify;\">Em sua longa carreira p\u00fablica, antes de chegar ao Supremo, atuou quase 20 anos como procurador do Minist\u00e9rio P\u00fablico Federal. Natural de Paracatu (MG), Barbosa mudou-se para Bras\u00edlia nos anos de 1970, concluiu os estudos secund\u00e1rios e ingressou no curso de Direito da Universidade de Bras\u00edlia.<\/p>\n<p class=\"bodytext\" style=\"text-align: justify;\">Ontem \u00e0 noite, Barbosa anunciou no Twitter que havia postado um comunicado no Facebook. Sua p\u00e1gina no Facebook, no entanto, \u00e9 fechada e nem assessores e filiados ao partido conseguiam confirmar a filia\u00e7\u00e3o do ex-ministro do Supremo Tribunal Federal. Seguidores lotaram a publica\u00e7\u00e3o no Twitter com coment\u00e1rios jocosos ao feito de Barbosa.<\/p>\n<p class=\"bodytext\" style=\"text-align: justify;\">Barbosa \u00e9 cotado para disputar a Presid\u00eancia, mas algumas alas do PSB como a do governador paulista, M\u00e1rcio Fran\u00e7a, s\u00e3o contra. De acordo com interlocutores, Barbosa ficou abalado com a ordem de pris\u00e3o do ex-presidente Luiz Inacio Lula da Silva (PT).<\/p>\n<p class=\"bodytext\" style=\"text-align: justify;\">Resolveu, por isso, adiar a cerim\u00f4nia de ingresso no PSB. Mas a pris\u00e3o de Lula tamb\u00e9m foi adiada e deve ocorrer neste s\u00e1bado (7), mesma data em que vence o prazo para filia\u00e7\u00f5es de quem pretende disputar a elei\u00e7\u00e3o em outubro. \u00a0Lula indicou Barbosa para o Supremo, a primeira de um ministro negro, em seu primeiro ano no governo, 2003.<\/p>\n<p class=\"bodytext\" style=\"text-align: justify;\">\u00c0 Folha de S.Paulo, Barbosa contou que votara no petista na elei\u00e7\u00e3o de 2002. Dez anos depois, ele seria visto como algoz do PT ao determinar a pris\u00e3o de 12 r\u00e9us condenados no mensal\u00e3o, entre eles o ex-presidente do partido Jos\u00e9 Genoino e o ex-ministro da Casa Civil Jos\u00e9 Dirceu.<\/p>\n<p>&nbsp;<\/p>\n<p><a href=\"https:\/\/senoticias.com.br\/se\/wp-content\/uploads\/2018\/03\/Logomarca-fone-SE-4-2-1-1.jpg\"><img loading=\"lazy\" decoding=\"async\" class=\"aligncenter size-full wp-image-111750\" src=\"https:\/\/senoticias.com.br\/se\/wp-content\/uploads\/2018\/03\/Logomarca-fone-SE-4-2-1-1.jpg\" alt=\"\" width=\"599\" height=\"78\" srcset=\"https:\/\/senoticias.com.br\/se\/wp-content\/uploads\/2018\/03\/Logomarca-fone-SE-4-2-1-1.jpg 599w, https:\/\/senoticias.com.br\/se\/wp-content\/uploads\/2018\/03\/Logomarca-fone-SE-4-2-1-1-300x39.jpg 300w\" sizes=\"(max-width: 599px) 100vw, 599px\" \/><\/a><\/p>\n<p>&nbsp;<\/p>\n<p><strong>Acompanhe tamb\u00e9m o SE Not\u00edcias no<\/strong><span class=\"apple-converted-space\"><b>\u00a0<\/b><\/span><a href=\"https:\/\/twitter.com\/Senoticias\" target=\"_blank\" rel=\"noopener\"><b>Twitter<\/b><\/a><strong>,<\/strong><span class=\"apple-converted-space\"><b>\u00a0<\/b><\/span><a href=\"https:\/\/www.facebook.com\/senoticias1\" target=\"_blank\" rel=\"noopener\"><b>Facebook<\/b><span class=\"apple-converted-space\"><b>\u00a0<\/b><\/span><\/a><strong>e no<\/strong><span class=\"apple-converted-space\"><b>\u00a0<\/b><\/span><a href=\"https:\/\/www.instagram.com\/senoticias\/\" target=\"_blank\" rel=\"noopener\"><b>Instagram<\/b><\/a><\/p>\n<p><em>Por Ag\u00eancia Brasil<\/em><\/p>\n","protected":false},"excerpt":{"rendered":"<p>O ex-presidente do Supremo Tribunal Federal (STF) Joaquim Barbosa assinou ficha de filia\u00e7\u00e3o ao PSB na noite desta sexta-feira (6), em S\u00e3o Paulo.\u00a0O presidente do partido, Carlos Siqueira, comemorou\u00a0a filia\u00e7\u00e3o do ministro.\u00a0\u201cJoaquim Barbosa \u00e9 um homem p\u00fablico honrado, de trajet\u00f3ria admir\u00e1vel, que vem refor\u00e7ar e qualificar os quadros do partido. \u00c9 uma satisfa\u00e7\u00e3o contar com [&hellip;]<\/p>\n","protected":false},"author":6552,"featured_media":112056,"comment_status":"closed","ping_status":"closed","sticky":false,"template":"","format":"standard","meta":{"footnotes":""},"categories":[15,2961],"tags":[2720,9339,4767],"class_list":{"0":"post-112055","1":"post","2":"type-post","3":"status-publish","4":"format-standard","5":"has-post-thumbnail","7":"category-destaques","8":"category-nacional","9":"tag-eleicoes-2018","10":"tag-joaquim-barbosa","11":"tag-psb"},"_links":{"self":[{"href":"https:\/\/senoticias.com.br\/se\/wp-json\/wp\/v2\/posts\/112055"}],"collection":[{"href":"https:\/\/senoticias.com.br\/se\/wp-json\/wp\/v2\/posts"}],"about":[{"href":"https:\/\/senoticias.com.br\/se\/wp-json\/wp\/v2\/types\/post"}],"author":[{"embeddable":true,"href":"https:\/\/senoticias.com.br\/se\/wp-json\/wp\/v2\/users\/6552"}],"replies":[{"embeddable":true,"href":"https:\/\/senoticias.com.br\/se\/wp-json\/wp\/v2\/comments?post=112055"}],"version-history":[{"count":0,"href":"https:\/\/senoticias.com.br\/se\/wp-json\/wp\/v2\/posts\/112055\/revisions"}],"wp:featuredmedia":[{"embeddable":true,"href":"https:\/\/senoticias.com.br\/se\/wp-json\/wp\/v2\/media\/112056"}],"wp:attachment":[{"href":"https:\/\/senoticias.com.br\/se\/wp-json\/wp\/v2\/media?parent=112055"}],"wp:term":[{"taxonomy":"category","embeddable":true,"href":"https:\/\/senoticias.com.br\/se\/wp-json\/wp\/v2\/categories?post=112055"},{"taxonomy":"post_tag","embeddable":true,"href":"https:\/\/senoticias.com.br\/se\/wp-json\/wp\/v2\/tags?post=112055"}],"curies":[{"name":"wp","href":"https:\/\/api.w.org\/{rel}","templated":true}]}}