{"id":112053,"date":"2018-04-07T11:38:02","date_gmt":"2018-04-07T14:38:02","guid":{"rendered":"https:\/\/senoticias.com.br\/se\/?p=112053"},"modified":"2018-04-07T11:38:02","modified_gmt":"2018-04-07T14:38:02","slug":"homem-mata-a-propria-mae-a-pauladas-em-carira","status":"publish","type":"post","link":"https:\/\/senoticias.com.br\/se\/homem-mata-a-propria-mae-a-pauladas-em-carira\/","title":{"rendered":"Homem mata a pr\u00f3pria m\u00e3e a pauladas em Carira"},"content":{"rendered":"<p style=\"text-align: justify;\">\nUm homem de 28 anos matou a pr\u00f3pria m\u00e3e, identificada como Gildete Dantas da Silva, 61 anos a pauladas no Povoado Maravilha, munic\u00edpio de Carira, distante 112 quil\u00f4metros de Aracaju (SE). Segundo informa\u00e7\u00f5es passadas pelo Batalh\u00e3o da Pol\u00edcia Militar, o caso ocorreu no in\u00edcio da noite desta sexta-feira (6).<\/p>\n<div id=\"attachment_112054\" style=\"width: 609px\" class=\"wp-caption aligncenter\"><a href=\"https:\/\/senoticias.com.br\/se\/wp-content\/uploads\/2018\/04\/Gildete-assassinada-Carira-SE-noticias-e1523111765998.jpeg\"><img loading=\"lazy\" decoding=\"async\" aria-describedby=\"caption-attachment-112054\" class=\"size-full wp-image-112054\" src=\"https:\/\/senoticias.com.br\/se\/wp-content\/uploads\/2018\/04\/Gildete-assassinada-Carira-SE-noticias-e1523111765998.jpeg\" alt=\"\" width=\"599\" height=\"523\" \/><\/a><p id=\"caption-attachment-112054\" class=\"wp-caption-text\">Segundo a pol\u00edcia, ap\u00f3s o crime, o suspeito fugiu sem deixar pistas (foto: Redes Sociais)<\/p><\/div>\n<p style=\"text-align: justify;\">Ainda de acordo com a pol\u00edcia, funcion\u00e1rios da Secretaria de A\u00e7\u00e3o Social do munic\u00edpio informaram que o rapaz tem problemas mentais e que h\u00e1 alguns dias estava internado, em uma cl\u00ednica de repouso, em Aracaju. Ao visitar o filho, a v\u00edtima sentiu \u201cpena\u201d e o levou de volta para casa.<\/p>\n<p style=\"text-align: justify;\">Por volta das 19h40, uma equipe do Instituto M\u00e9dico Legal de Sergipe (IML), com sede no Bairro S\u00e3o Jos\u00e9, na Capital, foi acionada para recolher o corpo da v\u00edtima.<\/p>\n<p>&nbsp;<\/p>\n<p><a href=\"https:\/\/senoticias.com.br\/se\/wp-content\/uploads\/2018\/03\/Logomarca-fone-SE-4-2-1-1.jpg\"><img loading=\"lazy\" decoding=\"async\" class=\"aligncenter size-full wp-image-111750\" src=\"https:\/\/senoticias.com.br\/se\/wp-content\/uploads\/2018\/03\/Logomarca-fone-SE-4-2-1-1.jpg\" alt=\"\" width=\"599\" height=\"78\" srcset=\"https:\/\/senoticias.com.br\/se\/wp-content\/uploads\/2018\/03\/Logomarca-fone-SE-4-2-1-1.jpg 599w, https:\/\/senoticias.com.br\/se\/wp-content\/uploads\/2018\/03\/Logomarca-fone-SE-4-2-1-1-300x39.jpg 300w\" sizes=\"(max-width: 599px) 100vw, 599px\" \/><\/a><\/p>\n<p>&nbsp;<\/p>\n<p><em><strong>Acompanhe tamb\u00e9m o SE Not\u00edcias no<\/strong><span class=\"apple-converted-space\"><b>\u00a0<\/b><\/span><a href=\"https:\/\/twitter.com\/Senoticias\" target=\"_blank\" rel=\"noopener\"><b>Twitter<\/b><\/a><strong>,<\/strong><span class=\"apple-converted-space\"><b>\u00a0<\/b><\/span><a href=\"https:\/\/www.facebook.com\/senoticias1\" target=\"_blank\" rel=\"noopener\"><b>Facebook<\/b><span class=\"apple-converted-space\"><b>\u00a0<\/b><\/span><\/a><strong>e no<\/strong><span class=\"apple-converted-space\"><b>\u00a0<\/b><\/span><a href=\"https:\/\/www.instagram.com\/senoticias\/\" target=\"_blank\" rel=\"noopener\"><b>Instagram<\/b><\/a><\/em><\/p>\n<p><em>Com informa\u00e7\u00f5es do G1 SE<\/em><\/p>\n","protected":false},"excerpt":{"rendered":"<p>Um homem de 28 anos matou a pr\u00f3pria m\u00e3e, identificada como Gildete Dantas da Silva, 61 anos a pauladas no Povoado Maravilha, munic\u00edpio de Carira, distante 112 quil\u00f4metros de Aracaju (SE). Segundo informa\u00e7\u00f5es passadas pelo Batalh\u00e3o da Pol\u00edcia Militar, o caso ocorreu no in\u00edcio da noite desta sexta-feira (6). Ainda de acordo com a pol\u00edcia, [&hellip;]<\/p>\n","protected":false},"author":6552,"featured_media":112054,"comment_status":"closed","ping_status":"closed","sticky":false,"template":"","format":"standard","meta":{"footnotes":""},"categories":[15],"tags":[803,7610,9338],"class_list":{"0":"post-112053","1":"post","2":"type-post","3":"status-publish","4":"format-standard","5":"has-post-thumbnail","7":"category-destaques","8":"tag-carira","9":"tag-matou-a-mae","10":"tag-violencia-em-carira"},"_links":{"self":[{"href":"https:\/\/senoticias.com.br\/se\/wp-json\/wp\/v2\/posts\/112053"}],"collection":[{"href":"https:\/\/senoticias.com.br\/se\/wp-json\/wp\/v2\/posts"}],"about":[{"href":"https:\/\/senoticias.com.br\/se\/wp-json\/wp\/v2\/types\/post"}],"author":[{"embeddable":true,"href":"https:\/\/senoticias.com.br\/se\/wp-json\/wp\/v2\/users\/6552"}],"replies":[{"embeddable":true,"href":"https:\/\/senoticias.com.br\/se\/wp-json\/wp\/v2\/comments?post=112053"}],"version-history":[{"count":0,"href":"https:\/\/senoticias.com.br\/se\/wp-json\/wp\/v2\/posts\/112053\/revisions"}],"wp:featuredmedia":[{"embeddable":true,"href":"https:\/\/senoticias.com.br\/se\/wp-json\/wp\/v2\/media\/112054"}],"wp:attachment":[{"href":"https:\/\/senoticias.com.br\/se\/wp-json\/wp\/v2\/media?parent=112053"}],"wp:term":[{"taxonomy":"category","embeddable":true,"href":"https:\/\/senoticias.com.br\/se\/wp-json\/wp\/v2\/categories?post=112053"},{"taxonomy":"post_tag","embeddable":true,"href":"https:\/\/senoticias.com.br\/se\/wp-json\/wp\/v2\/tags?post=112053"}],"curies":[{"name":"wp","href":"https:\/\/api.w.org\/{rel}","templated":true}]}}