{"id":112049,"date":"2018-04-07T07:37:27","date_gmt":"2018-04-07T10:37:27","guid":{"rendered":"https:\/\/senoticias.com.br\/se\/?p=112049"},"modified":"2018-04-07T07:38:46","modified_gmt":"2018-04-07T10:38:46","slug":"camara-de-moita-bonita-reprova-projeto-de-concessao-de-novos-alvaras-para-taxitas","status":"publish","type":"post","link":"https:\/\/senoticias.com.br\/se\/camara-de-moita-bonita-reprova-projeto-de-concessao-de-novos-alvaras-para-taxitas\/","title":{"rendered":"C\u00e2mara de Moita Bonita reprova projeto de concess\u00e3o de novos alvar\u00e1s para taxitas"},"content":{"rendered":"<p>&nbsp;<\/p>\n<p style=\"text-align: justify;\">Os vereadores de Moita Bonita reprovaram nessa quinta-feira (05) duas proposituras apresentas pelo Executivo Municipal. Os Projetos de Lei (PLs) n\u00ba 159\/ 2017 e n\u00ba003\/ 2018 recaiam sobre uma subven\u00e7\u00e3o de mais de R$200 mil para uma Associa\u00e7\u00e3o desportiva local e tamb\u00e9m para concess\u00e3o de alvar\u00e1s para novos taxitas do munic\u00edpio. Os vereadores da Oposi\u00e7\u00e3o, juntamente com o presidente da Casa, Jair Carvalho (PROS), votaram contra os projetos, alegando que \u00e9 preciso mais \u201cserenidade\u201d administrativa.<\/p>\n<div id=\"attachment_112050\" style=\"width: 609px\" class=\"wp-caption aligncenter\"><a href=\"https:\/\/senoticias.com.br\/se\/wp-content\/uploads\/2018\/04\/Presidente-Tuba\u00edna-e1523097166289.jpg\"><img loading=\"lazy\" decoding=\"async\" aria-describedby=\"caption-attachment-112050\" class=\"size-full wp-image-112050\" src=\"https:\/\/senoticias.com.br\/se\/wp-content\/uploads\/2018\/04\/Presidente-Tuba\u00edna-e1523097166289.jpg\" alt=\"\" width=\"599\" height=\"399\" \/><\/a><p id=\"caption-attachment-112050\" class=\"wp-caption-text\">Segundo o presidente da Casa, Jair Carvalho, tais PLs v\u00e3o de encontro com a realidade que o munic\u00edpio est\u00e1 passando (foto: ascom\/C\u00e2mara)<\/p><\/div>\n<p style=\"text-align: justify;\">De acordo com o presidente da Casa, Jair Carvalho, tais PLs v\u00e3o de encontro com a realidade que o munic\u00edpio est\u00e1 passando. \u201cTuba\u00edna\u201d, como \u00e9 mais conhecido, afirmou que n\u00e3o h\u00e1 a necessidade de mais taxistas na comunidade de Moita Bonita e que tal pedido do executivo tem como \u00fanico objetivo beneficiar pessoas que querem prejudicar a categoria. \u201cMoita j\u00e1 tem um cooperativa de t\u00e1xi, que j\u00e1 est\u00e1 muito bem estruturada, atendendo adequadamente a demanda da popula\u00e7\u00e3o. Essas concess\u00f5es de alvar\u00e1 pretende beneficiar o ex-presidente dessa mesma cooperativa, que foi expulso pela classe e que montar a sua pr\u00f3pria\u201d, explicou na tribuna.<\/p>\n<p style=\"text-align: justify;\">J\u00e1 com rela\u00e7\u00e3o ao PL n\u00ba003\/ 2018, que concede subven\u00e7\u00e3o de R$ 207.000,00 \u00e0 Associa\u00e7\u00e3o Comunit\u00e1ria de Moita Bonita, o presidente afirmou que vai de encontro contra sua integridade moral. \u201cFoi apenas eu me manifestar contra a uma subven\u00e7\u00e3o para a Associa\u00e7\u00e3o no ano passado, fato este que nunca tinha feito antes em meu primeiro mandado, que come\u00e7aram a me achocalhar com palavras de baixo cal\u00e3o, algo que atingiu a mim e a minha fam\u00edlia\u201d, apontou, como motivo para vota\u00e7\u00e3o contr\u00e1ria do projeto.<\/p>\n<p style=\"text-align: justify;\">Outro fato destacado pelos parlamentares seria que a verba beneficiaria diretamente o time Real Moitense, que \u00e9 da comunidade, e uma escolinha de futebol que tem despertado d\u00favidas dos parlamentares. A vota\u00e7\u00e3o dos dois projetos obteve um placar de 5&#215;4, sendo que atualmente a Oposi\u00e7\u00e3o do munic\u00edpio conta com quatro vereadores.<\/p>\n<p>&nbsp;<\/p>\n<p><a href=\"https:\/\/senoticias.com.br\/se\/wp-content\/uploads\/2018\/03\/Logomarca-fone-SE-4-2-1-1.jpg\"><img loading=\"lazy\" decoding=\"async\" class=\"aligncenter size-full wp-image-111750\" src=\"https:\/\/senoticias.com.br\/se\/wp-content\/uploads\/2018\/03\/Logomarca-fone-SE-4-2-1-1.jpg\" alt=\"\" width=\"599\" height=\"78\" srcset=\"https:\/\/senoticias.com.br\/se\/wp-content\/uploads\/2018\/03\/Logomarca-fone-SE-4-2-1-1.jpg 599w, https:\/\/senoticias.com.br\/se\/wp-content\/uploads\/2018\/03\/Logomarca-fone-SE-4-2-1-1-300x39.jpg 300w\" sizes=\"(max-width: 599px) 100vw, 599px\" \/><\/a><\/p>\n<p>&nbsp;<\/p>\n<p><em><strong>Acompanhe tamb\u00e9m o SE Not\u00edcias no<\/strong><span class=\"apple-converted-space\"><b>\u00a0<\/b><\/span><a href=\"https:\/\/twitter.com\/Senoticias\" target=\"_blank\" rel=\"noopener\"><b>Twitter<\/b><\/a><strong>,<\/strong><span class=\"apple-converted-space\"><b>\u00a0<\/b><\/span><a href=\"https:\/\/www.facebook.com\/senoticias1\" target=\"_blank\" rel=\"noopener\"><b>Facebook<\/b><span class=\"apple-converted-space\"><b>\u00a0<\/b><\/span><\/a><strong>e no<\/strong><span class=\"apple-converted-space\"><b>\u00a0<\/b><\/span><a href=\"https:\/\/www.instagram.com\/senoticias\/\" target=\"_blank\" rel=\"noopener\"><b>Instagram<\/b><\/a><\/em><\/p>\n<p>&nbsp;<\/p>\n<p><em>Da TDantas Comunica\u00e7\u00e3o<\/em><\/p>\n","protected":false},"excerpt":{"rendered":"<p>&nbsp; Os vereadores de Moita Bonita reprovaram nessa quinta-feira (05) duas proposituras apresentas pelo Executivo Municipal. Os Projetos de Lei (PLs) n\u00ba 159\/ 2017 e n\u00ba003\/ 2018 recaiam sobre uma subven\u00e7\u00e3o de mais de R$200 mil para uma Associa\u00e7\u00e3o desportiva local e tamb\u00e9m para concess\u00e3o de alvar\u00e1s para novos taxitas do munic\u00edpio. Os vereadores da [&hellip;]<\/p>\n","protected":false},"author":6552,"featured_media":112050,"comment_status":"closed","ping_status":"closed","sticky":false,"template":"","format":"standard","meta":{"footnotes":""},"categories":[38],"tags":[9334,804,9336,9335,9333],"class_list":{"0":"post-112049","1":"post","2":"type-post","3":"status-publish","4":"format-standard","5":"has-post-thumbnail","7":"category-municipios","8":"tag-camara-de-moita-bonita","9":"tag-moita-bonita","10":"tag-novos-alvaras","11":"tag-vereador-jair-carvalho","12":"tag-vereador-tubaina"},"_links":{"self":[{"href":"https:\/\/senoticias.com.br\/se\/wp-json\/wp\/v2\/posts\/112049"}],"collection":[{"href":"https:\/\/senoticias.com.br\/se\/wp-json\/wp\/v2\/posts"}],"about":[{"href":"https:\/\/senoticias.com.br\/se\/wp-json\/wp\/v2\/types\/post"}],"author":[{"embeddable":true,"href":"https:\/\/senoticias.com.br\/se\/wp-json\/wp\/v2\/users\/6552"}],"replies":[{"embeddable":true,"href":"https:\/\/senoticias.com.br\/se\/wp-json\/wp\/v2\/comments?post=112049"}],"version-history":[{"count":0,"href":"https:\/\/senoticias.com.br\/se\/wp-json\/wp\/v2\/posts\/112049\/revisions"}],"wp:featuredmedia":[{"embeddable":true,"href":"https:\/\/senoticias.com.br\/se\/wp-json\/wp\/v2\/media\/112050"}],"wp:attachment":[{"href":"https:\/\/senoticias.com.br\/se\/wp-json\/wp\/v2\/media?parent=112049"}],"wp:term":[{"taxonomy":"category","embeddable":true,"href":"https:\/\/senoticias.com.br\/se\/wp-json\/wp\/v2\/categories?post=112049"},{"taxonomy":"post_tag","embeddable":true,"href":"https:\/\/senoticias.com.br\/se\/wp-json\/wp\/v2\/tags?post=112049"}],"curies":[{"name":"wp","href":"https:\/\/api.w.org\/{rel}","templated":true}]}}