{"id":112044,"date":"2018-04-06T16:40:58","date_gmt":"2018-04-06T19:40:58","guid":{"rendered":"https:\/\/senoticias.com.br\/se\/?p=112044"},"modified":"2018-04-07T14:59:12","modified_gmt":"2018-04-07T17:59:12","slug":"jackson-fara-a-transferencia-do-governo-para-belivaldo-chagas-neste-sabado-07","status":"publish","type":"post","link":"https:\/\/senoticias.com.br\/se\/jackson-fara-a-transferencia-do-governo-para-belivaldo-chagas-neste-sabado-07\/","title":{"rendered":"Belivaldo Chagas ser\u00e1 empossado governador neste s\u00e1bado"},"content":{"rendered":"<p style=\"text-align: justify;\">O governo do Estado convida a sociedade sergipana para acompanhar a cerim\u00f4nia de posse de Belivaldo Chagas, que assume como governador ap\u00f3s licenciamento de Jackson Barreto. A solenidade de posse tem inicio \u00e0s 8h30, com missa de a\u00e7\u00e3o de gra\u00e7as no Santu\u00e1rio Arquidiocesano de Nossa Senhora Aparecida, no Bugio. \u00c0s 10 horas, ocorre sess\u00e3o especial de posse na Assembleia Legislativa e a revista de tropa.<\/p>\n<div id=\"attachment_82957\" style=\"width: 608px\" class=\"wp-caption aligncenter\"><a href=\"https:\/\/senoticias.com.br\/se\/wp-content\/uploads\/2015\/08\/belivaldo-e1439638583252.jpg\"><img loading=\"lazy\" decoding=\"async\" aria-describedby=\"caption-attachment-82957\" class=\"wp-image-82957 size-full\" src=\"https:\/\/senoticias.com.br\/se\/wp-content\/uploads\/2015\/08\/belivaldo-e1439638583252.jpg\" alt=\"\" width=\"598\" height=\"598\" \/><\/a><p id=\"caption-attachment-82957\" class=\"wp-caption-text\">Jackson Barreto transfere cargo para Belivaldo Chagas.(Foto: ASN)<\/p><\/div>\n<p style=\"text-align: justify;\">Natural de Sim\u00e3o Dias, Belivaldo Chagas exerceu a fun\u00e7\u00e3o de secret\u00e1rio da Casa Civil. \u00c9 Defensor P\u00fablico aposentado, foi deputado estadual por quatro legislaturas, secret\u00e1rio de Estado da Articula\u00e7\u00e3o com os Munic\u00edpios, coordenador Geral do Projeto Nordeste, diretor presidente da Segrase e secret\u00e1rio de Estado de Educa\u00e7\u00e3o, fun\u00e7\u00e3o na qual se destacou pela reestrutura\u00e7\u00e3o das escolas estaduais e por sanear financeiramente a Secretaria de Educa\u00e7\u00e3o (Seed). Exerceu o cargo de vice-governador no primeiro mandato do governador Marcelo D\u00e9da e, em 2014, foi eleito vice-governador.<\/p>\n<p>&nbsp;<\/p>\n<p><em><strong>Acompanhe tamb\u00e9m o SE Not\u00edcias no<\/strong><strong>\u00a0<\/strong><strong><a href=\"https:\/\/twitter.com\/Senoticias\">Twitter<\/a>,<\/strong><strong>\u00a0<\/strong><strong><a href=\"https:\/\/www.facebook.com\/senoticias1\">Facebook<\/a><\/strong><strong>\u00a0<\/strong><strong>e no<\/strong><a href=\"https:\/\/www.instagram.com\/senoticias\/\"><strong>\u00a0<\/strong><strong>Instagram<\/strong><\/a><\/em><\/p>\n<p><a href=\"https:\/\/senoticias.com.br\/se\/wp-content\/uploads\/2018\/03\/Logomarca-fone-SE-4-2-1-1.jpg\"><img loading=\"lazy\" decoding=\"async\" class=\"aligncenter wp-image-111750 size-full\" src=\"https:\/\/senoticias.com.br\/se\/wp-content\/uploads\/2018\/03\/Logomarca-fone-SE-4-2-1-1.jpg\" alt=\"\" width=\"599\" height=\"78\" srcset=\"https:\/\/senoticias.com.br\/se\/wp-content\/uploads\/2018\/03\/Logomarca-fone-SE-4-2-1-1.jpg 599w, https:\/\/senoticias.com.br\/se\/wp-content\/uploads\/2018\/03\/Logomarca-fone-SE-4-2-1-1-300x39.jpg 300w\" sizes=\"(max-width: 599px) 100vw, 599px\" \/><\/a><\/p>\n<p>Por ASN<\/p>\n<p>&nbsp;<\/p>\n","protected":false},"excerpt":{"rendered":"<p>O governo do Estado convida a sociedade sergipana para acompanhar a cerim\u00f4nia de posse de Belivaldo Chagas, que assume como governador ap\u00f3s licenciamento de Jackson Barreto. A solenidade de posse tem inicio \u00e0s 8h30, com missa de a\u00e7\u00e3o de gra\u00e7as no Santu\u00e1rio Arquidiocesano de Nossa Senhora Aparecida, no Bugio. \u00c0s 10 horas, ocorre sess\u00e3o especial [&hellip;]<\/p>\n","protected":false},"author":6553,"featured_media":0,"comment_status":"closed","ping_status":"closed","sticky":false,"template":"","format":"standard","meta":{"footnotes":""},"categories":[6],"tags":[3185,3565,2002,2745,2168,223],"class_list":{"0":"post-112044","1":"post","2":"type-post","3":"status-publish","4":"format-standard","6":"category-politica","7":"tag-asn","8":"tag-belivaldo","9":"tag-governo","10":"tag-jackson","11":"tag-politica","12":"tag-sergipe"},"_links":{"self":[{"href":"https:\/\/senoticias.com.br\/se\/wp-json\/wp\/v2\/posts\/112044"}],"collection":[{"href":"https:\/\/senoticias.com.br\/se\/wp-json\/wp\/v2\/posts"}],"about":[{"href":"https:\/\/senoticias.com.br\/se\/wp-json\/wp\/v2\/types\/post"}],"author":[{"embeddable":true,"href":"https:\/\/senoticias.com.br\/se\/wp-json\/wp\/v2\/users\/6553"}],"replies":[{"embeddable":true,"href":"https:\/\/senoticias.com.br\/se\/wp-json\/wp\/v2\/comments?post=112044"}],"version-history":[{"count":0,"href":"https:\/\/senoticias.com.br\/se\/wp-json\/wp\/v2\/posts\/112044\/revisions"}],"wp:attachment":[{"href":"https:\/\/senoticias.com.br\/se\/wp-json\/wp\/v2\/media?parent=112044"}],"wp:term":[{"taxonomy":"category","embeddable":true,"href":"https:\/\/senoticias.com.br\/se\/wp-json\/wp\/v2\/categories?post=112044"},{"taxonomy":"post_tag","embeddable":true,"href":"https:\/\/senoticias.com.br\/se\/wp-json\/wp\/v2\/tags?post=112044"}],"curies":[{"name":"wp","href":"https:\/\/api.w.org\/{rel}","templated":true}]}}