{"id":112041,"date":"2018-04-06T21:41:24","date_gmt":"2018-04-07T00:41:24","guid":{"rendered":"https:\/\/senoticias.com.br\/se\/?p=112041"},"modified":"2018-04-06T21:55:53","modified_gmt":"2018-04-07T00:55:53","slug":"jornalista-givaldo-ricardo-cidadao-aracajuano","status":"publish","type":"post","link":"https:\/\/senoticias.com.br\/se\/jornalista-givaldo-ricardo-cidadao-aracajuano\/","title":{"rendered":"Jornalista Givaldo Ricardo recebe t\u00edtulo de Cidad\u00e3o Aracajuano"},"content":{"rendered":"<p style=\"text-align: justify;\">A noite da \u00faltima quinta-feira, (5), foi de comemora\u00e7\u00e3o na C\u00e2mara de Vereadores de Aracaju, que promoveu, atrav\u00e9s da iniciativa do vereador, Isac Silveira, uma sess\u00e3o solene de entrega do T\u00edtulo de Cidad\u00e3o Aracajuano, ao comunicador e Diretor-presidente da Funda\u00e7\u00e3o Aperip\u00ea, Givaldo Ricardo. A titula\u00e7\u00e3o aconteceu com a plen\u00e1ria literalmente lotada de familiares, amigos, colaboradores da Aperip\u00ea, bem como autoridades de diversos seguimentos.<\/p>\n<div id=\"attachment_112042\" style=\"width: 609px\" class=\"wp-caption aligncenter\"><a href=\"https:\/\/senoticias.com.br\/se\/wp-content\/uploads\/2018\/04\/WhatsApp-Image-2018-04-05-at-21.59.47-e1523034191995.jpeg\"><img loading=\"lazy\" decoding=\"async\" aria-describedby=\"caption-attachment-112042\" class=\"size-full wp-image-112042\" src=\"https:\/\/senoticias.com.br\/se\/wp-content\/uploads\/2018\/04\/WhatsApp-Image-2018-04-05-at-21.59.47-e1523034191995.jpeg\" alt=\"\" width=\"599\" height=\"399\" \/><\/a><p id=\"caption-attachment-112042\" class=\"wp-caption-text\">Jornalista Givaldo Ricardo recebe o t\u00edtulo de cidad\u00e3o aracajuano (foto: ascom\/C\u00e2mara)<\/p><\/div>\n<p style=\"text-align: justify;\">O mais novo \u201cfilho de Aracaju\u201d \u00e9 alagoano e reside na capital sergipana h\u00e1 36 anos. Ap\u00f3s a sua forma\u00e7\u00e3o acad\u00eamica em comunica\u00e7\u00e3o social pela Universidade Federal de Sergipe-UFS, Givaldo, realizou um trabalho \u00edmpar, em cargos que v\u00e3o desde a sua atua\u00e7\u00e3o como professor da UFS, passando pela TV Sergipe, cargos de relevantes responsabilidades em \u00f3rg\u00e3o p\u00fablicos e, hoje, se consolida como um dos mais prestigiados jornalistas do Estado. Foi tamb\u00e9m, em Aracaju, cidade que escolheu pra chamar de sua, que Givaldo Ricardo, constituiu fam\u00edlia e vive um legado enchendo de orgulho, todos que t\u00eam a oportunidade de trabalhar ao seu lado.<\/p>\n<p style=\"text-align: justify;\">Durante a solenidade, Givaldo, recebeu homenagens dos colegas de trabalho, bem como de comunicadores que ocupam fun\u00e7\u00f5es importantes dentro do cen\u00e1rio legislativo, executivo e da comunica\u00e7\u00e3o como um todo. Em meio a um discurso, por muitos momentos emocionados, ele recebeu a not\u00edcia que, em breve, estar\u00e1 sendo intitulado tamb\u00e9m, com o t\u00edtulo de cidad\u00e3o sergipano, pela Assembleia Legislativa de Sergipe.<\/p>\n<p style=\"text-align: justify;\">\u201cAgrade\u00e7o de cora\u00e7\u00e3o ao vereador, Isac Silveira, pela indica\u00e7\u00e3o e dedico esse momento a minha esposa, L\u00edvia, a meu filho Vin\u00edcius, bem como aos meus familiares. Tornar-me cidad\u00e3o aracajuano, \u00e9 uma das grandes honras que tive na minha vida. Vim de uma cidade pequena e com poucas oportunidades, para a capital das oportunidades, onde fui acolhido com muito carinho. Muito obrigada\u201d! Afirmou Givaldo Ricardo.<\/p>\n<p>&nbsp;<\/p>\n<p><a href=\"https:\/\/senoticias.com.br\/se\/wp-content\/uploads\/2018\/03\/Logomarca-fone-SE-4-2-1-1.jpg\"><img loading=\"lazy\" decoding=\"async\" class=\"aligncenter size-full wp-image-111750\" src=\"https:\/\/senoticias.com.br\/se\/wp-content\/uploads\/2018\/03\/Logomarca-fone-SE-4-2-1-1.jpg\" alt=\"\" width=\"599\" height=\"78\" srcset=\"https:\/\/senoticias.com.br\/se\/wp-content\/uploads\/2018\/03\/Logomarca-fone-SE-4-2-1-1.jpg 599w, https:\/\/senoticias.com.br\/se\/wp-content\/uploads\/2018\/03\/Logomarca-fone-SE-4-2-1-1-300x39.jpg 300w\" sizes=\"(max-width: 599px) 100vw, 599px\" \/><\/a><\/p>\n<p>&nbsp;<\/p>\n<p><em><strong>Acompanhe tamb\u00e9m o SE Not\u00edcias no<\/strong><span class=\"apple-converted-space\"><b>\u00a0<\/b><\/span><a href=\"https:\/\/twitter.com\/Senoticias\" target=\"_blank\" rel=\"noopener\"><b>Twitter<\/b><\/a><strong>,<\/strong><span class=\"apple-converted-space\"><b>\u00a0<\/b><\/span><a href=\"https:\/\/www.facebook.com\/senoticias1\" target=\"_blank\" rel=\"noopener\"><b>Facebook<\/b><span class=\"apple-converted-space\"><b>\u00a0<\/b><\/span><\/a><strong>e no<\/strong><span class=\"apple-converted-space\"><b>\u00a0<\/b><\/span><a href=\"https:\/\/www.instagram.com\/senoticias\/\" target=\"_blank\" rel=\"noopener\"><b>Instagram<\/b><\/a><\/em><\/p>\n<p><em>Da Assessoria de Imprensa<\/em><\/p>\n","protected":false},"excerpt":{"rendered":"<p>A noite da \u00faltima quinta-feira, (5), foi de comemora\u00e7\u00e3o na C\u00e2mara de Vereadores de Aracaju, que promoveu, atrav\u00e9s da iniciativa do vereador, Isac Silveira, uma sess\u00e3o solene de entrega do T\u00edtulo de Cidad\u00e3o Aracajuano, ao comunicador e Diretor-presidente da Funda\u00e7\u00e3o Aperip\u00ea, Givaldo Ricardo. A titula\u00e7\u00e3o aconteceu com a plen\u00e1ria literalmente lotada de familiares, amigos, colaboradores [&hellip;]<\/p>\n","protected":false},"author":6552,"featured_media":112042,"comment_status":"closed","ping_status":"closed","sticky":false,"template":"","format":"standard","meta":{"footnotes":""},"categories":[15],"tags":[9332,9331],"class_list":{"0":"post-112041","1":"post","2":"type-post","3":"status-publish","4":"format-standard","5":"has-post-thumbnail","7":"category-destaques","8":"tag-cidadao-aracajuano","9":"tag-givaldo-ricardo"},"_links":{"self":[{"href":"https:\/\/senoticias.com.br\/se\/wp-json\/wp\/v2\/posts\/112041"}],"collection":[{"href":"https:\/\/senoticias.com.br\/se\/wp-json\/wp\/v2\/posts"}],"about":[{"href":"https:\/\/senoticias.com.br\/se\/wp-json\/wp\/v2\/types\/post"}],"author":[{"embeddable":true,"href":"https:\/\/senoticias.com.br\/se\/wp-json\/wp\/v2\/users\/6552"}],"replies":[{"embeddable":true,"href":"https:\/\/senoticias.com.br\/se\/wp-json\/wp\/v2\/comments?post=112041"}],"version-history":[{"count":0,"href":"https:\/\/senoticias.com.br\/se\/wp-json\/wp\/v2\/posts\/112041\/revisions"}],"wp:featuredmedia":[{"embeddable":true,"href":"https:\/\/senoticias.com.br\/se\/wp-json\/wp\/v2\/media\/112042"}],"wp:attachment":[{"href":"https:\/\/senoticias.com.br\/se\/wp-json\/wp\/v2\/media?parent=112041"}],"wp:term":[{"taxonomy":"category","embeddable":true,"href":"https:\/\/senoticias.com.br\/se\/wp-json\/wp\/v2\/categories?post=112041"},{"taxonomy":"post_tag","embeddable":true,"href":"https:\/\/senoticias.com.br\/se\/wp-json\/wp\/v2\/tags?post=112041"}],"curies":[{"name":"wp","href":"https:\/\/api.w.org\/{rel}","templated":true}]}}