{"id":112002,"date":"2018-04-04T16:51:39","date_gmt":"2018-04-04T19:51:39","guid":{"rendered":"https:\/\/senoticias.com.br\/se\/?p=112002"},"modified":"2018-04-04T16:54:12","modified_gmt":"2018-04-04T19:54:12","slug":"stf-desbloqueia-contas-do-estado-de-sergipe","status":"publish","type":"post","link":"https:\/\/senoticias.com.br\/se\/stf-desbloqueia-contas-do-estado-de-sergipe\/","title":{"rendered":"STF desbloqueia contas do estado de Sergipe"},"content":{"rendered":"<p style=\"text-align: justify\"><span style=\"color: #000000\">O Governo do Estado divulgou nota na tarde desta quarta-feira, 4 de abril, informando que\u00a0o ministro Dias Toffoli, do Supremo Tribunal Federal, foi favor\u00e1vel ao pedido de liminar em Tutela Provis\u00f3ria para libera\u00e7\u00e3o da conta \u00fanica do Tesouro Estadual.\u00a0<\/span><\/p>\n<div id=\"attachment_86797\" style=\"width: 608px\" class=\"wp-caption aligncenter\"><a href=\"https:\/\/senoticias.com.br\/se\/wp-content\/uploads\/2015\/12\/secomse-e1449624491804.jpg\"><img loading=\"lazy\" decoding=\"async\" aria-describedby=\"caption-attachment-86797\" class=\"wp-image-86797 size-full\" src=\"https:\/\/senoticias.com.br\/se\/wp-content\/uploads\/2015\/12\/secomse-e1449624491804.jpg\" alt=\"\" width=\"598\" height=\"376\" \/><\/a><p id=\"caption-attachment-86797\" class=\"wp-caption-text\">Foto: ASN<\/p><\/div>\n<p style=\"text-align: justify\"><span style=\"color: #808080\"><em>Confira a nota na \u00edntegra<\/em><\/span><\/p>\n<p style=\"text-align: justify\"><span style=\"color: #000000\">O Governo do Estado, por meio da Secretaria do Estado da Fazenda (Sefaz), informa que, na tarde desta quarta-feira (04), o ministro Dias Toffoli, do Supremo Tribunal Federal, procedeu despacho quanto ao pedido de liminar em Tutela Provis\u00f3ria antecedente em favor do Estado de Sergipe para libera\u00e7\u00e3o da conta \u00fanica do Tesouro Estadual.<\/span><\/p>\n<p style=\"text-align: justify\"><span style=\"color: #000000\">Com a decis\u00e3o, o governo poder\u00e1 retornar a sua programa\u00e7\u00e3o de pagamentos conforme o fluxo financeiro da conta \u00fanica estadual, assim como tomar\u00e1 a iniciativa de buscar discutir os questionamentos sobre o tema junto \u00e0 Secretaria do Tesouro Nacional e ao Banco do Brasil.<\/span><\/p>\n<p><a href=\"https:\/\/senoticias.com.br\/se\/wp-content\/uploads\/2018\/03\/Logomarca-fone-SE-4-2-1-1.jpg\"><img loading=\"lazy\" decoding=\"async\" class=\"aligncenter wp-image-111750 size-full\" src=\"https:\/\/senoticias.com.br\/se\/wp-content\/uploads\/2018\/03\/Logomarca-fone-SE-4-2-1-1.jpg\" alt=\"\" width=\"599\" height=\"78\" srcset=\"https:\/\/senoticias.com.br\/se\/wp-content\/uploads\/2018\/03\/Logomarca-fone-SE-4-2-1-1.jpg 599w, https:\/\/senoticias.com.br\/se\/wp-content\/uploads\/2018\/03\/Logomarca-fone-SE-4-2-1-1-300x39.jpg 300w\" sizes=\"(max-width: 599px) 100vw, 599px\" \/><\/a><\/p>\n<p>Com informa\u00e7\u00f5es da ASN<\/p>\n","protected":false},"excerpt":{"rendered":"<p>O Governo do Estado divulgou nota na tarde desta quarta-feira, 4 de abril, informando que\u00a0o ministro Dias Toffoli, do Supremo Tribunal Federal, foi favor\u00e1vel ao pedido de liminar em Tutela Provis\u00f3ria para libera\u00e7\u00e3o da conta \u00fanica do Tesouro Estadual.\u00a0 Confira a nota na \u00edntegra O Governo do Estado, por meio da Secretaria do Estado da [&hellip;]<\/p>\n","protected":false},"author":6553,"featured_media":0,"comment_status":"closed","ping_status":"closed","sticky":false,"template":"","format":"standard","meta":{"footnotes":""},"categories":[15,6],"tags":[3840,2892,9307,2745,2799,3539,223,2936,836],"class_list":{"0":"post-112002","1":"post","2":"type-post","3":"status-publish","4":"format-standard","6":"category-destaques","7":"category-politica","8":"tag-bloqueio","9":"tag-contas","10":"tag-dis-tofoli","11":"tag-jackson","12":"tag-justica","13":"tag-salario","14":"tag-sergipe","15":"tag-servidores","16":"tag-stf"},"_links":{"self":[{"href":"https:\/\/senoticias.com.br\/se\/wp-json\/wp\/v2\/posts\/112002"}],"collection":[{"href":"https:\/\/senoticias.com.br\/se\/wp-json\/wp\/v2\/posts"}],"about":[{"href":"https:\/\/senoticias.com.br\/se\/wp-json\/wp\/v2\/types\/post"}],"author":[{"embeddable":true,"href":"https:\/\/senoticias.com.br\/se\/wp-json\/wp\/v2\/users\/6553"}],"replies":[{"embeddable":true,"href":"https:\/\/senoticias.com.br\/se\/wp-json\/wp\/v2\/comments?post=112002"}],"version-history":[{"count":0,"href":"https:\/\/senoticias.com.br\/se\/wp-json\/wp\/v2\/posts\/112002\/revisions"}],"wp:attachment":[{"href":"https:\/\/senoticias.com.br\/se\/wp-json\/wp\/v2\/media?parent=112002"}],"wp:term":[{"taxonomy":"category","embeddable":true,"href":"https:\/\/senoticias.com.br\/se\/wp-json\/wp\/v2\/categories?post=112002"},{"taxonomy":"post_tag","embeddable":true,"href":"https:\/\/senoticias.com.br\/se\/wp-json\/wp\/v2\/tags?post=112002"}],"curies":[{"name":"wp","href":"https:\/\/api.w.org\/{rel}","templated":true}]}}