{"id":111973,"date":"2018-04-03T15:15:54","date_gmt":"2018-04-03T18:15:54","guid":{"rendered":"https:\/\/senoticias.com.br\/se\/?p=111973"},"modified":"2018-04-04T08:15:10","modified_gmt":"2018-04-04T11:15:10","slug":"smtt-altera-itinerario-dos-onibus-no-conjunto-orlando-dantas","status":"publish","type":"post","link":"https:\/\/senoticias.com.br\/se\/smtt-altera-itinerario-dos-onibus-no-conjunto-orlando-dantas\/","title":{"rendered":"SMTT altera itiner\u00e1rio dos \u00f4nibus no conjunto Orlando Dantas"},"content":{"rendered":"<p style=\"text-align: justify;\">A Superintend\u00eancia Municipal de Transportes e Tr\u00e2nsito (SMTT) informa aos usu\u00e1rios do transporte coletivo por \u00f4nibus altera\u00e7\u00e3o no itiner\u00e1rio das linhas que atendem o conjunto Orlando Dantas, na zona sul da cidade. As altera\u00e7\u00f5es s\u00e3o necess\u00e1rias devido ao prolongamento do canteiro central da avenida Quirino at\u00e9 a avenida Gasoduto e fechamento do acesso atrav\u00e9s da rua Jo\u00e3o Batista Machado.<\/p>\n<div id=\"attachment_111974\" style=\"width: 609px\" class=\"wp-caption aligncenter\"><a href=\"https:\/\/senoticias.com.br\/se\/wp-content\/uploads\/2018\/04\/novo-acesso-dos-onibus-SMTT-e1522779266921.jpg\"><img loading=\"lazy\" decoding=\"async\" aria-describedby=\"caption-attachment-111974\" class=\"wp-image-111974 size-full\" src=\"https:\/\/senoticias.com.br\/se\/wp-content\/uploads\/2018\/04\/novo-acesso-dos-onibus-SMTT-e1522779266921.jpg\" alt=\"\" width=\"599\" height=\"398\" \/><\/a><p id=\"caption-attachment-111974\" class=\"wp-caption-text\">Foto: Jorge Reis\/Seinfra<\/p><\/div>\n<p style=\"text-align: justify;\">A partir da quinta-feira, 05, as linhas 003 &#8211; Jo\u00e3o Alves\/Orlando Dantas, 060 \u2013 Padre Pedro\/Campus, 408-1 \u2013 Para\u00edso Sul\/D.I.A., 408-2 \u2013 Para\u00edso Sul \/D.I.A e 412 \u2013 Circular\/D.I.A., far\u00e3o um novo percurso, passando pela nova avenida constru\u00edda pelo Governo do Estado.<\/p>\n<p><strong>Novos percursos<\/strong><\/p>\n<p><strong>003 \u2013 Jo\u00e3o Alves \/ Orlando Dantas<\/strong><\/p>\n<p style=\"text-align: justify;\">Ida \u2013 Av. Augusto Franco, Av. Tancredo Neves, Terminal D.I.A., Av. Her\u00e1clito Rollemberg, Av. P (Torre), Av. Quirino, r\u00f3tula, Av. Quirino, Av. Gasoduto.<\/p>\n<p style=\"text-align: justify;\">Volta (sem altera\u00e7\u00e3o) \u2013 Av. Gasoduto, Rua Soldado Walfredo C. Amaral, Av. S\u00e3o Crist\u00f3v\u00e3o, r\u00f3tula, Av. Her\u00e1clito Rollemberg, Terminal D.I.A., Av. Tancredo Neves, Av. Augusto Franco.<\/p>\n<p style=\"text-align: justify;\"><strong>060 \u2013 Padre Pedro \/ Campus<\/strong><\/p>\n<p style=\"text-align: justify;\">Ida \u2013 Av. Tancredo Neves, Terminal D.I.A., Av. Her\u00e1clito Rollemberg, Av. P (Torre), Av. Quirino, r\u00f3tula, Av. Quirino, Av. Gasoduto, Av. Auxiliar, Av. Alexandre Alcino.<\/p>\n<p style=\"text-align: justify;\">Volta \u2013 Av. Alexandre Alcino, Av. Auxiliar, Av. Gasoduto, Av. Quirino, r\u00f3tula, Av. Quirino, Rua J, Av. Her\u00e1clito Rollemberg, Terminal D.I.A., Av. Tancredo Neves.<\/p>\n<p style=\"text-align: justify;\"><strong>408-1 \u2013 Para\u00edso Sul \/ D.I.A. 01<\/strong><\/p>\n<p style=\"text-align: justify;\">Ida \u2013 Terminal D.I.A., Av. Her\u00e1clito Rollemberg, Rua Jo\u00e3o Batista Machado, Av. Quirino, r\u00f3tula, Av. Quirino, Av. Gasoduto, Av. Auxiliar, Penitenci\u00e1ria.<\/p>\n<p style=\"text-align: justify;\">Volta \u2013 Penitenci\u00e1ria, Av. Auxiliar, Av. Gasoduto, Rua Jo\u00e3o Batista Machado, Av. Her\u00e1clito Rollemberg, r\u00f3tula, Av. Her\u00e1clito Rollemberg, Terminal D.I.A.<\/p>\n<p><strong>408-2 \u2013 Para\u00edso Sul \/ D.I.A. 02<\/strong><\/p>\n<p style=\"text-align: justify;\">Ida \u2013 Terminal D.I.A., Av. Her\u00e1clito Rollemberg, Av. P (Torre), Av. Quirino, Av. Gasoduto, Av. Auxiliar, Penitenci\u00e1ria.<\/p>\n<p style=\"text-align: justify;\">Volta \u2013 Penitenci\u00e1ria, Av. Auxiliar, Av. Gasoduto, Av. Quirino, Rua J, Av. Her\u00e1clito Rollemberg, Terminal D.I.A.<\/p>\n<p style=\"text-align: justify;\"><strong>412 \u2013 Circular D.I.A.<\/strong><\/p>\n<p style=\"text-align: justify;\">Terminal D.I.A., Av. Tancredo Neves, novo viaduto, Av. Quirino, r\u00f3tula, Av. Quirino, lateral do Ferreira Costa, Av. Tancredo Neves, Terminal D.I.A.<\/p>\n<p>&nbsp;<\/p>\n<p><a href=\"https:\/\/senoticias.com.br\/se\/wp-content\/uploads\/2018\/03\/Logomarca-fone-SE-4-2-1-1.jpg\"><img loading=\"lazy\" decoding=\"async\" class=\"aligncenter wp-image-111750 size-full\" src=\"https:\/\/senoticias.com.br\/se\/wp-content\/uploads\/2018\/03\/Logomarca-fone-SE-4-2-1-1.jpg\" alt=\"\" width=\"599\" height=\"78\" srcset=\"https:\/\/senoticias.com.br\/se\/wp-content\/uploads\/2018\/03\/Logomarca-fone-SE-4-2-1-1.jpg 599w, https:\/\/senoticias.com.br\/se\/wp-content\/uploads\/2018\/03\/Logomarca-fone-SE-4-2-1-1-300x39.jpg 300w\" sizes=\"(max-width: 599px) 100vw, 599px\" \/><\/a><\/p>\n<p>Por SMTT\/Aju<\/p>\n","protected":false},"excerpt":{"rendered":"<p>A Superintend\u00eancia Municipal de Transportes e Tr\u00e2nsito (SMTT) informa aos usu\u00e1rios do transporte coletivo por \u00f4nibus altera\u00e7\u00e3o no itiner\u00e1rio das linhas que atendem o conjunto Orlando Dantas, na zona sul da cidade. As altera\u00e7\u00f5es s\u00e3o necess\u00e1rias devido ao prolongamento do canteiro central da avenida Quirino at\u00e9 a avenida Gasoduto e fechamento do acesso atrav\u00e9s da [&hellip;]<\/p>\n","protected":false},"author":6553,"featured_media":0,"comment_status":"closed","ping_status":"closed","sticky":false,"template":"","format":"standard","meta":{"footnotes":""},"categories":[38],"tags":[339,2875,9293,2979,4351],"class_list":{"0":"post-111973","1":"post","2":"type-post","3":"status-publish","4":"format-standard","6":"category-municipios","7":"tag-aracaju","8":"tag-onibus","9":"tag-orlando-dantas","10":"tag-smtt","11":"tag-transporte"},"_links":{"self":[{"href":"https:\/\/senoticias.com.br\/se\/wp-json\/wp\/v2\/posts\/111973"}],"collection":[{"href":"https:\/\/senoticias.com.br\/se\/wp-json\/wp\/v2\/posts"}],"about":[{"href":"https:\/\/senoticias.com.br\/se\/wp-json\/wp\/v2\/types\/post"}],"author":[{"embeddable":true,"href":"https:\/\/senoticias.com.br\/se\/wp-json\/wp\/v2\/users\/6553"}],"replies":[{"embeddable":true,"href":"https:\/\/senoticias.com.br\/se\/wp-json\/wp\/v2\/comments?post=111973"}],"version-history":[{"count":0,"href":"https:\/\/senoticias.com.br\/se\/wp-json\/wp\/v2\/posts\/111973\/revisions"}],"wp:attachment":[{"href":"https:\/\/senoticias.com.br\/se\/wp-json\/wp\/v2\/media?parent=111973"}],"wp:term":[{"taxonomy":"category","embeddable":true,"href":"https:\/\/senoticias.com.br\/se\/wp-json\/wp\/v2\/categories?post=111973"},{"taxonomy":"post_tag","embeddable":true,"href":"https:\/\/senoticias.com.br\/se\/wp-json\/wp\/v2\/tags?post=111973"}],"curies":[{"name":"wp","href":"https:\/\/api.w.org\/{rel}","templated":true}]}}