{"id":111968,"date":"2018-04-03T15:03:55","date_gmt":"2018-04-03T18:03:55","guid":{"rendered":"https:\/\/senoticias.com.br\/se\/?p=111968"},"modified":"2018-04-03T15:03:55","modified_gmt":"2018-04-03T18:03:55","slug":"instalacao-do-consorcio-do-transporte-publico-da-grande-aracaju-e-adiada","status":"publish","type":"post","link":"https:\/\/senoticias.com.br\/se\/instalacao-do-consorcio-do-transporte-publico-da-grande-aracaju-e-adiada\/","title":{"rendered":"Instala\u00e7\u00e3o do cons\u00f3rcio do transporte p\u00fablico da Grande Aracaju \u00e9 adiada"},"content":{"rendered":"<p style=\"text-align: justify\">A primeira reuni\u00e3o do Cons\u00f3rcio Metropolitano do Transporte P\u00fablico da Grande Aracaju, convocada pelo prefeito Edvaldo Nogueira para esta ter\u00e7a-feira, 3, foi adiada, em decorr\u00eancia da impossibilidade da presen\u00e7a dos prefeitos Airton Martins (Barra dos Coqueiros) e Marcos Santana (S\u00e3o Crist\u00f3v\u00e3o) e do governador Jackson Barreto. Apenas o prefeito Padre Inaldo, de Nossa Senhora do Socorro, compareceu. Os gestores ausentes enviaram representantes, mas o prefeito Edvaldo Nogueira cancelou o encontro, por entender que a presen\u00e7a dos titulares de todas as administra\u00e7\u00f5es \u00e9 fundamental ao funcionamento do cons\u00f3rcio.<\/p>\n<div id=\"attachment_111970\" style=\"width: 608px\" class=\"wp-caption aligncenter\"><a href=\"https:\/\/senoticias.com.br\/se\/wp-content\/uploads\/2018\/04\/img_20180403_wa0021-e1522778609295.jpg\"><img loading=\"lazy\" decoding=\"async\" aria-describedby=\"caption-attachment-111970\" class=\"size-full wp-image-111970\" src=\"https:\/\/senoticias.com.br\/se\/wp-content\/uploads\/2018\/04\/img_20180403_wa0021-e1522778609295.jpg\" alt=\"\" width=\"598\" height=\"398\" \/><\/a><p id=\"caption-attachment-111970\" class=\"wp-caption-text\">Foto: Marco Vieira\/PMA<\/p><\/div>\n<p style=\"text-align: justify\">A reuni\u00e3o foi anunciada pelo prefeito de Aracaju no \u00faltimo 12 de mar\u00e7o. Como prefeitura gestora do cons\u00f3rcio, a administra\u00e7\u00e3o de Aracaju convidou, por of\u00edcio, todos os integrantes que comp\u00f5em o \u00f3rg\u00e3o &#8211; os prefeitos de Barra dos Coqueiros, Nossa Senhora do Socorro e S\u00e3o Crist\u00f3v\u00e3o e o governador do Estado.<\/p>\n<p style=\"text-align: justify\">O prefeito Airton Martins justificou sua aus\u00eancia, por estar de f\u00e9rias, fora do pa\u00eds. O prefeito Marcos Santana informou que n\u00e3o compareceria por conta de um compromisso inadi\u00e1vel. O governador Jackson Barreto tamb\u00e9m notificou que n\u00e3o poderia estar presente. Uma nova reuni\u00e3o ser\u00e1 marcada posteriormente.<\/p>\n<p style=\"text-align: justify\"><strong>Licita\u00e7\u00e3o \u00e9 fundamental<\/strong><\/p>\n<p style=\"text-align: justify\">Ao anunciar a convoca\u00e7\u00e3o da reuni\u00e3o, Edvaldo ressaltou que a elabora\u00e7\u00e3o do edital \u00e9 um processo \u201ccomplexo\u201d, que requer estudos e, por isso, demandar\u00e1 tempo. \u201c\u00c9 um grande avan\u00e7o para as cidades da Grande Aracaju. A licita\u00e7\u00e3o n\u00e3o ser\u00e1 feita de qualquer jeito, mas levar\u00e1 cerca de um ano. O processo dar\u00e1 seguran\u00e7a jur\u00eddica tanto para o poder p\u00fablico quanto para as empresas. Estabelece regras claras sobre idade da frota, reajuste da tarifa. Ou seja, repercute na melhoria da presta\u00e7\u00e3o do servi\u00e7o ao cidad\u00e3o\u201d, destacou ele no dia 12 de mar\u00e7o.<\/p>\n<p style=\"text-align: justify\">O prefeito de Aracaju ainda frisou que a cria\u00e7\u00e3o do cons\u00f3rcio do transporte p\u00fablico est\u00e1 associada ao in\u00edcio da implanta\u00e7\u00e3o do Plano de Mobilidade, cujos recursos foram assegurados junto ao Governo Federal no in\u00edcio de fevereiro deste ano. Mais de R$ 130 milh\u00f5es ser\u00e3o usados para a revitaliza\u00e7\u00e3o de quatro corredores do transporte p\u00fablico, reforma de terminais, constru\u00e7\u00e3o de abrigos de \u00f4nibus e semaforiza\u00e7\u00e3o inteligente. \u201cO Plano de Mobilidade Urbana e o in\u00edcio das discuss\u00f5es do cons\u00f3rcio s\u00e3o pontos fundamentais para que ofere\u00e7amos aos aracajuanos um servi\u00e7o de transporte digno, que traga conforto, qualidade e tranquilidade\u201d, refor\u00e7ou Edvaldo.<\/p>\n<p style=\"text-align: justify\">Da Ag\u00eancia Aracaju Noticias.<\/p>\n<p><strong>Acompanhe tamb\u00e9m o SE Not\u00edcias no<\/strong><strong>\u00a0<\/strong><a href=\"https:\/\/twitter.com\/Senoticias\"><strong>Twitter<\/strong><\/a><strong>,<\/strong><strong>\u00a0<\/strong><a href=\"https:\/\/www.facebook.com\/senoticias1\"><strong>Facebook<\/strong><strong>\u00a0<\/strong><\/a><strong>e no<\/strong><strong>\u00a0<\/strong><a href=\"https:\/\/www.instagram.com\/senoticias\/\"><strong>Instagram<\/strong><\/a><strong>.<\/strong><\/p>\n<p><a href=\"https:\/\/senoticias.com.br\/se\/wp-content\/uploads\/2018\/03\/Logomarca-fone-SE-4-2-1-1.jpg\"><img loading=\"lazy\" decoding=\"async\" class=\"aligncenter size-full wp-image-111750\" src=\"https:\/\/senoticias.com.br\/se\/wp-content\/uploads\/2018\/03\/Logomarca-fone-SE-4-2-1-1.jpg\" alt=\"\" width=\"599\" height=\"78\" srcset=\"https:\/\/senoticias.com.br\/se\/wp-content\/uploads\/2018\/03\/Logomarca-fone-SE-4-2-1-1.jpg 599w, https:\/\/senoticias.com.br\/se\/wp-content\/uploads\/2018\/03\/Logomarca-fone-SE-4-2-1-1-300x39.jpg 300w\" sizes=\"(max-width: 599px) 100vw, 599px\" \/><\/a><\/p>\n","protected":false},"excerpt":{"rendered":"<p>A primeira reuni\u00e3o do Cons\u00f3rcio Metropolitano do Transporte P\u00fablico da Grande Aracaju, convocada pelo prefeito Edvaldo Nogueira para esta ter\u00e7a-feira, 3, foi adiada, em decorr\u00eancia da impossibilidade da presen\u00e7a dos prefeitos Airton Martins (Barra dos Coqueiros) e Marcos Santana (S\u00e3o Crist\u00f3v\u00e3o) e do governador Jackson Barreto. Apenas o prefeito Padre Inaldo, de Nossa Senhora do [&hellip;]<\/p>\n","protected":false},"author":6554,"featured_media":111970,"comment_status":"closed","ping_status":"closed","sticky":false,"template":"","format":"standard","meta":{"footnotes":""},"categories":[38],"tags":[9292],"class_list":{"0":"post-111968","1":"post","2":"type-post","3":"status-publish","4":"format-standard","5":"has-post-thumbnail","7":"category-municipios","8":"tag-instalacao-do-consorcio-do-transporte-publico-da-grande-aracaju-e-adiada"},"_links":{"self":[{"href":"https:\/\/senoticias.com.br\/se\/wp-json\/wp\/v2\/posts\/111968"}],"collection":[{"href":"https:\/\/senoticias.com.br\/se\/wp-json\/wp\/v2\/posts"}],"about":[{"href":"https:\/\/senoticias.com.br\/se\/wp-json\/wp\/v2\/types\/post"}],"author":[{"embeddable":true,"href":"https:\/\/senoticias.com.br\/se\/wp-json\/wp\/v2\/users\/6554"}],"replies":[{"embeddable":true,"href":"https:\/\/senoticias.com.br\/se\/wp-json\/wp\/v2\/comments?post=111968"}],"version-history":[{"count":0,"href":"https:\/\/senoticias.com.br\/se\/wp-json\/wp\/v2\/posts\/111968\/revisions"}],"wp:featuredmedia":[{"embeddable":true,"href":"https:\/\/senoticias.com.br\/se\/wp-json\/wp\/v2\/media\/111970"}],"wp:attachment":[{"href":"https:\/\/senoticias.com.br\/se\/wp-json\/wp\/v2\/media?parent=111968"}],"wp:term":[{"taxonomy":"category","embeddable":true,"href":"https:\/\/senoticias.com.br\/se\/wp-json\/wp\/v2\/categories?post=111968"},{"taxonomy":"post_tag","embeddable":true,"href":"https:\/\/senoticias.com.br\/se\/wp-json\/wp\/v2\/tags?post=111968"}],"curies":[{"name":"wp","href":"https:\/\/api.w.org\/{rel}","templated":true}]}}