{"id":111967,"date":"2018-04-03T15:01:02","date_gmt":"2018-04-03T18:01:02","guid":{"rendered":"https:\/\/senoticias.com.br\/se\/?p=111967"},"modified":"2018-04-03T15:01:02","modified_gmt":"2018-04-03T18:01:02","slug":"numero-de-ocupados-cresce-entre-menos-escolarizados-jovens-e-mulheres-diz-ipea","status":"publish","type":"post","link":"https:\/\/senoticias.com.br\/se\/numero-de-ocupados-cresce-entre-menos-escolarizados-jovens-e-mulheres-diz-ipea\/","title":{"rendered":"N\u00famero de ocupados cresce entre menos escolarizados, jovens e mulheres, diz Ipea"},"content":{"rendered":"<p style=\"text-align: justify\">O recuo da taxa de desocupa\u00e7\u00e3o \u00e9 maior entre trabalhadores com ensino fundamental e m\u00e9dio, jovens e mulheres, concluiu o Instituto de Pesquisa Econ\u00f4mica Aplicada (Ipea) na se\u00e7\u00e3o Mercado de Trabalho da Carta de Conjuntura, publicada hoje (3).<\/p>\n<div id=\"attachment_111969\" style=\"width: 609px\" class=\"wp-caption aligncenter\"><a href=\"https:\/\/senoticias.com.br\/se\/wp-content\/uploads\/2018\/04\/mulher-trabalho-Senoticias.jpg\"><img loading=\"lazy\" decoding=\"async\" aria-describedby=\"caption-attachment-111969\" class=\"size-full wp-image-111969\" src=\"https:\/\/senoticias.com.br\/se\/wp-content\/uploads\/2018\/04\/mulher-trabalho-Senoticias.jpg\" alt=\"\" width=\"599\" height=\"353\" srcset=\"https:\/\/senoticias.com.br\/se\/wp-content\/uploads\/2018\/04\/mulher-trabalho-Senoticias.jpg 599w, https:\/\/senoticias.com.br\/se\/wp-content\/uploads\/2018\/04\/mulher-trabalho-Senoticias-300x177.jpg 300w\" sizes=\"(max-width: 599px) 100vw, 599px\" \/><\/a><p id=\"caption-attachment-111969\" class=\"wp-caption-text\">A ocupa\u00e7\u00e3o teve expans\u00e3o de 2% em um ano, segundo o Ipea (Foto: Arquivo\/ABr)<\/p><\/div>\n<p style=\"text-align: justify\">Segundo o Ipea, apesar do aumento registrado no in\u00edcio do ano, devido \u00e0 sazonalidade do per\u00edodo, a taxa de desocupa\u00e7\u00e3o vem caindo na compara\u00e7\u00e3o interanual &#8220;de forma consistente e atinge todos os segmentos da popula\u00e7\u00e3o&#8221;, sendo mais intenso nesse grupo de trabalhadores.<\/p>\n<p style=\"text-align: justify\">\u201cEmbora ainda se encontre em n\u00edveis muito abaixo dos observados no per\u00edodo pr\u00e9-crise, o contingente de trabalhadores ocupados vem crescendo, na compara\u00e7\u00e3o interanual, desde o trimestre encerrado em julho de 2017, de tal modo que, em fevereiro de 2018, a taxa de expans\u00e3o interanual apontada foi de 2%\u201d, diz o Ipea.<\/p>\n<p style=\"text-align: justify\">Entre os trabalhadores com ensino m\u00e9dio incompleto, a taxa de desocupa\u00e7\u00e3o caiu de 24,2% para 20,4% entre primeiro e o \u00faltimo trimestre de 2017. Na mesma base de compara\u00e7\u00e3o, o desemprego entre os jovens de 18 a 24 anos recuou de 28,8% para 25,3%. No caso das mulheres, a desocupa\u00e7\u00e3o passou de 15,8% para 13,2%. A mesma taxa para os homens recuou menos, ao passar de 12,2% para 10,5%.<\/p>\n<p style=\"text-align: justify\"><strong>Rendimentos<\/strong><\/p>\n<p style=\"text-align: justify\">Os maiores aumentos salariais foram auferidos pelos homens (2,6%), pelos trabalhadores com ensino m\u00e9dio incompleto (5%) e pelos moradores das regi\u00f5es Norte (5,4%) e Nordeste (4,3%), na compara\u00e7\u00e3o entre o primeiro e o quarto trimestre de 2017.<\/p>\n<p style=\"text-align: justify\">O estudo do Ipea foi feito com base em em dados da Pesquisa Nacional por Amostra de Domic\u00edlios Cont\u00ednua (Pnad-C), do Instituto Brasileiro de Geografia e Estat\u00edstica (IBGE).<\/p>\n<p><em><strong>Acompanhe tamb\u00e9m o SE Not\u00edcias no<\/strong><span class=\"apple-converted-space\"><b>\u00a0<\/b><\/span><a href=\"https:\/\/twitter.com\/Senoticias\" target=\"_blank\" rel=\"noopener\"><b>Twitter<\/b><\/a><strong>,<\/strong><span class=\"apple-converted-space\"><b>\u00a0<\/b><\/span><a href=\"https:\/\/www.facebook.com\/senoticias1\" target=\"_blank\" rel=\"noopener\"><b>Facebook<\/b><span class=\"apple-converted-space\"><b>\u00a0<\/b><\/span><\/a><strong>e no<\/strong><span class=\"apple-converted-space\"><b>\u00a0<\/b><\/span><a href=\"https:\/\/www.instagram.com\/senoticias\/\" target=\"_blank\" rel=\"noopener\"><b>Instagram\u00a0\u00a0\u00a0<\/b><\/a><\/em><\/p>\n<p style=\"text-align: justify\"><a href=\"https:\/\/senoticias.com.br\/se\/wp-content\/uploads\/2018\/03\/Logomarca-fone-SE-4-2-1-1.jpg\"><img loading=\"lazy\" decoding=\"async\" class=\"aligncenter size-full wp-image-111750\" src=\"https:\/\/senoticias.com.br\/se\/wp-content\/uploads\/2018\/03\/Logomarca-fone-SE-4-2-1-1.jpg\" alt=\"\" width=\"599\" height=\"78\" srcset=\"https:\/\/senoticias.com.br\/se\/wp-content\/uploads\/2018\/03\/Logomarca-fone-SE-4-2-1-1.jpg 599w, https:\/\/senoticias.com.br\/se\/wp-content\/uploads\/2018\/03\/Logomarca-fone-SE-4-2-1-1-300x39.jpg 300w\" sizes=\"(max-width: 599px) 100vw, 599px\" \/><\/a><\/p>\n<p><em>Fonte: Ag\u00eancia Brasil<\/em><\/p>\n","protected":false},"excerpt":{"rendered":"<p>O recuo da taxa de desocupa\u00e7\u00e3o \u00e9 maior entre trabalhadores com ensino fundamental e m\u00e9dio, jovens e mulheres, concluiu o Instituto de Pesquisa Econ\u00f4mica Aplicada (Ipea) na se\u00e7\u00e3o Mercado de Trabalho da Carta de Conjuntura, publicada hoje (3). Segundo o Ipea, apesar do aumento registrado no in\u00edcio do ano, devido \u00e0 sazonalidade do per\u00edodo, a [&hellip;]<\/p>\n","protected":false},"author":6555,"featured_media":111969,"comment_status":"closed","ping_status":"closed","sticky":false,"template":"","format":"standard","meta":{"footnotes":""},"categories":[8],"tags":[],"class_list":{"0":"post-111967","1":"post","2":"type-post","3":"status-publish","4":"format-standard","5":"has-post-thumbnail","7":"category-esporte-e-cultura"},"_links":{"self":[{"href":"https:\/\/senoticias.com.br\/se\/wp-json\/wp\/v2\/posts\/111967"}],"collection":[{"href":"https:\/\/senoticias.com.br\/se\/wp-json\/wp\/v2\/posts"}],"about":[{"href":"https:\/\/senoticias.com.br\/se\/wp-json\/wp\/v2\/types\/post"}],"author":[{"embeddable":true,"href":"https:\/\/senoticias.com.br\/se\/wp-json\/wp\/v2\/users\/6555"}],"replies":[{"embeddable":true,"href":"https:\/\/senoticias.com.br\/se\/wp-json\/wp\/v2\/comments?post=111967"}],"version-history":[{"count":0,"href":"https:\/\/senoticias.com.br\/se\/wp-json\/wp\/v2\/posts\/111967\/revisions"}],"wp:featuredmedia":[{"embeddable":true,"href":"https:\/\/senoticias.com.br\/se\/wp-json\/wp\/v2\/media\/111969"}],"wp:attachment":[{"href":"https:\/\/senoticias.com.br\/se\/wp-json\/wp\/v2\/media?parent=111967"}],"wp:term":[{"taxonomy":"category","embeddable":true,"href":"https:\/\/senoticias.com.br\/se\/wp-json\/wp\/v2\/categories?post=111967"},{"taxonomy":"post_tag","embeddable":true,"href":"https:\/\/senoticias.com.br\/se\/wp-json\/wp\/v2\/tags?post=111967"}],"curies":[{"name":"wp","href":"https:\/\/api.w.org\/{rel}","templated":true}]}}