{"id":111966,"date":"2018-04-03T14:55:38","date_gmt":"2018-04-03T17:55:38","guid":{"rendered":"https:\/\/senoticias.com.br\/se\/?p=111966"},"modified":"2018-04-03T14:55:38","modified_gmt":"2018-04-03T17:55:38","slug":"segundo-suspeito-de-assassinar-jovem-por-divida-de-r-800-se-entrega-a-policia","status":"publish","type":"post","link":"https:\/\/senoticias.com.br\/se\/segundo-suspeito-de-assassinar-jovem-por-divida-de-r-800-se-entrega-a-policia\/","title":{"rendered":"Segundo suspeito de assassinar jovem por d\u00edvida de R$ 800 se entrega \u00e0 pol\u00edcia"},"content":{"rendered":"<p style=\"text-align: justify\">O segundo suspeito de assassinar o jovem Antony Marques Santos Rocha, 21 anos, por conta de uma d\u00edvida de R$ 800 se entregou na manh\u00e3 desta ter\u00e7a-feira (3) no Departamento de Homic\u00eddio e Prote\u00e7\u00e3o \u00e0 Pessoa (DHPP). Ele presta depoimento para a delegada Maria Zuln\u00e1ria.<\/p>\n<div id=\"attachment_105005\" style=\"width: 609px\" class=\"wp-caption aligncenter\"><a href=\"https:\/\/senoticias.com.br\/se\/wp-content\/uploads\/2017\/07\/DHPP-senoticias-e1500597458897.jpg\"><img loading=\"lazy\" decoding=\"async\" aria-describedby=\"caption-attachment-105005\" class=\"size-full wp-image-105005\" src=\"https:\/\/senoticias.com.br\/se\/wp-content\/uploads\/2017\/07\/DHPP-senoticias-e1500597458897.jpg\" alt=\"\" width=\"599\" height=\"397\" \/><\/a><p id=\"caption-attachment-105005\" class=\"wp-caption-text\">DHPP Foto: Ascom\/SSP<\/p><\/div>\n<p style=\"text-align: justify\">De acordo com Vagner Rogeris Lima, advogado do suspeito, o cliente matou para n\u00e3o morrer. &#8220;Ele vai contar toda a vers\u00e3o. Ele vinha sendo amea\u00e7ado que assim que o rapaz se soltasse iria mat\u00e1-lo. Isso levou ele a cometer o homic\u00eddio. O Toca n\u00e3o viu outra situa\u00e7\u00e3o sen\u00e3o matar ou morrer&#8221;, explicou.<\/p>\n<p style=\"text-align: justify\">Alisson Pereira Santos, o \u2018Toca\u2019, \u00e9 o dono do estabelecimento onde o jovem fez as recargas. O outro suspeito de cometer o crime, Jos\u00e9 Carlos, foi preso provisoriamente enquanto prestava depoimento.<\/p>\n<p style=\"text-align: justify\">O jovem estava desaparecido desde o dia 19 de mar\u00e7o deste ano. Ap\u00f3s dilig\u00eancias equipes do DHPP localizaram o corpo do jovem na tarde da \u00faltima ter\u00e7a-feira (27) enterrado no Povoado Lavandeira, munic\u00edpio de Nossa Senhora do Socorro, com marcas de agress\u00f5es e disparos por arma de fogo.<\/p>\n<p style=\"text-align: justify\">Segundo a delegada Maria Zuln\u00e1ria, que conduziu as investiga\u00e7\u00f5es, familiares da v\u00edtima relacionavam o crime a um telefonema, de autoria desconhecida, com a promessa de uma premia\u00e7\u00e3o no valor de R$ 25 mil caso ele efetuasse recargas em um telefone celular. \u201cA v\u00edtima acabou realizando um total de 30 recargas, acumulando um d\u00e9bito em torno de R$ 800 aos acusados. Diante da recusa da quita\u00e7\u00e3o da d\u00edvida, o Jos\u00e9 Carlos, juntamente com o comparsa Alisson Pereira, acabaram cometendo o crime\u201d, explicou.<\/p>\n<p>Do G1 SE.<\/p>\n<p><strong>Acompanhe tamb\u00e9m o SE Not\u00edcias no<\/strong><strong>\u00a0<\/strong><a href=\"https:\/\/twitter.com\/Senoticias\"><strong>Twitter<\/strong><\/a><strong>,<\/strong><strong>\u00a0<\/strong><a href=\"https:\/\/www.facebook.com\/senoticias1\"><strong>Facebook<\/strong><strong>\u00a0<\/strong><\/a><strong>e no<\/strong><strong>\u00a0<\/strong><a href=\"https:\/\/www.instagram.com\/senoticias\/\"><strong>Instagram<\/strong><\/a><strong>.<\/strong><\/p>\n<p><a href=\"https:\/\/senoticias.com.br\/se\/wp-content\/uploads\/2018\/03\/Logomarca-fone-SE-4-2-1-1.jpg\"><img loading=\"lazy\" decoding=\"async\" class=\"aligncenter size-full wp-image-111750\" src=\"https:\/\/senoticias.com.br\/se\/wp-content\/uploads\/2018\/03\/Logomarca-fone-SE-4-2-1-1.jpg\" alt=\"\" width=\"599\" height=\"78\" srcset=\"https:\/\/senoticias.com.br\/se\/wp-content\/uploads\/2018\/03\/Logomarca-fone-SE-4-2-1-1.jpg 599w, https:\/\/senoticias.com.br\/se\/wp-content\/uploads\/2018\/03\/Logomarca-fone-SE-4-2-1-1-300x39.jpg 300w\" sizes=\"(max-width: 599px) 100vw, 599px\" \/><\/a><\/p>\n","protected":false},"excerpt":{"rendered":"<p>O segundo suspeito de assassinar o jovem Antony Marques Santos Rocha, 21 anos, por conta de uma d\u00edvida de R$ 800 se entregou na manh\u00e3 desta ter\u00e7a-feira (3) no Departamento de Homic\u00eddio e Prote\u00e7\u00e3o \u00e0 Pessoa (DHPP). Ele presta depoimento para a delegada Maria Zuln\u00e1ria. De acordo com Vagner Rogeris Lima, advogado do suspeito, o [&hellip;]<\/p>\n","protected":false},"author":6554,"featured_media":105005,"comment_status":"closed","ping_status":"closed","sticky":false,"template":"","format":"standard","meta":{"footnotes":""},"categories":[7],"tags":[9291],"class_list":{"0":"post-111966","1":"post","2":"type-post","3":"status-publish","4":"format-standard","5":"has-post-thumbnail","7":"category-policia","8":"tag-segundo-suspeito-de-assassinar-jovem-por-divida-de-r-800-se-entrega-a-policia"},"_links":{"self":[{"href":"https:\/\/senoticias.com.br\/se\/wp-json\/wp\/v2\/posts\/111966"}],"collection":[{"href":"https:\/\/senoticias.com.br\/se\/wp-json\/wp\/v2\/posts"}],"about":[{"href":"https:\/\/senoticias.com.br\/se\/wp-json\/wp\/v2\/types\/post"}],"author":[{"embeddable":true,"href":"https:\/\/senoticias.com.br\/se\/wp-json\/wp\/v2\/users\/6554"}],"replies":[{"embeddable":true,"href":"https:\/\/senoticias.com.br\/se\/wp-json\/wp\/v2\/comments?post=111966"}],"version-history":[{"count":0,"href":"https:\/\/senoticias.com.br\/se\/wp-json\/wp\/v2\/posts\/111966\/revisions"}],"wp:featuredmedia":[{"embeddable":true,"href":"https:\/\/senoticias.com.br\/se\/wp-json\/wp\/v2\/media\/105005"}],"wp:attachment":[{"href":"https:\/\/senoticias.com.br\/se\/wp-json\/wp\/v2\/media?parent=111966"}],"wp:term":[{"taxonomy":"category","embeddable":true,"href":"https:\/\/senoticias.com.br\/se\/wp-json\/wp\/v2\/categories?post=111966"},{"taxonomy":"post_tag","embeddable":true,"href":"https:\/\/senoticias.com.br\/se\/wp-json\/wp\/v2\/tags?post=111966"}],"curies":[{"name":"wp","href":"https:\/\/api.w.org\/{rel}","templated":true}]}}