{"id":111955,"date":"2018-04-03T14:01:15","date_gmt":"2018-04-03T17:01:15","guid":{"rendered":"https:\/\/senoticias.com.br\/se\/?p=111955"},"modified":"2018-04-03T14:02:34","modified_gmt":"2018-04-03T17:02:34","slug":"jackson-lanca-editais-de-concursos-publicos-para-policia-militar-corpo-de-bombeiros-agentes-penitenciarios-e-gestores-publicos","status":"publish","type":"post","link":"https:\/\/senoticias.com.br\/se\/jackson-lanca-editais-de-concursos-publicos-para-policia-militar-corpo-de-bombeiros-agentes-penitenciarios-e-gestores-publicos\/","title":{"rendered":"Jackson lan\u00e7a editais de concursos p\u00fablicos para Pol\u00edcia Militar, Corpo de Bombeiros, Agentes Penitenci\u00e1rios e Gestores P\u00fablicos"},"content":{"rendered":"<p style=\"text-align: justify;\">O governador Jackson Barreto lan\u00e7ou, na manh\u00e3 desta ter\u00e7a-feira (03), no Pal\u00e1cio dos Despachos, os editais para realiza\u00e7\u00e3o de concursos p\u00fablicos para Pol\u00edcia Militar, Corpo de Bombeiros, Agentes Penitenci\u00e1rios e Gestores P\u00fablicos. Ser\u00e3o ofertadas 661 novas vagas na rede p\u00fablica estadual, sendo 300 vagas para soldado da Pol\u00edcia Militar e 30 para aspirante; 200 vagas para soldado Bombeiro; 12 para aspirante; 100 vagas para Guarda Prisional e 19 vagas para Gestor P\u00fablico. Os editais estar\u00e3o dispon\u00edveis no Di\u00e1rio Oficial do Estado, a partir desta quarta-feira (04).<\/p>\n<div id=\"attachment_111956\" style=\"width: 609px\" class=\"wp-caption aligncenter\"><a href=\"https:\/\/senoticias.com.br\/se\/wp-content\/uploads\/2018\/04\/dca90dda773abc120fca640c4763158d-e1522774523704.jpeg\"><img loading=\"lazy\" decoding=\"async\" aria-describedby=\"caption-attachment-111956\" class=\"size-full wp-image-111956\" src=\"https:\/\/senoticias.com.br\/se\/wp-content\/uploads\/2018\/04\/dca90dda773abc120fca640c4763158d-e1522774523704.jpeg\" alt=\"\" width=\"599\" height=\"384\" \/><\/a><p id=\"caption-attachment-111956\" class=\"wp-caption-text\">Segundo o governador, os editais estar\u00e3o dispon\u00edveis no Di\u00e1rio Oficial do Estado, a partir desta quarta-feira, 04 (foto: Jorge Henrique\/ASN)<\/p><\/div>\n<p style=\"text-align: justify;\">Para o governador Jackson Barreto, os editais acompanham\u00a0o crescimento do estado e atendem\u00a0\u00e0s demandas existentes. \u201cN\u00f3s estamos vendo a necessidade que o estado tem de engrandecer o n\u00famero de policiais\u00a0para atender \u00e0s necessidades. O crescimento do estado nos leva a essa posi\u00e7\u00e3o de aumentar o n\u00famero de profissionais. Ser\u00e3o 661 novas vagas, todos com cotas de 10% para afrodescendentes. S\u00f3 melhora a Seguran\u00e7a P\u00fablica quando se investe na seguran\u00e7a, principalmente quando aumenta o efetivo da Pol\u00edcia Militar. Eu acredito que o pr\u00f3ximo governador vai ter que fazer isso. Come\u00e7a nomeando 300\u00a0e, de acordo com o n\u00famero de aprovados, vai ter que ir nomeando, como eu fiz tamb\u00e9m com a Pol\u00edcia Civil, com 100 vagas no edital. E hoje, com a Pol\u00edcia Civil, com a Per\u00edcia, j\u00e1 estamos com quase 300 nomeados. Estou muito feliz como governador do Estado por estar cumprindo com a minha palavra de, antes de sair do governo, publicar esses editais&#8221;, ressaltou.<\/p>\n<p style=\"text-align: justify;\">O vice-governador Belivaldo Chagas disse que a\u00e7\u00e3o\u00a0demonstra a\u00a0preocupa\u00e7\u00e3o do governo do Estado\u00a0com a quest\u00e3o da seguran\u00e7a p\u00fablica. \u201c S\u00e3o mais policias militares que ser\u00e3o convocados a partir deste concurso, assim como tamb\u00e9m vai refor\u00e7ar Corpo de Bombeiros, agentes penitenci\u00e1rios e, refor\u00e7ar a pr\u00f3pria administra\u00e7\u00e3o com concurso para gestor p\u00fablico. O governo do Estado mostra seu compromisso para com a moderniza\u00e7\u00e3o tamb\u00e9m da m\u00e1quina administrativa&#8221;, \u00a0destacou.<\/p>\n<p style=\"text-align: justify;\">Na opini\u00e3o do secret\u00e1rio de Estado da Seguran\u00e7a P\u00fablica, Jo\u00e3o Eloy, a amplia\u00e7\u00e3o do efetivo refletir\u00e1 na eleva\u00e7\u00e3o da seguran\u00e7a p\u00fablica e na prote\u00e7\u00e3o da popula\u00e7\u00e3o. \u00a0\u201cSe todo governador fizesse concurso, como o governador Jackson fez, a hist\u00f3ria da seguran\u00e7a p\u00fablica seria outra. Depois desse concurso, eu tenho certeza que os outros governadores que vir\u00e3o, ir\u00e3o olhar para a Seguran\u00e7a P\u00fablica como o governador tem olhado\u201d, disse.<\/p>\n<p style=\"text-align: justify;\"><strong>Editais<\/strong><\/p>\n<p style=\"text-align: justify;\">As provas objetivas dever\u00e3o ser realizadas em datas diferentes, 60 dias ap\u00f3s a publica\u00e7\u00e3o do edital. Os candidatos aprovados nas provas objetivas ser\u00e3o submetidos a novas fases: teste de aptid\u00e3o f\u00edsica (exceto Gestor P\u00fablico), avalia\u00e7\u00e3o psicol\u00f3gica (exceto Gestor P\u00fablico) e Pesquisa de Conduta Social (exceto Gestor P\u00fablico). Ap\u00f3s a realiza\u00e7\u00e3o dessas fases, os aprovados ingressam na carreira e se submetem a cursos de forma\u00e7\u00e3o (eliminat\u00f3rio para todas as categorias e eliminat\u00f3rio e classificat\u00f3rio para os Gestores). A contrata\u00e7\u00e3o dever\u00e1 ser em 2019.<\/p>\n<p style=\"text-align: justify;\">Para soldado da PM, ser\u00e1 exigido o n\u00edvel m\u00e9dio e, para aspirante, ser bacharel em Direito. Para bombeiro, a exig\u00eancia \u00e9 de n\u00edvel m\u00e9dio para soldado e de n\u00edvel superior em qualquer \u00e1rea para aspirante. J\u00e1 para guarda prisional, o interessado precisar\u00e1 apenas ter o n\u00edvel m\u00e9dio e para gestor p\u00fablico ter qualquer forma\u00e7\u00e3o superior.<\/p>\n<p style=\"text-align: justify;\">O sal\u00e1rio inicial dos aprovados no concurso de soldado da PM e Bombeiros ser\u00e1 de R$ 3.370,00 e o de aspirante ser\u00e1 de R$ 9.236,39; o sal\u00e1rio do agente penitenci\u00e1rio corresponder\u00e1 a R$ 1.500,00; e o de gestor p\u00fablico R$ 7.714,29.<\/p>\n<p style=\"text-align: justify;\">Para o concurso da Pol\u00edcia Militar e Bombeiros haver\u00e1 uma quota de 20% para mulheres. J\u00e1 para guarda prisional, 75 vagas ser\u00e3o para homens e 25 para mulheres. Em todos os concursos haver\u00e1 quota de 10% para afrodescendentes.<\/p>\n<p><strong>Efetivo<\/strong><\/p>\n<p style=\"text-align: justify;\">De acordo o comandante\u00a0da Pol\u00edcia Militar de Sergipe, coronel Marcony Cabral, os editais fazem parte da pol\u00edtica de aumento da frota da Policia Militar desenvolvido pelo governo do Estado. \u201cIsso tem um reflexo direto nas ruas, porque a Pol\u00edcia\u00a0Militar para fazer o trabalho preventivo precisa de um efetivo condizente com as demandas de viol\u00eancia que se apresentam no Pa\u00eds e esse concurso vai trazer uma oxigena\u00e7\u00e3o \u00e0 Corpora\u00e7\u00e3o, inclusive, movimenta a juventude porque \u00e9 mais uma possibilidade de emprego que surge. Vale destacar tamb\u00e9m o concurso para oficiais tem mais de dez anos, e isso significa a sequ\u00eancia da gest\u00e3o da corpora\u00e7\u00e3o porque s\u00e3o pessoas que entrar\u00e3o na Policia Militar e ser\u00e3o os futuros comandantes gerais da Pol\u00edcia Militar de Sergipe. Ent\u00e3o, n\u00f3s estamos satisfeitos e esperamos que a implementa\u00e7\u00e3o dessa politica seja perene. Espero que os pr\u00f3ximos governos tamb\u00e9m fa\u00e7am sua parte para que o efetivo possa atender a demanda da sociedade&#8221;, frisou.<\/p>\n<p style=\"text-align: justify;\">O secret\u00e1rio Rosman Pereira destacou a import\u00e2ncia da realiza\u00e7\u00e3o dos concursos. \u201c\u00c9 de extrema import\u00e2ncia por colocar no servi\u00e7o p\u00fablico estadual centenas de pessoas nesse momento de crise\u00a0e pelos servi\u00e7os que os aprovados prestar\u00e3o \u00e0 popula\u00e7\u00e3o\u201d, afirma.<\/p>\n<p style=\"text-align: justify;\">Em outubro, a PMSE incorporou ao seu contingente 249 novos soldados aprovados no concurso de ingresso aos quadros da Corpora\u00e7\u00e3o em 2014. Foi a terceira turma daquele concurso. Em mar\u00e7o de 2016, ingressaram na corpora\u00e7\u00e3o 350 novos soldados e, em janeiro de 2015, aconteceu a formatura da primeira turma constitu\u00edda por 657 alunos. Com as tr\u00eas turmas ingressaram mais de 1.250 novos soldados na Corpora\u00e7\u00e3o.<\/p>\n<p style=\"text-align: justify;\">J\u00e1 foram chamados 295 agentes e escriv\u00e3es do concurso realizado em 2014 para provimento de vagas dos cargos de Agente de Pol\u00edcia Judici\u00e1ria Substituto e Escriv\u00e3o de Pol\u00edcia Substituto, pertencente ao quadro de pessoal da Secretaria de Estado da Seguran\u00e7a P\u00fablica.<\/p>\n<p style=\"text-align: justify;\">Em 2014, a SSP realizou concurso para peritos m\u00e9dico-legal, perito odonto-legal e perito criminal (n\u00edvel superior) e papiloscopista e agente t\u00e9cnico de necropsia (n\u00edvel m\u00e9dio). Na primeira convoca\u00e7\u00e3o, em maio de 2015, foram nomeados servidores. Novas convoca\u00e7\u00f5es foram feitas em junho e agosto de 2016, totalizando 74 nomeados.<\/p>\n<p style=\"text-align: justify;\"><strong>Unidade de ensino do Corpo de Bombeiros\u00a0<\/strong><\/p>\n<p style=\"text-align: justify;\">Na oportunidade, o governador assinou tamb\u00e9m ordem de servi\u00e7o para reforma do im\u00f3vel para implanta\u00e7\u00e3o do Departamento de Pesquisa e Instru\u00e7\u00e3o do Corpo de Bombeiros. Um investimento de R$ 437.862.000 mil. \u00a0Segundo o governador, a unidade do Ensino do Corpo de Bombeiros ir\u00e1 funcionar num espa\u00e7o da Escola John kennedy. &#8220;O espa\u00e7o\u00a0estava sem uso\u00a0e n\u00f3s passamos para o Corpo de Bombeiros. Ela ser\u00e1 reformada e adaptada para ser um centro de estudos do Corpo de Bombeiros. \u00c9 mais uma vit\u00f3ria para o Corpo de Bombeiros de Sergipe\u201d, ressaltou o governador.<\/p>\n<p style=\"text-align: justify;\">&#8220;Nosso \u00faltimo concurso foi realizado h\u00e1 11 anos, consequentemente a corpora\u00e7\u00e3o foi interiorizada, v\u00e1rias unidades foram implantadas em cidades do nosso estado para atender melhor a popula\u00e7\u00e3o. Al\u00e9m disso, n\u00f3s fortalecemos a parte de atividades t\u00e9cnicas, que \u00e9 a fiscaliza\u00e7\u00e3o, an\u00e1lise de projetos, vistorias, preven\u00e7\u00e3o contra inc\u00eandios. E tudo isso que nos fizemos foi com o mesmo efetivo. Ali\u00e1s, o efetivo diminuiu porque com o passar do tempo, as pessoas se aposentam e ,consequentemente, al\u00e9m das atividades terem aumentado, al\u00e9m da nossa demanda de trabalho ter aumentado, nosso efetivo diminuiu em virtudes de alguns bombeiros que tiveram que se aposentar. \u00a0Ent\u00e3o, esse concurso \u00e9 de extrema import\u00e2ncia para que possamos melhorar os servi\u00e7os j\u00e1 existentes e implementar outros. Por exemplo, temos a pretens\u00e3o de criar uma nova unidade operacional na regi\u00e3o do Alto Sert\u00e3o Sergipano, uma regi\u00e3o que o Corpo de Bombeiros ainda n\u00e3o se faz presente\u201d, revelou o comandante do Corpo de Bombeiros, coronel Mendes.<\/p>\n<p><strong>Concurso do Magist\u00e9rio\u00a0<\/strong><\/p>\n<p style=\"text-align: justify;\">Na ocasi\u00e3o,\u00a0o governador Jackson Barreto relatou a import\u00e2ncia de se fazer tamb\u00e9m o concurso para o\u00a0Magist\u00e9rio. &#8220;Eu falei com Belivaldo chagas, nosso vice-governador que vai assumir o governo. Ele sabe da import\u00e2ncia de realizarmos o concurso para professor este ano, porque se n\u00e3o realizarmos, no pr\u00f3ximo ano teremos dificuldades para fazer as escolas funcionarem. H\u00e1 uma demanda muito grande e um n\u00famero de aposentadoria tamb\u00e9m muito grande. \u00c9 preciso fazer esse concurso&#8221;.<\/p>\n<p style=\"text-align: justify;\"><strong>Presen\u00e7as\u00a0<\/strong><\/p>\n<p style=\"text-align: justify;\">Estiveram presentes os secret\u00e1rios de Estado da Comunica\u00e7\u00e3o Sales Neto;\u00a0Justi\u00e7a, Cristiano\u00a0Barreto; da Fazenda, Josu\u00e9 Modesto; \u00a0o deputado estadual Capit\u00e3o Samuel e a superintendente da Casa Civil Concei\u00e7\u00e3o Vieira.<\/p>\n<p>&nbsp;<\/p>\n<p><a href=\"https:\/\/senoticias.com.br\/se\/wp-content\/uploads\/2018\/03\/Logomarca-fone-SE-4-2-1-1.jpg\"><img loading=\"lazy\" decoding=\"async\" class=\"aligncenter size-full wp-image-111750\" src=\"https:\/\/senoticias.com.br\/se\/wp-content\/uploads\/2018\/03\/Logomarca-fone-SE-4-2-1-1.jpg\" alt=\"\" width=\"599\" height=\"78\" srcset=\"https:\/\/senoticias.com.br\/se\/wp-content\/uploads\/2018\/03\/Logomarca-fone-SE-4-2-1-1.jpg 599w, https:\/\/senoticias.com.br\/se\/wp-content\/uploads\/2018\/03\/Logomarca-fone-SE-4-2-1-1-300x39.jpg 300w\" sizes=\"(max-width: 599px) 100vw, 599px\" \/><\/a><\/p>\n<p>&nbsp;<\/p>\n<p><em><strong>Acompanhe tamb\u00e9m o SE Not\u00edcias no<\/strong><strong>\u00a0<\/strong><strong><a href=\"https:\/\/twitter.com\/Senoticias\">Twitter<\/a>,<\/strong><strong>\u00a0<\/strong><strong><a href=\"https:\/\/www.facebook.com\/senoticias1\">Facebook<\/a><\/strong><strong>\u00a0<\/strong><strong>e no<\/strong><a href=\"https:\/\/www.instagram.com\/senoticias\/\"><strong>\u00a0<\/strong><strong>Instagram<\/strong><\/a><\/em><\/p>\n<p>&nbsp;<\/p>\n<p><em>Ag\u00eancia Sergipe de Not\u00edcias<\/em><\/p>\n","protected":false},"excerpt":{"rendered":"<p>O governador Jackson Barreto lan\u00e7ou, na manh\u00e3 desta ter\u00e7a-feira (03), no Pal\u00e1cio dos Despachos, os editais para realiza\u00e7\u00e3o de concursos p\u00fablicos para Pol\u00edcia Militar, Corpo de Bombeiros, Agentes Penitenci\u00e1rios e Gestores P\u00fablicos. Ser\u00e3o ofertadas 661 novas vagas na rede p\u00fablica estadual, sendo 300 vagas para soldado da Pol\u00edcia Militar e 30 para aspirante; 200 vagas [&hellip;]<\/p>\n","protected":false},"author":6552,"featured_media":111956,"comment_status":"closed","ping_status":"closed","sticky":false,"template":"","format":"standard","meta":{"footnotes":""},"categories":[15,6,1],"tags":[4128,9286,9284,9285,86,5879],"class_list":{"0":"post-111955","1":"post","2":"type-post","3":"status-publish","4":"format-standard","5":"has-post-thumbnail","7":"category-destaques","8":"category-politica","9":"category-sem-categoria","10":"tag-bombeiros","11":"tag-concurso-soldado-da-policia-militar","12":"tag-concursos-sergipe","13":"tag-guarda-prisionala","14":"tag-policia-militar","15":"tag-policia-militar-de-sergipe"},"_links":{"self":[{"href":"https:\/\/senoticias.com.br\/se\/wp-json\/wp\/v2\/posts\/111955"}],"collection":[{"href":"https:\/\/senoticias.com.br\/se\/wp-json\/wp\/v2\/posts"}],"about":[{"href":"https:\/\/senoticias.com.br\/se\/wp-json\/wp\/v2\/types\/post"}],"author":[{"embeddable":true,"href":"https:\/\/senoticias.com.br\/se\/wp-json\/wp\/v2\/users\/6552"}],"replies":[{"embeddable":true,"href":"https:\/\/senoticias.com.br\/se\/wp-json\/wp\/v2\/comments?post=111955"}],"version-history":[{"count":0,"href":"https:\/\/senoticias.com.br\/se\/wp-json\/wp\/v2\/posts\/111955\/revisions"}],"wp:featuredmedia":[{"embeddable":true,"href":"https:\/\/senoticias.com.br\/se\/wp-json\/wp\/v2\/media\/111956"}],"wp:attachment":[{"href":"https:\/\/senoticias.com.br\/se\/wp-json\/wp\/v2\/media?parent=111955"}],"wp:term":[{"taxonomy":"category","embeddable":true,"href":"https:\/\/senoticias.com.br\/se\/wp-json\/wp\/v2\/categories?post=111955"},{"taxonomy":"post_tag","embeddable":true,"href":"https:\/\/senoticias.com.br\/se\/wp-json\/wp\/v2\/tags?post=111955"}],"curies":[{"name":"wp","href":"https:\/\/api.w.org\/{rel}","templated":true}]}}