{"id":111906,"date":"2018-04-01T10:47:53","date_gmt":"2018-04-01T13:47:53","guid":{"rendered":"https:\/\/senoticias.com.br\/se\/?p=111906"},"modified":"2018-04-01T10:47:53","modified_gmt":"2018-04-01T13:47:53","slug":"investigados-na-operacao-skala-sao-soltos-apos-decisao-de-barroso","status":"publish","type":"post","link":"https:\/\/senoticias.com.br\/se\/investigados-na-operacao-skala-sao-soltos-apos-decisao-de-barroso\/","title":{"rendered":"Investigados na Opera\u00e7\u00e3o Skala s\u00e3o soltos ap\u00f3s decis\u00e3o de Barroso"},"content":{"rendered":"<p style=\"text-align: justify\">Ap\u00f3s decis\u00e3o do ministro do Supremo Tribunal Federal (STF) Lu\u00eds Roberto Barroso, os presos tempor\u00e1rios alvos da Opera\u00e7\u00e3o Skala, da Pol\u00edcia Federal, foram soltos e poder\u00e3o passar a P\u00e1scoa em casa. A informa\u00e7\u00e3o foi confirmada pela Superinterd\u00eancia Regional da PF em S\u00e3o Paulo, onde se encontrava a maior parte dos presos.<\/p>\n<div id=\"attachment_65849\" style=\"width: 590px\" class=\"wp-caption aligncenter\"><a href=\"https:\/\/senoticias.com.br\/se\/wp-content\/uploads\/2014\/06\/o-novo-ministro-do-supremo-tribunal-federal-luis-roberto-barroso-55-anos.jpg\"><img loading=\"lazy\" decoding=\"async\" aria-describedby=\"caption-attachment-65849\" class=\"wp-image-65849\" src=\"https:\/\/senoticias.com.br\/se\/wp-content\/uploads\/2014\/06\/o-novo-ministro-do-supremo-tribunal-federal-luis-roberto-barroso-55-anos.jpg\" alt=\"\" width=\"580\" height=\"401\" srcset=\"https:\/\/senoticias.com.br\/se\/wp-content\/uploads\/2014\/06\/o-novo-ministro-do-supremo-tribunal-federal-luis-roberto-barroso-55-anos.jpg 627w, https:\/\/senoticias.com.br\/se\/wp-content\/uploads\/2014\/06\/o-novo-ministro-do-supremo-tribunal-federal-luis-roberto-barroso-55-anos-300x207.jpg 300w, https:\/\/senoticias.com.br\/se\/wp-content\/uploads\/2014\/06\/o-novo-ministro-do-supremo-tribunal-federal-luis-roberto-barroso-55-anos-342x236.jpg 342w\" sizes=\"(max-width: 580px) 100vw, 580px\" \/><\/a><p id=\"caption-attachment-65849\" class=\"wp-caption-text\">Foto: Estad\u00e3o)<\/p><\/div>\n<p style=\"text-align: justify\">Na Opera\u00e7\u00e3o, que ocorreu na quinta-feira (29), foram presas temporariamente dez pessoas, lista que inclui o ex-assessor do presidente Michel Temer, Jos\u00e9 Yunes; o ex-ministro da Agricultura e ex-presidente da estatal Companhia Docas do Estado de S\u00e3o Paulo (Codesp) Wagner Rossi; o presidente do Grupo Rodrimar, Ant\u00f4nio Celso Grecco; a empres\u00e1ria Celina Torrealba, uma das propriet\u00e1rias do Grupo Libra, que tamb\u00e9m atua no ramo portu\u00e1rio; e o coronel Jo\u00e3o Batista Lima, amigo do presidente Michel Temer. As medidas foram determinadas pelo pr\u00f3prio Barroso, que \u00e9 relator do chamado Inqu\u00e9rito dos Portos, no STF.<\/p>\n<p style=\"text-align: justify\">Na noite de ontem (31), Barroso acolheu o pedido da procuradora-geral da Rep\u00fablica (PGR), Raquel Dodge, de revoga\u00e7\u00e3o das pris\u00f5es, feito horas antes. Segunda ela, as medidas cumpriram o objetivo legal. A PGR destacou que foram feitas as medidas de busca e apreens\u00e3o de pris\u00f5es autorizadas pelo relator do inqu\u00e9rito, com exce\u00e7\u00e3o de tr\u00eas pessoas que n\u00e3o tiveram os mandados de pris\u00e3o executados por estarem no exterior, \u201cmas dispostos a se apresentarem \u00e0 autoridade policial t\u00e3o logo retornem\u201d.<\/p>\n<p style=\"text-align: justify\">As pris\u00f5es foram determinadas no \u00e2mbito do inqu\u00e9rito que apura poss\u00edveis irregularidades na edi\u00e7\u00e3o do Decreto dos Portos (Decreto 9.048\/2017), assinado pelo presidente Michel Temer em maio do ano passado, e que apura o suposto favorecimento a empresas do ramo portu\u00e1rio.<\/p>\n<p style=\"text-align: justify\">\u201cDesse modo, tendo as medidas de natureza cautelar alcan\u00e7ado sua finalidade, n\u00e3o subsiste fundamento legal para a manuten\u00e7\u00e3o das medidas, impondo-se o acolhimento da manifesta\u00e7\u00e3o da Procuradoria-Geral da Rep\u00fablica\u201d, escreve Barroso em sua decis\u00e3o.<\/p>\n<p style=\"text-align: justify\"><strong>P\u00e1scoa<\/strong><\/p>\n<p style=\"text-align: justify\">Na manh\u00e3 de hoje (1\u00ba), pelo Twitter, o presidente Michel Temer pediu uni\u00e3o: &#8220;P\u00e1scoa \u00e9 passagem para uma nova vida. \u00c9 o que est\u00e1 acontecendo no Brasil hoje. Sa\u00edmos da pior recess\u00e3o de nossa hist\u00f3ria e estamos oferecendo ao brasileiro um Pa\u00eds revigorado. Precisamos, agora, com o esp\u00edrito da P\u00e1scoa, pacificar e reunificar a nossa gente. Feliz P\u00e1scoa!&#8221;<\/p>\n<p style=\"text-align: justify\">Foi a primeira manifesta\u00e7\u00e3o do presidente depois que, na sexta-feira (30), a Presid\u00eancia da Rep\u00fablica divulgou nota para rebater a acusa\u00e7\u00e3o de que o presidente Michel Temer teria agido para beneficiar amigos empres\u00e1rios na edi\u00e7\u00e3o do Decreto dos Portos. Ap\u00f3s afirmar que o Decreto dos Portos n\u00e3o se aplica ao contrato da Rodrimar, o Pal\u00e1cio do Planalto afirmou, sem citar nomes, que &#8220;tentam mais uma vez destruir a reputa\u00e7\u00e3o do presidente Michel Temer. Usam m\u00e9todos totalit\u00e1rios, com cerceamento dos direitos mais b\u00e1sicos para obter, for\u00e7adamente, testemunhos que possam ser usados em pe\u00e7as de acusa\u00e7\u00e3o&#8221;.<\/p>\n<p style=\"text-align: justify\">*Mat\u00e9ria corrigida \u00e0s 10h29: a manifesta\u00e7\u00e3o anterior do presidente Temer foi na sexta-feira, e n\u00e3o no s\u00e1bado.<\/p>\n<p style=\"text-align: justify\"><em><strong>Da Ag\u00eancia Brasil.<\/strong><\/em><\/p>\n<p style=\"line-height: 14.25pt\"><strong><span style=\"font-size: 10.0pt;font-family: 'Georgia','serif';color: #333333\">Acompanhe tamb\u00e9m o SE Not\u00edcias no<\/span><\/strong><span class=\"apple-converted-space\"><b><span style=\"font-size: 10.0pt;font-family: 'Georgia','serif';color: #333333\">\u00a0<\/span><\/b><\/span><a href=\"https:\/\/twitter.com\/Senoticias\" target=\"_blank\" rel=\"noopener\"><b><span style=\"font-size: 10.0pt;font-family: 'Georgia','serif'\">Twitter<\/span><\/b><\/a><strong><span style=\"font-size: 10.0pt;font-family: 'Georgia','serif';color: #333333\">,<\/span><\/strong><span class=\"apple-converted-space\"><b><span style=\"font-size: 10.0pt;font-family: 'Georgia','serif';color: #333333\">\u00a0<\/span><\/b><\/span><a href=\"https:\/\/www.facebook.com\/senoticias1\" target=\"_blank\" rel=\"noopener\"><b><span style=\"font-size: 10.0pt;font-family: 'Georgia','serif'\">Facebook<\/span><\/b><span class=\"apple-converted-space\"><b><span style=\"font-size: 10.0pt;font-family: 'Georgia','serif';color: windowtext;text-decoration: none\">\u00a0<\/span><\/b><\/span><\/a><strong><span style=\"font-size: 10.0pt;font-family: 'Georgia','serif';color: #333333\">e no<\/span><\/strong><span class=\"apple-converted-space\"><b><span style=\"font-size: 10.0pt;font-family: 'Georgia','serif';color: #333333\">\u00a0<\/span><\/b><\/span><a href=\"https:\/\/www.instagram.com\/senoticias\/\" target=\"_blank\" rel=\"noopener\"><b><span style=\"font-size: 10.0pt;font-family: 'Georgia','serif'\">Instagram<\/span><\/b><\/a><strong><span style=\"font-size: 10.0pt;font-family: 'Georgia','serif';color: #333333\">.<\/span><\/strong><\/p>\n<p><a href=\"https:\/\/senoticias.com.br\/se\/wp-content\/uploads\/2018\/03\/Logomarca-fone-SE-4-2-1-1.jpg\"><img loading=\"lazy\" decoding=\"async\" class=\"aligncenter size-full wp-image-111750\" src=\"https:\/\/senoticias.com.br\/se\/wp-content\/uploads\/2018\/03\/Logomarca-fone-SE-4-2-1-1.jpg\" alt=\"\" width=\"599\" height=\"78\" srcset=\"https:\/\/senoticias.com.br\/se\/wp-content\/uploads\/2018\/03\/Logomarca-fone-SE-4-2-1-1.jpg 599w, https:\/\/senoticias.com.br\/se\/wp-content\/uploads\/2018\/03\/Logomarca-fone-SE-4-2-1-1-300x39.jpg 300w\" sizes=\"(max-width: 599px) 100vw, 599px\" \/><\/a><\/p>\n","protected":false},"excerpt":{"rendered":"<p>Ap\u00f3s decis\u00e3o do ministro do Supremo Tribunal Federal (STF) Lu\u00eds Roberto Barroso, os presos tempor\u00e1rios alvos da Opera\u00e7\u00e3o Skala, da Pol\u00edcia Federal, foram soltos e poder\u00e3o passar a P\u00e1scoa em casa. A informa\u00e7\u00e3o foi confirmada pela Superinterd\u00eancia Regional da PF em S\u00e3o Paulo, onde se encontrava a maior parte dos presos. Na Opera\u00e7\u00e3o, que ocorreu [&hellip;]<\/p>\n","protected":false},"author":6554,"featured_media":65849,"comment_status":"closed","ping_status":"closed","sticky":false,"template":"","format":"standard","meta":{"footnotes":""},"categories":[6],"tags":[9248],"class_list":{"0":"post-111906","1":"post","2":"type-post","3":"status-publish","4":"format-standard","5":"has-post-thumbnail","7":"category-politica","8":"tag-investigados-na-operacao-skala-sao-soltos-apos-decisao-de-barroso"},"_links":{"self":[{"href":"https:\/\/senoticias.com.br\/se\/wp-json\/wp\/v2\/posts\/111906"}],"collection":[{"href":"https:\/\/senoticias.com.br\/se\/wp-json\/wp\/v2\/posts"}],"about":[{"href":"https:\/\/senoticias.com.br\/se\/wp-json\/wp\/v2\/types\/post"}],"author":[{"embeddable":true,"href":"https:\/\/senoticias.com.br\/se\/wp-json\/wp\/v2\/users\/6554"}],"replies":[{"embeddable":true,"href":"https:\/\/senoticias.com.br\/se\/wp-json\/wp\/v2\/comments?post=111906"}],"version-history":[{"count":0,"href":"https:\/\/senoticias.com.br\/se\/wp-json\/wp\/v2\/posts\/111906\/revisions"}],"wp:featuredmedia":[{"embeddable":true,"href":"https:\/\/senoticias.com.br\/se\/wp-json\/wp\/v2\/media\/65849"}],"wp:attachment":[{"href":"https:\/\/senoticias.com.br\/se\/wp-json\/wp\/v2\/media?parent=111906"}],"wp:term":[{"taxonomy":"category","embeddable":true,"href":"https:\/\/senoticias.com.br\/se\/wp-json\/wp\/v2\/categories?post=111906"},{"taxonomy":"post_tag","embeddable":true,"href":"https:\/\/senoticias.com.br\/se\/wp-json\/wp\/v2\/tags?post=111906"}],"curies":[{"name":"wp","href":"https:\/\/api.w.org\/{rel}","templated":true}]}}