{"id":111827,"date":"2018-03-27T20:06:37","date_gmt":"2018-03-27T23:06:37","guid":{"rendered":"https:\/\/senoticias.com.br\/se\/?p=111827"},"modified":"2018-03-27T20:06:37","modified_gmt":"2018-03-27T23:06:37","slug":"tce-reforca-apoio-a-investigacoes-sobre-crimes-contra-a-administracao-publica","status":"publish","type":"post","link":"https:\/\/senoticias.com.br\/se\/tce-reforca-apoio-a-investigacoes-sobre-crimes-contra-a-administracao-publica\/","title":{"rendered":"TCE refor\u00e7a apoio a investiga\u00e7\u00f5es sobre crimes contra a administra\u00e7\u00e3o p\u00fablica"},"content":{"rendered":"<p style=\"text-align: justify;\">O Tribunal de Contas do Estado (TCE) seguir\u00e1 colaborando com as investiga\u00e7\u00f5es conduzidas pela Pol\u00edcia Civil, por meio do Departamento de Crimes contra a Ordem Tribut\u00e1ria e Administra\u00e7\u00e3o P\u00fablica (Deotap), \u200b\u200bcom destaque para a Opera\u00e7\u00e3o Antidesmonte, que objetiva eliminar a desorganiza\u00e7\u00e3o administrativa e a dilapida\u00e7\u00e3o do patrim\u00f4nio p\u00fablico.<\/p>\n<div id=\"attachment_111829\" style=\"width: 609px\" class=\"wp-caption aligncenter\"><a href=\"https:\/\/senoticias.com.br\/se\/wp-content\/uploads\/2018\/03\/unnamed-1-e1522191797494.jpg\"><img loading=\"lazy\" decoding=\"async\" aria-describedby=\"caption-attachment-111829\" class=\"size-full wp-image-111829\" src=\"https:\/\/senoticias.com.br\/se\/wp-content\/uploads\/2018\/03\/unnamed-1-e1522191797494.jpg\" alt=\"\" width=\"599\" height=\"399\" \/><\/a><p id=\"caption-attachment-111829\" class=\"wp-caption-text\"><br \/>Tribunal refor\u00e7a apoio a investiga\u00e7\u00f5es sobre crimes contra a administra\u00e7\u00e3o p\u00fablica (foto: ascom\/TCE)<\/p><\/div>\n<p style=\"text-align: justify;\">Assim assegurou o conselheiro presidente Ulices Andrade, ao receber em seu gabinete na manh\u00e3 desta ter\u00e7a-feira, 27, a delegada-geral da Pol\u00edcia Civil, Katarina Feitoza, acompanhada da delegada Tha\u00eds Lemos, diretora do Deotap &#8211; a conselheira Susana Azevedo e o procurador-geral Bandeira de Mello tamb\u00e9m participaram da visita.<\/p>\n<p style=\"text-align: justify;\">&#8220;O presidente colocou \u00e0 disposi\u00e7\u00e3o do Deotap o corpo t\u00e9cnico e administrativo do Tribunal de Contas para que possamos combater os crimes contra a administra\u00e7\u00e3o p\u00fablica, especialmente o crime de corrup\u00e7\u00e3o, que aflige e incomoda tanto a sociedade brasileira e sergipana&#8221;, comentou Katarina Feitoza.<\/p>\n<p style=\"text-align: justify;\">Tendo tamb\u00e9m o Minist\u00e9rio P\u00fablico do Estado como parceiro, a Antidesmonte, segundo a delegada, consiste numa a\u00e7\u00e3o continuada, onde h\u00e1 uma s\u00e9rie de procedimentos em andamento.<\/p>\n<p style=\"text-align: justify;\">&#8220;E como foi o Tribunal de Contas o respons\u00e1vel, foi quem deu o pontap\u00e9 inicial para essa opera\u00e7\u00e3o, viemos buscar informa\u00e7\u00f5es e maiores detalhes para prosseguirmos com os nossos inqu\u00e9ritos&#8221;, observou Katarina, acrescentando que a parceria com o TCE\/SE se estende a outras investiga\u00e7\u00f5es j\u00e1 em andamento.<\/p>\n<p>&nbsp;<\/p>\n<p><a href=\"https:\/\/senoticias.com.br\/se\/wp-content\/uploads\/2018\/03\/Logomarca-fone-SE-4-2-1-1.jpg\"><img loading=\"lazy\" decoding=\"async\" class=\"aligncenter size-full wp-image-111750\" src=\"https:\/\/senoticias.com.br\/se\/wp-content\/uploads\/2018\/03\/Logomarca-fone-SE-4-2-1-1.jpg\" alt=\"\" width=\"599\" height=\"78\" srcset=\"https:\/\/senoticias.com.br\/se\/wp-content\/uploads\/2018\/03\/Logomarca-fone-SE-4-2-1-1.jpg 599w, https:\/\/senoticias.com.br\/se\/wp-content\/uploads\/2018\/03\/Logomarca-fone-SE-4-2-1-1-300x39.jpg 300w\" sizes=\"(max-width: 599px) 100vw, 599px\" \/><\/a><\/p>\n<p>&nbsp;<\/p>\n<p><em><strong>Acompanhe tamb\u00e9m o SE Not\u00edcias no<\/strong><span class=\"apple-converted-space\"><b>\u00a0<\/b><\/span><a href=\"https:\/\/twitter.com\/Senoticias\" target=\"_blank\" rel=\"noopener\"><b>Twitter<\/b><\/a><strong>,<\/strong><span class=\"apple-converted-space\"><b>\u00a0<\/b><\/span><a href=\"https:\/\/www.facebook.com\/senoticias1\" target=\"_blank\" rel=\"noopener\"><b>Facebook<\/b><span class=\"apple-converted-space\"><b>\u00a0<\/b><\/span><\/a><strong>e no<\/strong><span class=\"apple-converted-space\"><b>\u00a0<\/b><\/span><a href=\"https:\/\/www.instagram.com\/senoticias\/\" target=\"_blank\" rel=\"noopener\"><b>Instagram<\/b><\/a><\/em><\/p>\n<p>Por DICOM\/TCE<\/p>\n","protected":false},"excerpt":{"rendered":"<p>O Tribunal de Contas do Estado (TCE) seguir\u00e1 colaborando com as investiga\u00e7\u00f5es conduzidas pela Pol\u00edcia Civil, por meio do Departamento de Crimes contra a Ordem Tribut\u00e1ria e Administra\u00e7\u00e3o P\u00fablica (Deotap), \u200b\u200bcom destaque para a Opera\u00e7\u00e3o Antidesmonte, que objetiva eliminar a desorganiza\u00e7\u00e3o administrativa e a dilapida\u00e7\u00e3o do patrim\u00f4nio p\u00fablico. Assim assegurou o conselheiro presidente Ulices Andrade, [&hellip;]<\/p>\n","protected":false},"author":6552,"featured_media":111829,"comment_status":"closed","ping_status":"closed","sticky":false,"template":"","format":"standard","meta":{"footnotes":""},"categories":[15],"tags":[623,7240,9215,565,6984],"class_list":{"0":"post-111827","1":"post","2":"type-post","3":"status-publish","4":"format-standard","5":"has-post-thumbnail","7":"category-destaques","8":"tag-deotap","9":"tag-katarina-feitoza","10":"tag-thais-lemos","11":"tag-tribunal-de-contas-do-estado","12":"tag-ulices-andrade"},"_links":{"self":[{"href":"https:\/\/senoticias.com.br\/se\/wp-json\/wp\/v2\/posts\/111827"}],"collection":[{"href":"https:\/\/senoticias.com.br\/se\/wp-json\/wp\/v2\/posts"}],"about":[{"href":"https:\/\/senoticias.com.br\/se\/wp-json\/wp\/v2\/types\/post"}],"author":[{"embeddable":true,"href":"https:\/\/senoticias.com.br\/se\/wp-json\/wp\/v2\/users\/6552"}],"replies":[{"embeddable":true,"href":"https:\/\/senoticias.com.br\/se\/wp-json\/wp\/v2\/comments?post=111827"}],"version-history":[{"count":0,"href":"https:\/\/senoticias.com.br\/se\/wp-json\/wp\/v2\/posts\/111827\/revisions"}],"wp:featuredmedia":[{"embeddable":true,"href":"https:\/\/senoticias.com.br\/se\/wp-json\/wp\/v2\/media\/111829"}],"wp:attachment":[{"href":"https:\/\/senoticias.com.br\/se\/wp-json\/wp\/v2\/media?parent=111827"}],"wp:term":[{"taxonomy":"category","embeddable":true,"href":"https:\/\/senoticias.com.br\/se\/wp-json\/wp\/v2\/categories?post=111827"},{"taxonomy":"post_tag","embeddable":true,"href":"https:\/\/senoticias.com.br\/se\/wp-json\/wp\/v2\/tags?post=111827"}],"curies":[{"name":"wp","href":"https:\/\/api.w.org\/{rel}","templated":true}]}}