{"id":111794,"date":"2018-03-26T22:24:48","date_gmt":"2018-03-27T01:24:48","guid":{"rendered":"https:\/\/senoticias.com.br\/se\/?p=111794"},"modified":"2018-03-27T06:48:44","modified_gmt":"2018-03-27T09:48:44","slug":"temer-sanciona-lei-que-regulamenta-aplicativos-de-transporte-publico","status":"publish","type":"post","link":"https:\/\/senoticias.com.br\/se\/temer-sanciona-lei-que-regulamenta-aplicativos-de-transporte-publico\/","title":{"rendered":"Sancionada lei que regulamenta aplicativos de transporte p\u00fablico"},"content":{"rendered":"<p style=\"text-align: justify;\">O presidente Michel Temer sancionou hoje (26), sem vetos, a lei que regulamenta os servi\u00e7os de transporte com aplicativos como Uber, Cabify e 99 POP. A previs\u00e3o \u00e9 de publica\u00e7\u00e3o no Di\u00e1rio Oficial de amanh\u00e3 (27). O texto passou pela \u00faltima vota\u00e7\u00e3o na C\u00e2mara no dia 1\u00ba de mar\u00e7o e seguiu para san\u00e7\u00e3o presidencial.<\/p>\n<div id=\"attachment_105584\" style=\"width: 509px\" class=\"wp-caption aligncenter\"><a href=\"https:\/\/senoticias.com.br\/se\/wp-content\/uploads\/2017\/08\/uber-SENOTICIAS-e1502307230932.jpg\"><img loading=\"lazy\" decoding=\"async\" aria-describedby=\"caption-attachment-105584\" class=\"size-full wp-image-105584\" src=\"https:\/\/senoticias.com.br\/se\/wp-content\/uploads\/2017\/08\/uber-SENOTICIAS-e1502307230932.jpg\" alt=\"\" width=\"499\" height=\"332\" \/><\/a><p id=\"caption-attachment-105584\" class=\"wp-caption-text\">Foto: Infonet<\/p><\/div>\n<p style=\"text-align: justify;\">Com a lei, n\u00e3o \u00e9 necess\u00e1ria autoriza\u00e7\u00e3o pr\u00e9via emitida pelo Poder P\u00fablico municipal para o motorista de aplicativo nos munic\u00edpios em que houver regulamenta\u00e7\u00e3o.<\/p>\n<p style=\"text-align: justify;\">Entre as regras de fiscaliza\u00e7\u00e3o previstas na lei est\u00e3o a exig\u00eancia de contrata\u00e7\u00e3o de seguro de Acidentes Pessoais a Passageiros (APP) e do Seguro Obrigat\u00f3rio de Danos Pessoais Causados por Ve\u00edculos Automotores de Vias Terrestres (DPVAT), al\u00e9m da necessidade de inscri\u00e7\u00e3o do motorista como contribuinte individual do Instituto Nacional do Seguro Social (INSS).<\/p>\n<p style=\"text-align: justify;\">Al\u00e9m disso, o motorista deve ser portador de Carteira Nacional de Habilita\u00e7\u00e3o na categoria B ou superior, que tenha a informa\u00e7\u00e3o de que ele exerce atividade remunerada. Aquele que descumprir as regras ter\u00e1 seu trabalho caracterizado como transporte ilegal de passageiros.<\/p>\n<p style=\"text-align: justify;\">*Colaborou Helo\u00edsa Cristaldo<\/p>\n<p>Da Ag\u00eancia Brasil.<\/p>\n<p><strong>Acompanhe tamb\u00e9m o SE Not\u00edcias no<\/strong><strong>\u00a0<\/strong><a href=\"https:\/\/twitter.com\/Senoticias\"><strong>Twitter<\/strong><\/a><strong>,<\/strong><strong>\u00a0<\/strong><a href=\"https:\/\/www.facebook.com\/senoticias1\"><strong>Facebook<\/strong><strong>\u00a0<\/strong><\/a><strong>e no<\/strong><strong>\u00a0<\/strong><a href=\"https:\/\/www.instagram.com\/senoticias\/\"><strong>Instagram<\/strong><\/a><strong>.<\/strong><\/p>\n<p><a href=\"https:\/\/senoticias.com.br\/se\/wp-content\/uploads\/2018\/03\/Logomarca-fone-SE-4-2-1-1.jpg\"><img loading=\"lazy\" decoding=\"async\" class=\"aligncenter size-full wp-image-111750\" src=\"https:\/\/senoticias.com.br\/se\/wp-content\/uploads\/2018\/03\/Logomarca-fone-SE-4-2-1-1.jpg\" alt=\"\" width=\"599\" height=\"78\" srcset=\"https:\/\/senoticias.com.br\/se\/wp-content\/uploads\/2018\/03\/Logomarca-fone-SE-4-2-1-1.jpg 599w, https:\/\/senoticias.com.br\/se\/wp-content\/uploads\/2018\/03\/Logomarca-fone-SE-4-2-1-1-300x39.jpg 300w\" sizes=\"(max-width: 599px) 100vw, 599px\" \/><\/a><\/p>\n","protected":false},"excerpt":{"rendered":"<p>O presidente Michel Temer sancionou hoje (26), sem vetos, a lei que regulamenta os servi\u00e7os de transporte com aplicativos como Uber, Cabify e 99 POP. A previs\u00e3o \u00e9 de publica\u00e7\u00e3o no Di\u00e1rio Oficial de amanh\u00e3 (27). O texto passou pela \u00faltima vota\u00e7\u00e3o na C\u00e2mara no dia 1\u00ba de mar\u00e7o e seguiu para san\u00e7\u00e3o presidencial. Com [&hellip;]<\/p>\n","protected":false},"author":6554,"featured_media":105584,"comment_status":"closed","ping_status":"closed","sticky":false,"template":"","format":"standard","meta":{"footnotes":""},"categories":[45],"tags":[9204],"class_list":{"0":"post-111794","1":"post","2":"type-post","3":"status-publish","4":"format-standard","5":"has-post-thumbnail","7":"category-tecnologia","8":"tag-temer-sanciona-lei-que-regulamenta-aplicativos-de-transporte-publico"},"_links":{"self":[{"href":"https:\/\/senoticias.com.br\/se\/wp-json\/wp\/v2\/posts\/111794"}],"collection":[{"href":"https:\/\/senoticias.com.br\/se\/wp-json\/wp\/v2\/posts"}],"about":[{"href":"https:\/\/senoticias.com.br\/se\/wp-json\/wp\/v2\/types\/post"}],"author":[{"embeddable":true,"href":"https:\/\/senoticias.com.br\/se\/wp-json\/wp\/v2\/users\/6554"}],"replies":[{"embeddable":true,"href":"https:\/\/senoticias.com.br\/se\/wp-json\/wp\/v2\/comments?post=111794"}],"version-history":[{"count":0,"href":"https:\/\/senoticias.com.br\/se\/wp-json\/wp\/v2\/posts\/111794\/revisions"}],"wp:featuredmedia":[{"embeddable":true,"href":"https:\/\/senoticias.com.br\/se\/wp-json\/wp\/v2\/media\/105584"}],"wp:attachment":[{"href":"https:\/\/senoticias.com.br\/se\/wp-json\/wp\/v2\/media?parent=111794"}],"wp:term":[{"taxonomy":"category","embeddable":true,"href":"https:\/\/senoticias.com.br\/se\/wp-json\/wp\/v2\/categories?post=111794"},{"taxonomy":"post_tag","embeddable":true,"href":"https:\/\/senoticias.com.br\/se\/wp-json\/wp\/v2\/tags?post=111794"}],"curies":[{"name":"wp","href":"https:\/\/api.w.org\/{rel}","templated":true}]}}