{"id":111792,"date":"2018-03-26T22:18:19","date_gmt":"2018-03-27T01:18:19","guid":{"rendered":"https:\/\/senoticias.com.br\/se\/?p=111792"},"modified":"2018-03-27T06:52:46","modified_gmt":"2018-03-27T09:52:46","slug":"prefeitura-antecipa-pagamento-e-servidores-recebem-salario-nesta-quarta-feira","status":"publish","type":"post","link":"https:\/\/senoticias.com.br\/se\/prefeitura-antecipa-pagamento-e-servidores-recebem-salario-nesta-quarta-feira\/","title":{"rendered":"Prefeitura de Aracaju paga sal\u00e1rio nesta quarta-feira"},"content":{"rendered":"<p style=\"text-align: justify;\">Os servidores da Prefeitura de Aracaju ter\u00e3o mais um motivo para curtir o feriado que se aproxima. O prefeito Edvaldo Nogueira garantiu, atrav\u00e9s de sua p\u00e1gina em rede social, o pagamento antecipado at\u00e9 a noite da pr\u00f3xima quarta-feira, 28, dos sal\u00e1rios de todos os servidores municipais.<\/p>\n<div id=\"attachment_111793\" style=\"width: 590px\" class=\"wp-caption aligncenter\"><a href=\"https:\/\/senoticias.com.br\/se\/wp-content\/uploads\/2018\/03\/dsc_3176-e1522113441801.jpg\"><img loading=\"lazy\" decoding=\"async\" aria-describedby=\"caption-attachment-111793\" class=\"size-full wp-image-111793\" src=\"https:\/\/senoticias.com.br\/se\/wp-content\/uploads\/2018\/03\/dsc_3176-e1522113441801.jpg\" alt=\"\" width=\"580\" height=\"387\" \/><\/a><p id=\"caption-attachment-111793\" class=\"wp-caption-text\">Prefeito usou as redes sociais para informar que vai pagar sal\u00e1rio nesta quarta-feira (foto: Marco Vieira\/AAN)<\/p><\/div>\n<p style=\"text-align: justify;\">Edvaldo ressaltou em seu pronunciamento que com o pagamento 70 milh\u00f5es de reais ser\u00e3o investidos na cidade, o que ganha ainda mais import\u00e2ncia pelo momento, antecedendo os festejos da P\u00e1scoa. \u201c\u00c9 com muita alegria que conseguimos antecipar os sal\u00e1rios para o dia 28, \u00e0s v\u00e9speras do feriado. Todos os servidores, ativos e inativos, e comissionados receber\u00e3o. \u00c9 um esfor\u00e7o muito grande que estamos fazendo. No ano passado pagamos 15 folhas em 12 meses, e neste ano continuamos pagando em dia, uma mostra do meu compromisso com os trabalhadores e toda popula\u00e7\u00e3o aracajuana\u201d.<\/p>\n<p style=\"text-align: justify;\"><em>Da Ag\u00eancia Aracaju Not\u00edcias.<\/em><\/p>\n<p><strong>Acompanhe tamb\u00e9m o SE Not\u00edcias no<\/strong><strong>\u00a0<\/strong><a href=\"https:\/\/twitter.com\/Senoticias\"><strong>Twitter<\/strong><\/a><strong>,<\/strong><strong>\u00a0<\/strong><a href=\"https:\/\/www.facebook.com\/senoticias1\"><strong>Facebook<\/strong><strong>\u00a0<\/strong><\/a><strong>e no<\/strong><strong>\u00a0<\/strong><a href=\"https:\/\/www.instagram.com\/senoticias\/\"><strong>Instagram<\/strong><\/a><strong>.<\/strong><\/p>\n<p><a href=\"https:\/\/senoticias.com.br\/se\/wp-content\/uploads\/2018\/03\/Logomarca-fone-SE-4-2-1-1.jpg\"><img loading=\"lazy\" decoding=\"async\" class=\"aligncenter size-full wp-image-111750\" src=\"https:\/\/senoticias.com.br\/se\/wp-content\/uploads\/2018\/03\/Logomarca-fone-SE-4-2-1-1.jpg\" alt=\"\" width=\"599\" height=\"78\" srcset=\"https:\/\/senoticias.com.br\/se\/wp-content\/uploads\/2018\/03\/Logomarca-fone-SE-4-2-1-1.jpg 599w, https:\/\/senoticias.com.br\/se\/wp-content\/uploads\/2018\/03\/Logomarca-fone-SE-4-2-1-1-300x39.jpg 300w\" sizes=\"(max-width: 599px) 100vw, 599px\" \/><\/a><\/p>\n","protected":false},"excerpt":{"rendered":"<p>Os servidores da Prefeitura de Aracaju ter\u00e3o mais um motivo para curtir o feriado que se aproxima. O prefeito Edvaldo Nogueira garantiu, atrav\u00e9s de sua p\u00e1gina em rede social, o pagamento antecipado at\u00e9 a noite da pr\u00f3xima quarta-feira, 28, dos sal\u00e1rios de todos os servidores municipais. Edvaldo ressaltou em seu pronunciamento que com o pagamento [&hellip;]<\/p>\n","protected":false},"author":6554,"featured_media":111793,"comment_status":"closed","ping_status":"closed","sticky":false,"template":"","format":"standard","meta":{"footnotes":""},"categories":[6],"tags":[213,3539],"class_list":{"0":"post-111792","1":"post","2":"type-post","3":"status-publish","4":"format-standard","5":"has-post-thumbnail","7":"category-politica","8":"tag-prefeitura-de-aracaju","9":"tag-salario"},"_links":{"self":[{"href":"https:\/\/senoticias.com.br\/se\/wp-json\/wp\/v2\/posts\/111792"}],"collection":[{"href":"https:\/\/senoticias.com.br\/se\/wp-json\/wp\/v2\/posts"}],"about":[{"href":"https:\/\/senoticias.com.br\/se\/wp-json\/wp\/v2\/types\/post"}],"author":[{"embeddable":true,"href":"https:\/\/senoticias.com.br\/se\/wp-json\/wp\/v2\/users\/6554"}],"replies":[{"embeddable":true,"href":"https:\/\/senoticias.com.br\/se\/wp-json\/wp\/v2\/comments?post=111792"}],"version-history":[{"count":0,"href":"https:\/\/senoticias.com.br\/se\/wp-json\/wp\/v2\/posts\/111792\/revisions"}],"wp:featuredmedia":[{"embeddable":true,"href":"https:\/\/senoticias.com.br\/se\/wp-json\/wp\/v2\/media\/111793"}],"wp:attachment":[{"href":"https:\/\/senoticias.com.br\/se\/wp-json\/wp\/v2\/media?parent=111792"}],"wp:term":[{"taxonomy":"category","embeddable":true,"href":"https:\/\/senoticias.com.br\/se\/wp-json\/wp\/v2\/categories?post=111792"},{"taxonomy":"post_tag","embeddable":true,"href":"https:\/\/senoticias.com.br\/se\/wp-json\/wp\/v2\/tags?post=111792"}],"curies":[{"name":"wp","href":"https:\/\/api.w.org\/{rel}","templated":true}]}}