{"id":111790,"date":"2018-03-26T22:06:55","date_gmt":"2018-03-27T01:06:55","guid":{"rendered":"https:\/\/senoticias.com.br\/se\/?p=111790"},"modified":"2018-03-27T06:47:08","modified_gmt":"2018-03-27T09:47:08","slug":"forro-caju-2018-acontecera-com-nova-roupagem","status":"publish","type":"post","link":"https:\/\/senoticias.com.br\/se\/forro-caju-2018-acontecera-com-nova-roupagem\/","title":{"rendered":"Forr\u00f3 Caju 2018 acontecer\u00e1 com nova roupagem, diz Edvaldo Nogueira"},"content":{"rendered":"<p style=\"text-align: justify;\">Todo carnaval tem seu fim, e logo ap\u00f3s o t\u00e9rmino de fevereiro os nordestinos j\u00e1 aguardam ansiosamente por um dos festejos mais adorados da regi\u00e3o: o S\u00e3o Jo\u00e3o. Em Aracaju, a data \u00e9 marcada pelo Forr\u00f3 Caju, que este ano j\u00e1 foi garantido pelo prefeito Edvaldo Nogueira atrav\u00e9s de an\u00fancio em suas redes sociais &#8211; e desta vez com uma nova roupagem.<\/p>\n<div id=\"attachment_111791\" style=\"width: 590px\" class=\"wp-caption aligncenter\"><a href=\"https:\/\/senoticias.com.br\/se\/wp-content\/uploads\/2018\/03\/publico___foto_ana_licia_menezes_4.jpg\"><img loading=\"lazy\" decoding=\"async\" aria-describedby=\"caption-attachment-111791\" class=\"wp-image-111791\" src=\"https:\/\/senoticias.com.br\/se\/wp-content\/uploads\/2018\/03\/publico___foto_ana_licia_menezes_4.jpg\" alt=\"\" width=\"580\" height=\"387\" \/><\/a><p id=\"caption-attachment-111791\" class=\"wp-caption-text\">Segundo Edvaldo Nogueira, a festa volta acontecer em com recursos federais (foto: Ana L\u00edcia Menezes)<\/p><\/div>\n<p style=\"text-align: justify;\">Apesar de n\u00e3o ter sido realizado durante o ano passado, em decorr\u00eancia das dificuldades financeiras encontradas pela atual gest\u00e3o da Prefeitura, Edvaldo afirma que em 2018 o evento acontecer\u00e1 da melhor forma poss\u00edvel e diferenciado. &#8220;Trabalho nesse projeto do Forr\u00f3 Caju desde outubro do ano passado e ele j\u00e1 est\u00e1 pr\u00f3ximo. E claro, vamos anunciar tudo no tempo certo. No come\u00e7o de abril pretendo anunciar quais s\u00e3o os dias, para que todo mundo se prepare e para que a rede hoteleira possa vender os pacotes, depois anunciaremos as atra\u00e7\u00f5es. As coisas voltam, mas t\u00eam que voltar diferente. N\u00e3o \u00e9 o mesmo Forr\u00f3 Caju do passado, \u00e9 um novo Forr\u00f3 Caju&#8221;, enfatizou Edvaldo.<\/p>\n<p style=\"text-align: justify;\">Al\u00e9m dos tradicionais festejos realizados na pra\u00e7a dos mercados centrais, outra novidade anunciada \u00e9 que parte dos recursos destinados \u00e0 realiza\u00e7\u00e3o dos eventos ser\u00e1 voltada para as comemora\u00e7\u00f5es nos bairros da capital, que tamb\u00e9m s\u00e3o de grande valor simb\u00f3lico para a popula\u00e7\u00e3o aracajuana &#8211; a exemplo da Rua de S\u00e3o Jo\u00e3o -, e para a realiza\u00e7\u00e3o de um &#8220;esquenta&#8221; do S\u00e3o Jo\u00e3o no Centro Cultural de Aracaju, durante o m\u00eas de junho.<\/p>\n<p style=\"text-align: justify;\">&#8220;As pessoas se organizam em seus bairros e o que a Prefeitura vai fazer \u00e9 dar suporte. N\u00f3s n\u00e3o vamos inventar o Forr\u00f3 Caju nesses locais, mas vamos colaborar com a realiza\u00e7\u00e3o desses festejos&#8221;, salientou o gestor.<\/p>\n<p style=\"text-align: justify;\">Viabilizados pelo apoio do Governo Federal, atrav\u00e9s do deputado federal Andr\u00e9 Moura, os eventos contar\u00e3o com a libera\u00e7\u00e3o de cerca de R$ 3,7 milh\u00f5es, que ir\u00e3o garantir a realiza\u00e7\u00e3o do evento com qualidade e respeito \u00e0 popula\u00e7\u00e3o.<\/p>\n<p><em><strong>Da Ag\u00eancia Aracaju Not\u00edcias.<\/strong><\/em><\/p>\n<p><strong>Acompanhe tamb\u00e9m o SE Not\u00edcias no<\/strong><strong>\u00a0<\/strong><a href=\"https:\/\/twitter.com\/Senoticias\"><strong>Twitter<\/strong><\/a><strong>,<\/strong><strong>\u00a0<\/strong><a href=\"https:\/\/www.facebook.com\/senoticias1\"><strong>Facebook<\/strong><strong>\u00a0<\/strong><\/a><strong>e no<\/strong><strong>\u00a0<\/strong><a href=\"https:\/\/www.instagram.com\/senoticias\/\"><strong>Instagram<\/strong><\/a><strong>.<\/strong><\/p>\n<p><a href=\"https:\/\/senoticias.com.br\/se\/wp-content\/uploads\/2018\/03\/Logomarca-fone-SE-4-2-1-1.jpg\"><img loading=\"lazy\" decoding=\"async\" class=\"aligncenter size-full wp-image-111750\" src=\"https:\/\/senoticias.com.br\/se\/wp-content\/uploads\/2018\/03\/Logomarca-fone-SE-4-2-1-1.jpg\" alt=\"\" width=\"599\" height=\"78\" srcset=\"https:\/\/senoticias.com.br\/se\/wp-content\/uploads\/2018\/03\/Logomarca-fone-SE-4-2-1-1.jpg 599w, https:\/\/senoticias.com.br\/se\/wp-content\/uploads\/2018\/03\/Logomarca-fone-SE-4-2-1-1-300x39.jpg 300w\" sizes=\"(max-width: 599px) 100vw, 599px\" \/><\/a><\/p>\n","protected":false},"excerpt":{"rendered":"<p>Todo carnaval tem seu fim, e logo ap\u00f3s o t\u00e9rmino de fevereiro os nordestinos j\u00e1 aguardam ansiosamente por um dos festejos mais adorados da regi\u00e3o: o S\u00e3o Jo\u00e3o. Em Aracaju, a data \u00e9 marcada pelo Forr\u00f3 Caju, que este ano j\u00e1 foi garantido pelo prefeito Edvaldo Nogueira atrav\u00e9s de an\u00fancio em suas redes sociais &#8211; [&hellip;]<\/p>\n","protected":false},"author":6554,"featured_media":111791,"comment_status":"closed","ping_status":"closed","sticky":false,"template":"","format":"standard","meta":{"footnotes":""},"categories":[21],"tags":[4138,9207],"class_list":{"0":"post-111790","1":"post","2":"type-post","3":"status-publish","4":"format-standard","5":"has-post-thumbnail","7":"category-entretenimento","8":"tag-forro-caju","9":"tag-forro-caju-2018"},"_links":{"self":[{"href":"https:\/\/senoticias.com.br\/se\/wp-json\/wp\/v2\/posts\/111790"}],"collection":[{"href":"https:\/\/senoticias.com.br\/se\/wp-json\/wp\/v2\/posts"}],"about":[{"href":"https:\/\/senoticias.com.br\/se\/wp-json\/wp\/v2\/types\/post"}],"author":[{"embeddable":true,"href":"https:\/\/senoticias.com.br\/se\/wp-json\/wp\/v2\/users\/6554"}],"replies":[{"embeddable":true,"href":"https:\/\/senoticias.com.br\/se\/wp-json\/wp\/v2\/comments?post=111790"}],"version-history":[{"count":0,"href":"https:\/\/senoticias.com.br\/se\/wp-json\/wp\/v2\/posts\/111790\/revisions"}],"wp:featuredmedia":[{"embeddable":true,"href":"https:\/\/senoticias.com.br\/se\/wp-json\/wp\/v2\/media\/111791"}],"wp:attachment":[{"href":"https:\/\/senoticias.com.br\/se\/wp-json\/wp\/v2\/media?parent=111790"}],"wp:term":[{"taxonomy":"category","embeddable":true,"href":"https:\/\/senoticias.com.br\/se\/wp-json\/wp\/v2\/categories?post=111790"},{"taxonomy":"post_tag","embeddable":true,"href":"https:\/\/senoticias.com.br\/se\/wp-json\/wp\/v2\/tags?post=111790"}],"curies":[{"name":"wp","href":"https:\/\/api.w.org\/{rel}","templated":true}]}}