{"id":111787,"date":"2018-03-26T19:35:41","date_gmt":"2018-03-26T22:35:41","guid":{"rendered":"https:\/\/senoticias.com.br\/se\/?p=111787"},"modified":"2018-03-26T21:43:17","modified_gmt":"2018-03-27T00:43:17","slug":"suspeita-de-fraudes-contra-seguro-dpvat-e-presa-pela-policia-civil-em-barra-dos-coqueiros","status":"publish","type":"post","link":"https:\/\/senoticias.com.br\/se\/suspeita-de-fraudes-contra-seguro-dpvat-e-presa-pela-policia-civil-em-barra-dos-coqueiros\/","title":{"rendered":"Suspeita de fraudes contra seguro DPVAT \u00e9 presa pela Pol\u00edcia Civil na Barra dos Coqueiros"},"content":{"rendered":"<p style=\"text-align: justify;\">Na manh\u00e3 desta segunda-feira (26) agentes da Delegacia de Defrauda\u00e7\u00f5es deram cumprimento ao mandado de pris\u00e3o preventiva da auxiliar de dentista Valesca Gomes da Silva, 26, suspeita de participar de diversas fraudes praticadas contra o seguro de tr\u00e2nsito DPVAT. A deten\u00e7\u00e3o ocorreu na pr\u00f3pria resid\u00eancia na Barra dos Coqueiros, na Grande Aracaju.<\/p>\n<div id=\"attachment_111788\" style=\"width: 609px\" class=\"wp-caption aligncenter\"><a href=\"https:\/\/senoticias.com.br\/se\/wp-content\/uploads\/2018\/03\/Suspeita-de-golpes-SE-Noticias-e1522103265348.png\"><img loading=\"lazy\" decoding=\"async\" aria-describedby=\"caption-attachment-111788\" class=\"size-full wp-image-111788\" src=\"https:\/\/senoticias.com.br\/se\/wp-content\/uploads\/2018\/03\/Suspeita-de-golpes-SE-Noticias-e1522103265348.png\" alt=\"\" width=\"599\" height=\"346\" \/><\/a><p id=\"caption-attachment-111788\" class=\"wp-caption-text\">Segundo a Pol\u00edcia Civil, a suspeita\u00a0 n\u00e3o atuava sozinha (foto: SSP\/SE)<\/p><\/div>\n<p style=\"text-align: justify;\">De acordo com as investiga\u00e7\u00f5es, coordenadas pela delegada Rosana Freitas, Valesca atuava como cooptadora, pegando dados pessoais e contas banc\u00e1rias de terceiros, os quais eram usados para fraudar documentos e fazer requerimentos de indeniza\u00e7\u00e3o junto ao Seguro DPVAT, baseados em acidentes que nunca existiram.<\/p>\n<p style=\"text-align: justify;\">As investiga\u00e7\u00f5es duraram oito meses e estimam que os golpes tenham gerado preju\u00edzos em torno de R$ 100 mil para a Seguradora L\u00edder, respons\u00e1vel por noticiar o caso na Delegacia de Defrauda\u00e7\u00f5es.<\/p>\n<p style=\"text-align: justify;\">Outro mandado de pris\u00e3o, contra Willdemberg Ferro da Silva, n\u00e3o foi poss\u00edvel ser cumprido, uma vez que o investigado est\u00e1 foragido.<\/p>\n<p style=\"text-align: justify;\">A suspeita \u00e9 de que Valesca e Willdemberg fa\u00e7am parte de uma quadrilha especializada em fraudar o seguro DPVAT, com atua\u00e7\u00e3o em todo o estado de Sergipe. Portanto, as investiga\u00e7\u00f5es continuar\u00e3o no sentido de desarticular o referido grupo criminoso.<\/p>\n<p>A Pol\u00edcia solicita que quem tiver alguma informa\u00e7\u00e3o pode ligar, atrav\u00e9s dos n\u00fameros 181 ou 190.<\/p>\n<p>&nbsp;<\/p>\n<p><a href=\"https:\/\/senoticias.com.br\/se\/wp-content\/uploads\/2018\/03\/Logomarca-fone-SE-4-2-1-1.jpg\"><img loading=\"lazy\" decoding=\"async\" class=\"aligncenter size-full wp-image-111750\" src=\"https:\/\/senoticias.com.br\/se\/wp-content\/uploads\/2018\/03\/Logomarca-fone-SE-4-2-1-1.jpg\" alt=\"\" width=\"599\" height=\"78\" srcset=\"https:\/\/senoticias.com.br\/se\/wp-content\/uploads\/2018\/03\/Logomarca-fone-SE-4-2-1-1.jpg 599w, https:\/\/senoticias.com.br\/se\/wp-content\/uploads\/2018\/03\/Logomarca-fone-SE-4-2-1-1-300x39.jpg 300w\" sizes=\"(max-width: 599px) 100vw, 599px\" \/><\/a><\/p>\n<p>&nbsp;<\/p>\n<p><em><strong>Acompanhe tamb\u00e9m o SE Not\u00edcias no<\/strong><span class=\"apple-converted-space\"><b>\u00a0<\/b><\/span><a href=\"https:\/\/twitter.com\/Senoticias\" target=\"_blank\" rel=\"noopener\"><b>Twitter<\/b><\/a><strong>,<\/strong><span class=\"apple-converted-space\"><b>\u00a0<\/b><\/span><a href=\"https:\/\/www.facebook.com\/senoticias1\" target=\"_blank\" rel=\"noopener\"><b>Facebook<\/b><span class=\"apple-converted-space\"><b>\u00a0<\/b><\/span><\/a><strong>e no<\/strong><span class=\"apple-converted-space\"><b>\u00a0<\/b><\/span><a href=\"https:\/\/www.instagram.com\/senoticias\/\" target=\"_blank\" rel=\"noopener\"><b>Instagram\u00a0\u00a0\u00a0<\/b><\/a><\/em><\/p>\n<p><em>Com informa\u00e7\u00f5es da SSP\/SE<\/em><\/p>\n<p>&nbsp;<\/p>\n<p>&nbsp;<\/p>\n","protected":false},"excerpt":{"rendered":"<p>Na manh\u00e3 desta segunda-feira (26) agentes da Delegacia de Defrauda\u00e7\u00f5es deram cumprimento ao mandado de pris\u00e3o preventiva da auxiliar de dentista Valesca Gomes da Silva, 26, suspeita de participar de diversas fraudes praticadas contra o seguro de tr\u00e2nsito DPVAT. A deten\u00e7\u00e3o ocorreu na pr\u00f3pria resid\u00eancia na Barra dos Coqueiros, na Grande Aracaju. De acordo com [&hellip;]<\/p>\n","protected":false},"author":6552,"featured_media":111788,"comment_status":"closed","ping_status":"closed","sticky":false,"template":"","format":"standard","meta":{"footnotes":""},"categories":[15],"tags":[9200,3656,9198,9201,9199],"class_list":{"0":"post-111787","1":"post","2":"type-post","3":"status-publish","4":"format-standard","5":"has-post-thumbnail","7":"category-destaques","8":"tag-delegacia-de-defraudacoes","9":"tag-delegada-rosana-freitas","10":"tag-fraudes-dpvat","11":"tag-seguradora-lider","12":"tag-seguro-dpvat"},"_links":{"self":[{"href":"https:\/\/senoticias.com.br\/se\/wp-json\/wp\/v2\/posts\/111787"}],"collection":[{"href":"https:\/\/senoticias.com.br\/se\/wp-json\/wp\/v2\/posts"}],"about":[{"href":"https:\/\/senoticias.com.br\/se\/wp-json\/wp\/v2\/types\/post"}],"author":[{"embeddable":true,"href":"https:\/\/senoticias.com.br\/se\/wp-json\/wp\/v2\/users\/6552"}],"replies":[{"embeddable":true,"href":"https:\/\/senoticias.com.br\/se\/wp-json\/wp\/v2\/comments?post=111787"}],"version-history":[{"count":0,"href":"https:\/\/senoticias.com.br\/se\/wp-json\/wp\/v2\/posts\/111787\/revisions"}],"wp:featuredmedia":[{"embeddable":true,"href":"https:\/\/senoticias.com.br\/se\/wp-json\/wp\/v2\/media\/111788"}],"wp:attachment":[{"href":"https:\/\/senoticias.com.br\/se\/wp-json\/wp\/v2\/media?parent=111787"}],"wp:term":[{"taxonomy":"category","embeddable":true,"href":"https:\/\/senoticias.com.br\/se\/wp-json\/wp\/v2\/categories?post=111787"},{"taxonomy":"post_tag","embeddable":true,"href":"https:\/\/senoticias.com.br\/se\/wp-json\/wp\/v2\/tags?post=111787"}],"curies":[{"name":"wp","href":"https:\/\/api.w.org\/{rel}","templated":true}]}}