{"id":111770,"date":"2018-03-26T15:14:40","date_gmt":"2018-03-26T18:14:40","guid":{"rendered":"https:\/\/senoticias.com.br\/se\/?p=111770"},"modified":"2018-03-26T15:20:00","modified_gmt":"2018-03-26T18:20:00","slug":"petrobras-aumenta-precos-do-diesel-e-da-gasolina-nas-refinarias","status":"publish","type":"post","link":"https:\/\/senoticias.com.br\/se\/petrobras-aumenta-precos-do-diesel-e-da-gasolina-nas-refinarias\/","title":{"rendered":"Petrobras aumenta pre\u00e7os do diesel e da gasolina nas refinarias"},"content":{"rendered":"<p style=\"text-align: justify;\"><span style=\"color: #000000;\">A Petrobras anunciou nesta segunda-feira (26), no Rio de Janeiro, aumento para o pre\u00e7o praticado nas refinarias para o diesel A e para a gasolina A. Os valores entrar\u00e3o em vigor nesta ter\u00e7a-feira, 27.<\/span><\/p>\n<div id=\"attachment_106553\" style=\"width: 609px\" class=\"wp-caption aligncenter\"><a href=\"https:\/\/senoticias.com.br\/se\/wp-content\/uploads\/2017\/09\/gasolina-SENOTICIAS-e1504971824352.jpg\"><img loading=\"lazy\" decoding=\"async\" aria-describedby=\"caption-attachment-106553\" class=\"size-full wp-image-106553\" src=\"https:\/\/senoticias.com.br\/se\/wp-content\/uploads\/2017\/09\/gasolina-SENOTICIAS-e1504971824352.jpg\" alt=\"\" width=\"599\" height=\"399\" \/><\/a><p id=\"caption-attachment-106553\" class=\"wp-caption-text\">Petrobras aumenta pre\u00e7os do diesel e da gasolina (foto: arquivo\/Veja)<\/p><\/div>\n<p style=\"text-align: justify;\">\n<p style=\"text-align: justify;\"><span style=\"color: #000000;\">Para o diesel, o reajuste foi 1,213%, passando de R$1,8475 na sexta-feira para R$1,8702. Nos reajustes anteriores, o diesel tinha diminu\u00eddo 0,487%, depois de aumento de 2,068% na quinta-feira.<\/span><\/p>\n<p style=\"text-align: justify;\"><span style=\"color: #000000;\">A gasolina subiu 0,761% em uma sequ\u00eancia de cinco aumentos. Na quinta-feira foi anunciada majora\u00e7\u00e3o de 0,92%, no valor de R$1,6404. No an\u00fancio de sexta-feira a tarifa passou para R$1,6431, com aumento de 0,164%.<\/span><\/p>\n<p style=\"text-align: justify;\"><span style=\"color: #000000;\">Segundo a Petrobras, o pre\u00e7o cobrado pela estatal corresponde a 46% da composi\u00e7\u00e3o do pre\u00e7o ao consumidor do diesel. Na gasolina, o percentual da empresa \u00e9 27%.<\/span><\/p>\n<p>&nbsp;<\/p>\n<p><a href=\"https:\/\/senoticias.com.br\/se\/wp-content\/uploads\/2018\/03\/Logomarca-fone-SE-4-2-1-1.jpg\"><img loading=\"lazy\" decoding=\"async\" class=\"aligncenter wp-image-111750 size-full\" src=\"https:\/\/senoticias.com.br\/se\/wp-content\/uploads\/2018\/03\/Logomarca-fone-SE-4-2-1-1.jpg\" alt=\"\" width=\"599\" height=\"78\" srcset=\"https:\/\/senoticias.com.br\/se\/wp-content\/uploads\/2018\/03\/Logomarca-fone-SE-4-2-1-1.jpg 599w, https:\/\/senoticias.com.br\/se\/wp-content\/uploads\/2018\/03\/Logomarca-fone-SE-4-2-1-1-300x39.jpg 300w\" sizes=\"(max-width: 599px) 100vw, 599px\" \/><\/a><\/p>\n<p><em><strong>Acompanhe tamb\u00e9m o SE Not\u00edcias no<\/strong><span class=\"apple-converted-space\"><b>\u00a0<\/b><\/span><a href=\"https:\/\/twitter.com\/Senoticias\" target=\"_blank\" rel=\"noopener\"><b>Twitter<\/b><\/a><strong>,<\/strong><span class=\"apple-converted-space\"><b>\u00a0<\/b><\/span><a href=\"https:\/\/www.facebook.com\/senoticias1\" target=\"_blank\" rel=\"noopener\"><b>Facebook<\/b><span class=\"apple-converted-space\"><b>\u00a0<\/b><\/span><\/a><strong>e no<\/strong><span class=\"apple-converted-space\"><b>\u00a0<\/b><\/span><a href=\"https:\/\/www.instagram.com\/senoticias\/\" target=\"_blank\" rel=\"noopener\"><b>Instagram\u00a0\u00a0\u00a0<\/b><\/a><\/em><\/p>\n<p><em>Por Ag\u00eancia Brasil<\/em><\/p>\n","protected":false},"excerpt":{"rendered":"<p>A Petrobras anunciou nesta segunda-feira (26), no Rio de Janeiro, aumento para o pre\u00e7o praticado nas refinarias para o diesel A e para a gasolina A. Os valores entrar\u00e3o em vigor nesta ter\u00e7a-feira, 27. Para o diesel, o reajuste foi 1,213%, passando de R$1,8475 na sexta-feira para R$1,8702. Nos reajustes anteriores, o diesel tinha diminu\u00eddo [&hellip;]<\/p>\n","protected":false},"author":6553,"featured_media":106553,"comment_status":"closed","ping_status":"closed","sticky":false,"template":"","format":"standard","meta":{"footnotes":""},"categories":[15,2961],"tags":[9187,3052,3051,629,9188,5701],"class_list":{"0":"post-111770","1":"post","2":"type-post","3":"status-publish","4":"format-standard","5":"has-post-thumbnail","7":"category-destaques","8":"category-nacional","9":"tag-aumentos","10":"tag-diesel","11":"tag-gasolina","12":"tag-petrobras","13":"tag-preco-da-gasolina","14":"tag-precos"},"_links":{"self":[{"href":"https:\/\/senoticias.com.br\/se\/wp-json\/wp\/v2\/posts\/111770"}],"collection":[{"href":"https:\/\/senoticias.com.br\/se\/wp-json\/wp\/v2\/posts"}],"about":[{"href":"https:\/\/senoticias.com.br\/se\/wp-json\/wp\/v2\/types\/post"}],"author":[{"embeddable":true,"href":"https:\/\/senoticias.com.br\/se\/wp-json\/wp\/v2\/users\/6553"}],"replies":[{"embeddable":true,"href":"https:\/\/senoticias.com.br\/se\/wp-json\/wp\/v2\/comments?post=111770"}],"version-history":[{"count":0,"href":"https:\/\/senoticias.com.br\/se\/wp-json\/wp\/v2\/posts\/111770\/revisions"}],"wp:featuredmedia":[{"embeddable":true,"href":"https:\/\/senoticias.com.br\/se\/wp-json\/wp\/v2\/media\/106553"}],"wp:attachment":[{"href":"https:\/\/senoticias.com.br\/se\/wp-json\/wp\/v2\/media?parent=111770"}],"wp:term":[{"taxonomy":"category","embeddable":true,"href":"https:\/\/senoticias.com.br\/se\/wp-json\/wp\/v2\/categories?post=111770"},{"taxonomy":"post_tag","embeddable":true,"href":"https:\/\/senoticias.com.br\/se\/wp-json\/wp\/v2\/tags?post=111770"}],"curies":[{"name":"wp","href":"https:\/\/api.w.org\/{rel}","templated":true}]}}