{"id":111749,"date":"2018-03-26T06:05:26","date_gmt":"2018-03-26T09:05:26","guid":{"rendered":"https:\/\/senoticias.com.br\/se\/?p=111749"},"modified":"2018-03-26T07:08:13","modified_gmt":"2018-03-26T10:08:13","slug":"prefeitura-de-propria-emite-nota-sobre-o-mercado-municipal","status":"publish","type":"post","link":"https:\/\/senoticias.com.br\/se\/prefeitura-de-propria-emite-nota-sobre-o-mercado-municipal\/","title":{"rendered":"Prefeitura de Propri\u00e1 emite nota sobre o Mercado Municipal"},"content":{"rendered":"<p style=\"text-align: justify;\">A Prefeitura Municipal de Propri\u00e1 informa que, no decorrer da pr\u00f3xima semana, estar\u00e1 revendo com a Vigil\u00e2ncia Sanit\u00e1ria sobre a situa\u00e7\u00e3o no Mercado Municipal Renato Vieira Brand\u00e3o em detrimento da den\u00fancia de um c\u00e3o, na tarde de sexta-feira, 16\/03, ter sido flagrado em fotografia no momento em que tentava retirar carne de uma pe\u00e7a bovina no momento do desembarque da mesma sendo que, despercebidamente por parte dos respons\u00e1veis no local, foi repelido por terceiros que impediram \u00e0 a\u00e7\u00e3o.<a href=\"https:\/\/senoticias.com.br\/se\/wp-content\/uploads\/2018\/03\/35bbdd3b-64ff-4054-bb47-5c9b30e9514b.jpg\"><img loading=\"lazy\" decoding=\"async\" class=\"aligncenter size-full wp-image-111753\" src=\"https:\/\/senoticias.com.br\/se\/wp-content\/uploads\/2018\/03\/35bbdd3b-64ff-4054-bb47-5c9b30e9514b.jpg\" alt=\"\" width=\"404\" height=\"404\" srcset=\"https:\/\/senoticias.com.br\/se\/wp-content\/uploads\/2018\/03\/35bbdd3b-64ff-4054-bb47-5c9b30e9514b.jpg 404w, https:\/\/senoticias.com.br\/se\/wp-content\/uploads\/2018\/03\/35bbdd3b-64ff-4054-bb47-5c9b30e9514b-150x150.jpg 150w, https:\/\/senoticias.com.br\/se\/wp-content\/uploads\/2018\/03\/35bbdd3b-64ff-4054-bb47-5c9b30e9514b-300x300.jpg 300w\" sizes=\"(max-width: 404px) 100vw, 404px\" \/><\/a><\/p>\n<p style=\"text-align: justify;\">O Prefeito Iokanaan Santana est\u00e1 tranquilo, pois entende que vem honrando com os compromissos administrativos de limpeza, fiscaliza\u00e7\u00e3o e manuten\u00e7\u00e3o do Mercado Municipal Renato Vieira Brand\u00e3o mantendo as responsabilidades e garantindo a qualidade de vida que a popula\u00e7\u00e3o necessita para viver com qualidade de vida. A sociedade tamb\u00e9m deve cumprir com suas responsabilidades.<\/p>\n<p style=\"text-align: justify;\">O Secret\u00e1rio Municipal de Sa\u00fade, Iokanaan Santana Filho, j\u00e1 tem conhecimento do assunto e dever\u00e1 ver com a Vigil\u00e2ncia Sanit\u00e1ria o que de fato acontece no local para tomada de provid\u00eancias.<\/p>\n<p><em><strong>Acompanhe tamb\u00e9m o SE Not\u00edcias no<\/strong><span class=\"apple-converted-space\"><b>\u00a0<\/b><\/span><a href=\"https:\/\/twitter.com\/Senoticias\" target=\"_blank\" rel=\"noopener\"><b>Twitter<\/b><\/a><strong>,<\/strong><span class=\"apple-converted-space\"><b>\u00a0<\/b><\/span><a href=\"https:\/\/www.facebook.com\/senoticias1\" target=\"_blank\" rel=\"noopener\"><b>Facebook<\/b><span class=\"apple-converted-space\"><b>\u00a0<\/b><\/span><\/a><strong>e no<\/strong><span class=\"apple-converted-space\"><b>\u00a0<\/b><\/span><a href=\"https:\/\/www.instagram.com\/senoticias\/\" target=\"_blank\" rel=\"noopener\"><b>Instagram<\/b><\/a><\/em><\/p>\n<p>Adeval Marques<br \/>\nCoordenador de Comunica\u00e7\u00e3o<\/p>\n<p>&nbsp;<\/p>\n<p><a href=\"https:\/\/senoticias.com.br\/se\/wp-content\/uploads\/2018\/03\/Logomarca-fone-SE-4-2-1-1.jpg\"><img loading=\"lazy\" decoding=\"async\" class=\"aligncenter size-full wp-image-111750\" src=\"https:\/\/senoticias.com.br\/se\/wp-content\/uploads\/2018\/03\/Logomarca-fone-SE-4-2-1-1.jpg\" alt=\"\" width=\"599\" height=\"78\" srcset=\"https:\/\/senoticias.com.br\/se\/wp-content\/uploads\/2018\/03\/Logomarca-fone-SE-4-2-1-1.jpg 599w, https:\/\/senoticias.com.br\/se\/wp-content\/uploads\/2018\/03\/Logomarca-fone-SE-4-2-1-1-300x39.jpg 300w\" sizes=\"(max-width: 599px) 100vw, 599px\" \/><\/a><\/p>\n","protected":false},"excerpt":{"rendered":"<p>A Prefeitura Municipal de Propri\u00e1 informa que, no decorrer da pr\u00f3xima semana, estar\u00e1 revendo com a Vigil\u00e2ncia Sanit\u00e1ria sobre a situa\u00e7\u00e3o no Mercado Municipal Renato Vieira Brand\u00e3o em detrimento da den\u00fancia de um c\u00e3o, na tarde de sexta-feira, 16\/03, ter sido flagrado em fotografia no momento em que tentava retirar carne de uma pe\u00e7a bovina [&hellip;]<\/p>\n","protected":false},"author":6552,"featured_media":111753,"comment_status":"closed","ping_status":"closed","sticky":false,"template":"","format":"standard","meta":{"footnotes":""},"categories":[38,1],"tags":[9182],"class_list":{"0":"post-111749","1":"post","2":"type-post","3":"status-publish","4":"format-standard","5":"has-post-thumbnail","7":"category-municipios","8":"category-sem-categoria","9":"tag-prefeitura-de-propria"},"_links":{"self":[{"href":"https:\/\/senoticias.com.br\/se\/wp-json\/wp\/v2\/posts\/111749"}],"collection":[{"href":"https:\/\/senoticias.com.br\/se\/wp-json\/wp\/v2\/posts"}],"about":[{"href":"https:\/\/senoticias.com.br\/se\/wp-json\/wp\/v2\/types\/post"}],"author":[{"embeddable":true,"href":"https:\/\/senoticias.com.br\/se\/wp-json\/wp\/v2\/users\/6552"}],"replies":[{"embeddable":true,"href":"https:\/\/senoticias.com.br\/se\/wp-json\/wp\/v2\/comments?post=111749"}],"version-history":[{"count":0,"href":"https:\/\/senoticias.com.br\/se\/wp-json\/wp\/v2\/posts\/111749\/revisions"}],"wp:featuredmedia":[{"embeddable":true,"href":"https:\/\/senoticias.com.br\/se\/wp-json\/wp\/v2\/media\/111753"}],"wp:attachment":[{"href":"https:\/\/senoticias.com.br\/se\/wp-json\/wp\/v2\/media?parent=111749"}],"wp:term":[{"taxonomy":"category","embeddable":true,"href":"https:\/\/senoticias.com.br\/se\/wp-json\/wp\/v2\/categories?post=111749"},{"taxonomy":"post_tag","embeddable":true,"href":"https:\/\/senoticias.com.br\/se\/wp-json\/wp\/v2\/tags?post=111749"}],"curies":[{"name":"wp","href":"https:\/\/api.w.org\/{rel}","templated":true}]}}