{"id":111748,"date":"2018-03-26T06:53:36","date_gmt":"2018-03-26T09:53:36","guid":{"rendered":"https:\/\/senoticias.com.br\/se\/?p=111748"},"modified":"2018-03-26T07:04:31","modified_gmt":"2018-03-26T10:04:31","slug":"prefeitura-de-maruim-inaugura-quadra-poliesportiva-no-pau-ferro","status":"publish","type":"post","link":"https:\/\/senoticias.com.br\/se\/prefeitura-de-maruim-inaugura-quadra-poliesportiva-no-pau-ferro\/","title":{"rendered":"Prefeitura de Maruim inaugura quadra poliesportiva no Pau Ferro"},"content":{"rendered":"<p style=\"text-align: justify;\">A Prefeitura de Maruim inaugurou na noite do \u00faltimo s\u00e1bado (24), uma quadra poliesportiva no Povoado Jo\u00e3o Gomes de Melo, tamb\u00e9m conhecido como Povoado Pau Ferro. A obra proporcionar\u00e1 uma melhor qualidade de vida aos moradores do maior povoado do munic\u00edpio.<\/p>\n<div id=\"attachment_111751\" style=\"width: 609px\" class=\"wp-caption aligncenter\"><a href=\"https:\/\/senoticias.com.br\/se\/wp-content\/uploads\/2018\/03\/29541325_916424861837779_3450768845586186549_n-e1522058195586.jpg\"><img loading=\"lazy\" decoding=\"async\" aria-describedby=\"caption-attachment-111751\" class=\"size-full wp-image-111751\" src=\"https:\/\/senoticias.com.br\/se\/wp-content\/uploads\/2018\/03\/29541325_916424861837779_3450768845586186549_n-e1522058195586.jpg\" alt=\"\" width=\"599\" height=\"399\" \/><\/a><p id=\"caption-attachment-111751\" class=\"wp-caption-text\">Quadra Poliesportiva foi a entregue a popula\u00e7\u00e3o (foto: ascom \/ Maruim)\u00a0<\/p><\/div>\n<p style=\"text-align: justify;\">Or\u00e7ada em cerca de R$ 290 mil, a quadra descoberta poliesportiva foi constru\u00edda a partir da obten\u00e7\u00e3o de recursos firmados no conv\u00eanio n\u00ba 798.954 entre Minist\u00e9rio dos Esportes e Prefeitura de Maruim. A obra contemplou a instala\u00e7\u00e3o de pisos, alambrado, ilumina\u00e7\u00e3o, arquibancadas e acess\u00f3rios para a pr\u00e1tica de diversas modalidades esportivas.<\/p>\n<p style=\"text-align: justify;\">A quadra recebeu a denomina\u00e7\u00e3o de Ariston de Jesus Guimar\u00e3es, conhecido popularmente como Ariston do Pau Ferro. Ariston Guimar\u00e3es ocupou o cargo de presidente da C\u00e2mara de Vereadores de Maruim, em 2001. Eleito no ano 2000 com 287 votos, foi o segundo vereador mais votado naquela oportunidade.<\/p>\n<p style=\"text-align: justify;\">O secret\u00e1rio municipal de Esporte e Lazer, M\u00e1rio S\u00e9rgio de Jesus, destacou a import\u00e2ncia da obra para a comunidade local. \u201cA quadra vem em uma boa hora, pois a comunidade sempre almejou esta obra. Um sonho que se torna realidade, atrav\u00e9s do esfor\u00e7o da gest\u00e3o municipal atrav\u00e9s das incans\u00e1veis viagens a Bras\u00edlia. A quadra vai disponibilizar espa\u00e7o para desportistas de diversas modalidades como basquete, futsal, v\u00f4lei e handebol\u201d, destacou.<\/p>\n<p style=\"text-align: justify;\">O prefeito de Maruim, Jeferson Santana, destacou a import\u00e2ncia social para o povoado com uma obra deste porte. \u201cA constru\u00e7\u00e3o da quadra de esportes consolida o apoio incondicional \u00e0 pr\u00e1tica esportiva, especificamente, no maior povoado do munic\u00edpio. Al\u00e9m de promover a difus\u00e3o do esporte, a obra contribui para a melhoria na qualidade de vida da comunidade\u201d, afirmou o prefeito.<br \/>\nO morador do Povoado Pau Ferro, Ed\u00edlson Teixeira, destacou a inaugura\u00e7\u00e3o da quadra poliesportiva como a realiza\u00e7\u00e3o de um sonho. \u201cEssa obra vai beneficiar a comunidade, n\u00e3o s\u00f3 do Povoado Pau Ferro, mas tamb\u00e9m do Povoado Pedra Branquinha, com a amplia\u00e7\u00e3o das oportunidades atrav\u00e9s da inser\u00e7\u00e3o no esporte\u201d, frisou.<\/p>\n<p>Durante a solenidade de inaugura\u00e7\u00e3o da quadra poliesportiva, o prefeito Jeferson Santana assinou ordem de servi\u00e7o para pavimenta\u00e7\u00e3o da Rua Cida Vieira, a partir de conv\u00eanio com o Minist\u00e9rio das Cidades. Al\u00e9m desta rua, a previs\u00e3o \u00e9 que outras ruas sejam beneficiadas ainda neste ano. A obra de pavimenta\u00e7\u00e3o da Rua Cida Vieira iniciar\u00e1 ap\u00f3s a Semana Santa.<\/p>\n<p style=\"text-align: justify;\">Al\u00e9m do prefeito Jeferson Santana, e do secret\u00e1rio M\u00e1rio S\u00e9rgio (Esportes), a solenidade contou com a participa\u00e7\u00e3o do vereador Junior Santana, dos secret\u00e1rios municipais Paulo C\u00e9sar (Agricultura), Jos\u00e9 Wilson (Articula\u00e7\u00e3o Pol\u00edtica), C\u00e9sar do Pau Ferro (Ordem Social), Gilton Rezende (Cultura), Elberto Sobral (Obras), Arlinda Santana (Gabinete) e Diego Cardoso (Meio Ambiente), al\u00e9m de diretores, coordenadores e assessores. Os familiares do homenageado Ariston Guimar\u00e3es tamb\u00e9m compareceram a cerim\u00f4nia: a senhora Maria Jos\u00e9 de Jesus Guimar\u00e3es (m\u00e3e); Ad\u00e9lia e Alliston Guimar\u00e3es (filhos) e Alberto Guimar\u00e3es (Irm\u00e3o).<\/p>\n<p style=\"text-align: justify;\">Ao final, houve apresenta\u00e7\u00e3o do cantor sergipano, Wendell Andrade, \u201co rei da Farra\u201d.<\/p>\n<p><em><strong>Acompanhe tamb\u00e9m o SE Not\u00edcias no<\/strong><span class=\"apple-converted-space\"><b>\u00a0<\/b><\/span><a href=\"https:\/\/twitter.com\/Senoticias\" target=\"_blank\" rel=\"noopener\"><b>Twitter<\/b><\/a><strong>,<\/strong><span class=\"apple-converted-space\"><b>\u00a0<\/b><\/span><a href=\"https:\/\/www.facebook.com\/senoticias1\" target=\"_blank\" rel=\"noopener\"><b>Facebook<\/b><span class=\"apple-converted-space\"><b>\u00a0<\/b><\/span><\/a><strong>e no<\/strong><span class=\"apple-converted-space\"><b>\u00a0<\/b><\/span><a href=\"https:\/\/www.instagram.com\/senoticias\/\" target=\"_blank\" rel=\"noopener\"><b>Instagram\u00a0\u00a0\u00a0<\/b><\/a><\/em><\/p>\n<p><a href=\"https:\/\/senoticias.com.br\/se\/wp-content\/uploads\/2018\/03\/Logomarca-fone-SE-4-2-1-1.jpg\"><img loading=\"lazy\" decoding=\"async\" class=\"size-full wp-image-111750 aligncenter\" src=\"https:\/\/senoticias.com.br\/se\/wp-content\/uploads\/2018\/03\/Logomarca-fone-SE-4-2-1-1.jpg\" alt=\"\" width=\"599\" height=\"78\" srcset=\"https:\/\/senoticias.com.br\/se\/wp-content\/uploads\/2018\/03\/Logomarca-fone-SE-4-2-1-1.jpg 599w, https:\/\/senoticias.com.br\/se\/wp-content\/uploads\/2018\/03\/Logomarca-fone-SE-4-2-1-1-300x39.jpg 300w\" sizes=\"(max-width: 599px) 100vw, 599px\" \/><\/a><\/p>\n<p>&nbsp;<\/p>\n<p>&nbsp;<\/p>\n<p style=\"text-align: justify;\"><em>Da Assessoria de Comunica\u00e7\u00e3o Social\u00a0 \/ Prefeitura de Maruim<\/em><\/p>\n","protected":false},"excerpt":{"rendered":"<p>A Prefeitura de Maruim inaugurou na noite do \u00faltimo s\u00e1bado (24), uma quadra poliesportiva no Povoado Jo\u00e3o Gomes de Melo, tamb\u00e9m conhecido como Povoado Pau Ferro. A obra proporcionar\u00e1 uma melhor qualidade de vida aos moradores do maior povoado do munic\u00edpio. Or\u00e7ada em cerca de R$ 290 mil, a quadra descoberta poliesportiva foi constru\u00edda a [&hellip;]<\/p>\n","protected":false},"author":6555,"featured_media":111751,"comment_status":"closed","ping_status":"closed","sticky":false,"template":"","format":"standard","meta":{"footnotes":""},"categories":[38],"tags":[9181,732,9180],"class_list":{"0":"post-111748","1":"post","2":"type-post","3":"status-publish","4":"format-standard","5":"has-post-thumbnail","7":"category-municipios","8":"tag-pau-ferro","9":"tag-prefeitura-de-maruim","10":"tag-quadra-poliesportiva"},"_links":{"self":[{"href":"https:\/\/senoticias.com.br\/se\/wp-json\/wp\/v2\/posts\/111748"}],"collection":[{"href":"https:\/\/senoticias.com.br\/se\/wp-json\/wp\/v2\/posts"}],"about":[{"href":"https:\/\/senoticias.com.br\/se\/wp-json\/wp\/v2\/types\/post"}],"author":[{"embeddable":true,"href":"https:\/\/senoticias.com.br\/se\/wp-json\/wp\/v2\/users\/6555"}],"replies":[{"embeddable":true,"href":"https:\/\/senoticias.com.br\/se\/wp-json\/wp\/v2\/comments?post=111748"}],"version-history":[{"count":0,"href":"https:\/\/senoticias.com.br\/se\/wp-json\/wp\/v2\/posts\/111748\/revisions"}],"wp:featuredmedia":[{"embeddable":true,"href":"https:\/\/senoticias.com.br\/se\/wp-json\/wp\/v2\/media\/111751"}],"wp:attachment":[{"href":"https:\/\/senoticias.com.br\/se\/wp-json\/wp\/v2\/media?parent=111748"}],"wp:term":[{"taxonomy":"category","embeddable":true,"href":"https:\/\/senoticias.com.br\/se\/wp-json\/wp\/v2\/categories?post=111748"},{"taxonomy":"post_tag","embeddable":true,"href":"https:\/\/senoticias.com.br\/se\/wp-json\/wp\/v2\/tags?post=111748"}],"curies":[{"name":"wp","href":"https:\/\/api.w.org\/{rel}","templated":true}]}}