{"id":111658,"date":"2018-03-21T20:43:15","date_gmt":"2018-03-21T23:43:15","guid":{"rendered":"https:\/\/senoticias.com.br\/se\/?p=111658"},"modified":"2018-03-21T20:48:33","modified_gmt":"2018-03-21T23:48:33","slug":"queda-de-energia-afeta-cidades-em-14-estados-do-norte-e-do-nordeste","status":"publish","type":"post","link":"https:\/\/senoticias.com.br\/se\/queda-de-energia-afeta-cidades-em-14-estados-do-norte-e-do-nordeste\/","title":{"rendered":"Queda de energia afeta cidades em 14 estados do Norte e do Nordeste"},"content":{"rendered":"<p style=\"text-align: justify;\">Munic\u00edpios de ao menos 14 estados do Norte e do Nordeste do pa\u00eds enfrentaram um apag\u00e3o nesta quarta-feira (21): Alagoas, Amap\u00e1, Amazonas, Bahia, Cear\u00e1, Maranh\u00e3o, Par\u00e1, Para\u00edba, Piau\u00ed, Pernambuco, Rio Grande do Norte, Rond\u00f4nia, Sergipe e Tocantins.<\/p>\n<div id=\"attachment_111660\" style=\"width: 609px\" class=\"wp-caption aligncenter\"><a href=\"https:\/\/senoticias.com.br\/se\/wp-content\/uploads\/2018\/03\/Apagao-SE-Noticias-e1521675928939.jpg\"><img loading=\"lazy\" decoding=\"async\" aria-describedby=\"caption-attachment-111660\" class=\"size-full wp-image-111660\" src=\"https:\/\/senoticias.com.br\/se\/wp-content\/uploads\/2018\/03\/Apagao-SE-Noticias-e1521675928939.jpg\" alt=\"\" width=\"599\" height=\"399\" \/><\/a><p id=\"caption-attachment-111660\" class=\"wp-caption-text\">A usina hidrel\u00e9trica de Belo Monte, no Par\u00e1 (foto: Lalo de Almeida \/Folhapress)<\/p><\/div>\n<p style=\"text-align: justify;\">De acordo com as companhias de energia locais, 2.049 munic\u00edpios foram afetados nos 14 estados. O n\u00famero representa 93% do total de munic\u00edpios (2.204) desses estados.<\/p>\n<div id=\"attachment_111659\" style=\"width: 609px\" class=\"wp-caption aligncenter\"><a href=\"https:\/\/senoticias.com.br\/se\/wp-content\/uploads\/2018\/03\/apagao-nos-estados-v7-e1521675685925.jpg\"><img loading=\"lazy\" decoding=\"async\" aria-describedby=\"caption-attachment-111659\" class=\"size-full wp-image-111659\" src=\"https:\/\/senoticias.com.br\/se\/wp-content\/uploads\/2018\/03\/apagao-nos-estados-v7-e1521675685925.jpg\" alt=\"\" width=\"599\" height=\"756\" \/><\/a><p id=\"caption-attachment-111659\" class=\"wp-caption-text\">Governo afirma que problema foi causado por falha em subesta\u00e7\u00e3o do Xingu, no Par\u00e1. Apag\u00e3o atingiu 93% dos munic\u00edpios das regi\u00f5es Norte e Nordeste (foto arte: G1)<\/p><\/div>\n<p style=\"text-align: justify;\">Tamb\u00e9m houve registro de falta de energia em S\u00e3o Paulo, Rio de Janeiro, Minas Gerais, Paran\u00e1, Santa Catarina, Mato Grosso, Mato Grosso do Sul e Distrito Federal.<\/p>\n<p style=\"text-align: justify;\">O problema foi registrado \u00e0s 15h48. Em nota, o Operador Nacional do Sistema (ONS) informou que uma &#8220;perda de carga&#8221; causou o apag\u00e3o. Ainda segundo o ONS, as causas do desligamento est\u00e3o sendo investigadas, e as equipes trabalham para a recomposi\u00e7\u00e3o dos sistemas (leia a \u00edntegra da nota mais abaixo).<\/p>\n<p style=\"text-align: justify;\">O ministro de Minas e Energia, Fernando Coelho Filho, disse que o apag\u00e3o ocorreu ap\u00f3s uma falha em uma linha de transmiss\u00e3o ligada \u00e0 usina de Belo Monte, no Par\u00e1, que n\u00e3o suportou um aumento de carga. Segundo o ministro, essa linha foi programada para operar em uma pot\u00eancia maior, e as causas da falha est\u00e3o sendo investigadas.<\/p>\n<p style=\"text-align: justify;\">Em entrevista coletiva no in\u00edcio da noite desta quarta, o diretor-geral do ONS, Luiz Eduardo Barata Ferreira, disse que a falha ocorreu em um disjuntor na subesta\u00e7\u00e3o Xingu, no Par\u00e1.<\/p>\n<p style=\"text-align: justify;\">O problema, segundo Ferreira, causou &#8220;pequena perturba\u00e7\u00e3o&#8221; nos sistemas do Sul, Sudeste e Centro-Oeste, mas provocou um &#8220;colapso&#8221;, com &#8220;repercuss\u00e3o bem mais acentuada&#8221;, nos sistemas do Norte e Nordeste.<\/p>\n<p style=\"text-align: justify;\">&#8220;A partir dessa interrup\u00e7\u00e3o [ap\u00f3s a falha], n\u00f3s tivemos a separa\u00e7\u00e3o dos sistemas Norte e Nordeste dos sistemas das regi\u00f5es Sul e Sudeste, o que provocou um excesso de gera\u00e7\u00e3o na Regi\u00e3o Norte e levou \u00e0 desconex\u00e3o dos sistemas das regi\u00f5es Norte e Nordeste. O Brasil tem todo o pa\u00eds interligado, a exce\u00e7\u00e3o do estado de Roraima. Neste evento, o que ocorreu foi uma separa\u00e7\u00e3o dos sistemas Norte e Nordeste e Sul e Sudeste&#8221;, disse o diretor do ONS.<\/p>\n<p style=\"text-align: justify;\">O apag\u00e3o atingiu todo o territ\u00f3rio dos estados do Rio Grande Norte, da Para\u00edba, do Maranh\u00e3o, de Pernambuco, do Cear\u00e1, de Sergipe, da Bahia, do Piau\u00ed, do Tocantins e do Par\u00e1.<\/p>\n<p style=\"text-align: justify;\">Em Rond\u00f4nia, algumas cidades ficaram sem energia por 1 hora e 15 minutos, das 14h48 \u00e0s 16h03 (hor\u00e1rio local), segundo a Eletrobras.<\/p>\n<p style=\"text-align: justify;\">No Amazonas, a falta de energia afeta Manaus e Manacapuru, na regi\u00e3o metropolitana.<\/p>\n<p style=\"text-align: justify;\">Em S\u00e3o Paulo, a concession\u00e1ria Eletropaulo &#8211; que atende a capital e 24 munic\u00edpios da regi\u00e3o metropolitana &#8211; informou que a rede foi &#8220;parcialmente afetada entre 15h48 e 15h55&#8221;.<\/p>\n<p style=\"text-align: justify;\">Em Minas Gerais, 31 cidades atendidas pela Companhia Energ\u00e9tica de Minas Gerais (Cemig) ficaram sem luz por cerca de 15 minutos. No Rio de Janeiro, a queda de energia durou 12 minutos e atingiu 16 cidades, entre elas a capital do estado.<\/p>\n<p style=\"text-align: justify;\">No Distrito Federal, o desabastecimento durou 20 minutos. Em Mato Grosso foram oito cidades atingidas, e outras cinco em Mato Grosso do Sul.<\/p>\n<p style=\"text-align: justify;\">Em Santa Catarina, as cidades mais afetadas foram Florian\u00f3polis, Joinville e Blumenau. No Paran\u00e1, a oscila\u00e7\u00e3o foi registrada entre 15h48 e 16h07.<\/p>\n<p>&nbsp;<\/p>\n<p><a href=\"https:\/\/senoticias.com.br\/se\/wp-content\/uploads\/2018\/03\/Logomarca-fone-SE-4-2-1.jpg\"><img loading=\"lazy\" decoding=\"async\" class=\"aligncenter size-full wp-image-111475\" src=\"https:\/\/senoticias.com.br\/se\/wp-content\/uploads\/2018\/03\/Logomarca-fone-SE-4-2-1.jpg\" alt=\"\" width=\"599\" height=\"78\" srcset=\"https:\/\/senoticias.com.br\/se\/wp-content\/uploads\/2018\/03\/Logomarca-fone-SE-4-2-1.jpg 599w, https:\/\/senoticias.com.br\/se\/wp-content\/uploads\/2018\/03\/Logomarca-fone-SE-4-2-1-300x39.jpg 300w\" sizes=\"(max-width: 599px) 100vw, 599px\" \/><\/a><\/p>\n<p>&nbsp;<\/p>\n<p><em><strong>Acompanhe tamb\u00e9m o SE Not\u00edcias no<\/strong><span class=\"apple-converted-space\"><b>\u00a0<\/b><\/span><a href=\"https:\/\/twitter.com\/Senoticias\" target=\"_blank\" rel=\"noopener\"><b>Twitter<\/b><\/a><strong>,<\/strong><span class=\"apple-converted-space\"><b>\u00a0<\/b><\/span><a href=\"https:\/\/www.facebook.com\/senoticias1\" target=\"_blank\" rel=\"noopener\"><b>Facebook<\/b><span class=\"apple-converted-space\"><b>\u00a0<\/b><\/span><\/a><strong>e no<\/strong><span class=\"apple-converted-space\"><b>\u00a0<\/b><\/span><a href=\"https:\/\/www.instagram.com\/senoticias\/\" target=\"_blank\" rel=\"noopener\"><b>Instagram<\/b><\/a><\/em><\/p>\n<p>&nbsp;<\/p>\n<p>Com informa\u00e7\u00f5es do <a href=\"https:\/\/g1.globo.com\/rn\/rio-grande-do-norte\/noticia\/queda-de-energia-afeta-todos-os-167-municipios-do-rio-grande-do-norte-segundo-companhia-de-energia.ghtml\"><strong>G1\u00a0<\/strong><\/a><\/p>\n<p>&nbsp;<\/p>\n","protected":false},"excerpt":{"rendered":"<p>Munic\u00edpios de ao menos 14 estados do Norte e do Nordeste do pa\u00eds enfrentaram um apag\u00e3o nesta quarta-feira (21): Alagoas, Amap\u00e1, Amazonas, Bahia, Cear\u00e1, Maranh\u00e3o, Par\u00e1, Para\u00edba, Piau\u00ed, Pernambuco, Rio Grande do Norte, Rond\u00f4nia, Sergipe e Tocantins. De acordo com as companhias de energia locais, 2.049 munic\u00edpios foram afetados nos 14 estados. O n\u00famero representa [&hellip;]<\/p>\n","protected":false},"author":6552,"featured_media":111660,"comment_status":"closed","ping_status":"closed","sticky":false,"template":"","format":"standard","meta":{"footnotes":""},"categories":[15],"tags":[9142,9143,9141],"class_list":{"0":"post-111658","1":"post","2":"type-post","3":"status-publish","4":"format-standard","5":"has-post-thumbnail","7":"category-destaques","8":"tag-apagao","9":"tag-chesf","10":"tag-queda-de-energia"},"_links":{"self":[{"href":"https:\/\/senoticias.com.br\/se\/wp-json\/wp\/v2\/posts\/111658"}],"collection":[{"href":"https:\/\/senoticias.com.br\/se\/wp-json\/wp\/v2\/posts"}],"about":[{"href":"https:\/\/senoticias.com.br\/se\/wp-json\/wp\/v2\/types\/post"}],"author":[{"embeddable":true,"href":"https:\/\/senoticias.com.br\/se\/wp-json\/wp\/v2\/users\/6552"}],"replies":[{"embeddable":true,"href":"https:\/\/senoticias.com.br\/se\/wp-json\/wp\/v2\/comments?post=111658"}],"version-history":[{"count":0,"href":"https:\/\/senoticias.com.br\/se\/wp-json\/wp\/v2\/posts\/111658\/revisions"}],"wp:featuredmedia":[{"embeddable":true,"href":"https:\/\/senoticias.com.br\/se\/wp-json\/wp\/v2\/media\/111660"}],"wp:attachment":[{"href":"https:\/\/senoticias.com.br\/se\/wp-json\/wp\/v2\/media?parent=111658"}],"wp:term":[{"taxonomy":"category","embeddable":true,"href":"https:\/\/senoticias.com.br\/se\/wp-json\/wp\/v2\/categories?post=111658"},{"taxonomy":"post_tag","embeddable":true,"href":"https:\/\/senoticias.com.br\/se\/wp-json\/wp\/v2\/tags?post=111658"}],"curies":[{"name":"wp","href":"https:\/\/api.w.org\/{rel}","templated":true}]}}