{"id":111620,"date":"2018-03-20T15:44:12","date_gmt":"2018-03-20T18:44:12","guid":{"rendered":"https:\/\/senoticias.com.br\/se\/?p=111620"},"modified":"2018-03-20T15:44:12","modified_gmt":"2018-03-20T18:44:12","slug":"governo-alerta-para-prevencao-a-caxumba","status":"publish","type":"post","link":"https:\/\/senoticias.com.br\/se\/governo-alerta-para-prevencao-a-caxumba\/","title":{"rendered":"Governo alerta para preven\u00e7\u00e3o \u00e0 caxumba"},"content":{"rendered":"<p style=\"text-align: justify\"><span style=\"color: #000000\">O Governo de Sergipe, atrav\u00e9s da Secretaria de Estado da Sa\u00fade (SES), lan\u00e7ar\u00e1 uma nota informativa com recomenda\u00e7\u00f5es sobre parotidite infecciosa, mais conhecida como caxumba. A nota deve ser usada por todos os profissionais da \u00e1rea da sa\u00fade, e se d\u00e1 em virtude da identifica\u00e7\u00e3o, por parte da sua Diretoria de Vigil\u00e2ncia em Sa\u00fade (DVS), do aumento de casos notificados e a ocorr\u00eancia de surtos institucionais.<\/span><\/p>\n<p style=\"text-align: justify\"><span style=\"color: #000000\">De acordo com a coordenadora do N\u00facleo das Doen\u00e7as Transmiss\u00edveis, da SES, M\u00e9rcia Feitosa, o objetivo \u00e9 prevenir a ocorr\u00eancia de novos casos. \u201cEm situa\u00e7\u00e3o de evolu\u00e7\u00e3o com gravidade foram definidas recomenda\u00e7\u00f5es e orienta\u00e7\u00f5es para os profissionais de sa\u00fade sobre a identifica\u00e7\u00e3o e notifica\u00e7\u00e3o precoce das ocorr\u00eancias suspeitas. Trata-se, portanto, de uma doen\u00e7a viral aguda de evolu\u00e7\u00e3o benigna, caracterizada por febre e aumento de volume de uma ou mais gl\u00e2ndulas salivares, geralmente, a par\u00f3tida e, \u00e0s vezes, gl\u00e2ndulas sublinguais ou submandibulares\u201d, explicou.<\/span><\/p>\n<div id=\"attachment_111621\" style=\"width: 358px\" class=\"wp-caption aligncenter\"><a href=\"https:\/\/senoticias.com.br\/se\/wp-content\/uploads\/2018\/03\/caxumba-SENOTICIAS.jpg\"><img loading=\"lazy\" decoding=\"async\" aria-describedby=\"caption-attachment-111621\" class=\"wp-image-111621 size-full\" src=\"https:\/\/senoticias.com.br\/se\/wp-content\/uploads\/2018\/03\/caxumba-SENOTICIAS.jpg\" alt=\"\" width=\"348\" height=\"464\" srcset=\"https:\/\/senoticias.com.br\/se\/wp-content\/uploads\/2018\/03\/caxumba-SENOTICIAS.jpg 348w, https:\/\/senoticias.com.br\/se\/wp-content\/uploads\/2018\/03\/caxumba-SENOTICIAS-225x300.jpg 225w\" sizes=\"(max-width: 348px) 100vw, 348px\" \/><\/a><p id=\"caption-attachment-111621\" class=\"wp-caption-text\">Imagem: internet<\/p><\/div>\n<p style=\"text-align: justify\"><span style=\"color: #000000\">A nota informativa ainda ressalta que cerca de 1\/3 das infec\u00e7\u00f5es podem n\u00e3o apresentar aumento, clinicamente aparente, dessas gl\u00e2ndulas. Estima-se que, na aus\u00eancia de imuniza\u00e7\u00e3o, 85% dos adultos poder\u00e3o ter a doen\u00e7a, sendo a mesma mais severa nessa fase. Nos casos graves, a caxumba pode causar surdez, meningite e, raramente, levar \u00e0 morte.<\/span><\/p>\n<p style=\"text-align: justify\"><span style=\"color: #000000\">\u201cEm Sergipe, n\u00e3o h\u00e1 registro de epidemia. J\u00e1 o surto \u00e9 localizado, implicando no aumento do n\u00famero de casos num espa\u00e7o concentrado. Tivemos surtos nas escolas e, no ano passado, em pres\u00eddio. A SES, por sua vez, recebe notifica\u00e7\u00e3o individualizada da doen\u00e7a atrav\u00e9s do Sistema de Informa\u00e7\u00e3o de Agravos de Notifica\u00e7\u00e3o (Sinan), do Sistema \u00danico de Sa\u00fade (SUS), e quando come\u00e7amos a monitorar as notifica\u00e7\u00f5es percebemos que algumas delas se referem a pessoas que t\u00eam algum tipo de v\u00ednculo, seja de trabalho, ou mesmo alguma proximidade\u201d, ressaltou M\u00e9rcia.<\/span><\/p>\n<p style=\"text-align: justify\"><strong><span style=\"color: #000000\">Transmiss\u00e3o<\/span><\/strong><\/p>\n<p style=\"text-align: justify\"><span style=\"color: #000000\">A transmiss\u00e3o da caxumba ocorre por via a\u00e9rea, dissemina\u00e7\u00e3o de got\u00edculas ou por contato direto com saliva de pessoas infectadas. O per\u00edodo de maior transmissibilidade \u00e9 de dois dias antes at\u00e9 cinco dias ap\u00f3s o in\u00edcio do edema da par\u00f3tida, embora o v\u00edrus possa ser isolado na saliva sete dias antes at\u00e9 nove dias ap\u00f3s o acometimento glandular.<\/span><\/p>\n<p style=\"text-align: justify\"><span style=\"color: #000000\">\u201cA doen\u00e7a passa de uma pessoa para outra, tanto que recomendamos aos pais que a crian\u00e7a com caxumba n\u00e3o freq\u00fcente a escola at\u00e9 a recupera\u00e7\u00e3o, o que implica no afastamento por pelo menos nove dias das suas atividades corriqueiras. Essa precau\u00e7\u00e3o tamb\u00e9m serve para os adultos. O diagn\u00f3stico, por sua vez, \u00e9 cl\u00ednico e deve ser obtido em qualquer Unidade B\u00e1sica de Sa\u00fade (UBS), da\u00ed o desempenho da SES em n\u00e3o apenas em monitorar os casos atrav\u00e9s do Sinan-SUS, mas tamb\u00e9m em promover capacita\u00e7\u00f5es voltadas para profissionais das UBS\u201d, acrescentou a coordenadora do N\u00facleo das Doen\u00e7as Transmiss\u00edveis, da SES.<\/span><\/p>\n<p style=\"text-align: justify\"><strong><span style=\"color: #000000\">Tratamento<\/span><\/strong><\/p>\n<p style=\"text-align: justify\"><span style=\"color: #000000\">N\u00e3o existe tratamento espec\u00edfico, o paciente ser\u00e1 medicado de acordo com os sintomas, indicando-se repouso, analgesia, que \u00e9 a perda ou aus\u00eancia de sensibilidade \u00e0 dor, al\u00e9m da observa\u00e7\u00e3o cuidadosa quanto \u00e0 possibilidade de aparecimento de complica\u00e7\u00f5es. A vacina \u00e9 a principal forma de preven\u00e7\u00e3o, mas algumas medidas de preven\u00e7\u00e3o devem ser adotadas, como higienizar as m\u00e3os com freq\u00fc\u00eancia, utilizar len\u00e7o descart\u00e1vel para higiene nasal, cobrir o nariz e boca quando espirrar ou tossir, n\u00e3o partilhar alimentos, copos, toalhas e objetos de uso pessoal, evitar aperto de m\u00e3os, abra\u00e7os e beijo social, ventilar o ambiente, entre outras.<\/span><\/p>\n<p style=\"text-align: justify\"><strong><span style=\"color: #000000\">Vacina<\/span><\/strong><\/p>\n<p style=\"text-align: justify\"><span style=\"color: #000000\">A vacina recomendada para evitar a caxumba \u00e9 a Tr\u00edplice Viral, que cont\u00e9m os v\u00edrus vivos \u201cenfraquecidos\u201d do sarampo, da rub\u00e9ola e da caxumba. A primeira dose deve ser administrada aos doze meses e a segunda, aos 15 meses de idade. Adultos, at\u00e9 49 anos de idade, sem hist\u00f3ria de doen\u00e7a e\/ou comprovante vacinal tamb\u00e9m devem ser vacinadas.<\/span><\/p>\n<p style=\"text-align: justify\"><span style=\"color: #000000\">A vacina \u00e9 oferecida nas UBS com sala de vacina. Quem faz parte do p\u00fablico-alvo e ainda n\u00e3o se imunizou, deve buscar uma unidade mais pr\u00f3xima com cart\u00e3o de vacina para atualizar a caderneta, al\u00e9m de evitar ambientes fechados. O per\u00edodo de incuba\u00e7\u00e3o, que \u00e9 o tempo at\u00e9 o in\u00edcio dos sintomas, pode ser de 14 a 25 dias, sendo mais comum ocorrer entre 16 a 18 dias.<\/span><\/p>\n<p>&nbsp;<\/p>\n<p><a href=\"https:\/\/senoticias.com.br\/se\/wp-content\/uploads\/2018\/03\/Logomarca-fone-SE-4-2-1.jpg\"><img loading=\"lazy\" decoding=\"async\" class=\"aligncenter wp-image-111475 size-full\" src=\"https:\/\/senoticias.com.br\/se\/wp-content\/uploads\/2018\/03\/Logomarca-fone-SE-4-2-1.jpg\" alt=\"\" width=\"599\" height=\"78\" srcset=\"https:\/\/senoticias.com.br\/se\/wp-content\/uploads\/2018\/03\/Logomarca-fone-SE-4-2-1.jpg 599w, https:\/\/senoticias.com.br\/se\/wp-content\/uploads\/2018\/03\/Logomarca-fone-SE-4-2-1-300x39.jpg 300w\" sizes=\"(max-width: 599px) 100vw, 599px\" \/><\/a><\/p>\n<p><strong>Acompanhe tamb\u00e9m o SE Not\u00edcias no<\/strong><span class=\"apple-converted-space\"><b>\u00a0<\/b><\/span><a href=\"https:\/\/twitter.com\/Senoticias\" target=\"_blank\" rel=\"noopener\"><b>Twitter<\/b><\/a><strong>,<\/strong><span class=\"apple-converted-space\"><b>\u00a0<\/b><\/span><a href=\"https:\/\/www.facebook.com\/senoticias1\" target=\"_blank\" rel=\"noopener\"><b>Facebook<\/b><span class=\"apple-converted-space\"><b>\u00a0<\/b><\/span><\/a><strong>e no<\/strong><span class=\"apple-converted-space\"><b>\u00a0<\/b><\/span><a href=\"https:\/\/www.instagram.com\/senoticias\/\" target=\"_blank\" rel=\"noopener\"><b>Instagram<\/b><\/a><strong>.<\/strong><\/p>\n<p><strong>Da ASN<\/strong><\/p>\n","protected":false},"excerpt":{"rendered":"<p>O Governo de Sergipe, atrav\u00e9s da Secretaria de Estado da Sa\u00fade (SES), lan\u00e7ar\u00e1 uma nota informativa com recomenda\u00e7\u00f5es sobre parotidite infecciosa, mais conhecida como caxumba. A nota deve ser usada por todos os profissionais da \u00e1rea da sa\u00fade, e se d\u00e1 em virtude da identifica\u00e7\u00e3o, por parte da sua Diretoria de Vigil\u00e2ncia em Sa\u00fade (DVS), [&hellip;]<\/p>\n","protected":false},"author":6553,"featured_media":0,"comment_status":"closed","ping_status":"closed","sticky":false,"template":"","format":"standard","meta":{"footnotes":""},"categories":[20,8],"tags":[9119,2002,1304,223],"class_list":{"0":"post-111620","1":"post","2":"type-post","3":"status-publish","4":"format-standard","6":"category-saude","7":"category-esporte-e-cultura","8":"tag-caxumba","9":"tag-governo","10":"tag-saude","11":"tag-sergipe"},"_links":{"self":[{"href":"https:\/\/senoticias.com.br\/se\/wp-json\/wp\/v2\/posts\/111620"}],"collection":[{"href":"https:\/\/senoticias.com.br\/se\/wp-json\/wp\/v2\/posts"}],"about":[{"href":"https:\/\/senoticias.com.br\/se\/wp-json\/wp\/v2\/types\/post"}],"author":[{"embeddable":true,"href":"https:\/\/senoticias.com.br\/se\/wp-json\/wp\/v2\/users\/6553"}],"replies":[{"embeddable":true,"href":"https:\/\/senoticias.com.br\/se\/wp-json\/wp\/v2\/comments?post=111620"}],"version-history":[{"count":0,"href":"https:\/\/senoticias.com.br\/se\/wp-json\/wp\/v2\/posts\/111620\/revisions"}],"wp:attachment":[{"href":"https:\/\/senoticias.com.br\/se\/wp-json\/wp\/v2\/media?parent=111620"}],"wp:term":[{"taxonomy":"category","embeddable":true,"href":"https:\/\/senoticias.com.br\/se\/wp-json\/wp\/v2\/categories?post=111620"},{"taxonomy":"post_tag","embeddable":true,"href":"https:\/\/senoticias.com.br\/se\/wp-json\/wp\/v2\/tags?post=111620"}],"curies":[{"name":"wp","href":"https:\/\/api.w.org\/{rel}","templated":true}]}}