{"id":111619,"date":"2018-03-20T15:49:14","date_gmt":"2018-03-20T18:49:14","guid":{"rendered":"https:\/\/senoticias.com.br\/se\/?p=111619"},"modified":"2018-03-20T15:50:25","modified_gmt":"2018-03-20T18:50:25","slug":"gualberto-denuncia-intencao-de-temer-em-sucatear-a-fafen-e-favorecer-estrangeiros","status":"publish","type":"post","link":"https:\/\/senoticias.com.br\/se\/gualberto-denuncia-intencao-de-temer-em-sucatear-a-fafen-e-favorecer-estrangeiros\/","title":{"rendered":"Gualberto denuncia inten\u00e7\u00e3o de Temer em sucatear a Fafen e favorecer estrangeiros"},"content":{"rendered":"<p style=\"text-align: justify;\">O que est\u00e1 por tr\u00e1s da tentativa de fechamento da Fafen \u00e9 a inten\u00e7\u00e3o do governo Temer em entregar de vez ao capital estrangeiro toda a produ\u00e7\u00e3o e comercializa\u00e7\u00e3o de fertilizantes no Brasil. Esta \u00e9 a posi\u00e7\u00e3o do deputado estadual Francisco Gualberto (PT), ex-funcion\u00e1rio da F\u00e1brica de Fertilizantes Nitrogenados (Fafen) em Sergipe. \u201cO discurso dos representantes de Temer \u00e9 que a f\u00e1brica d\u00e1 preju\u00edzo. N\u00e3o \u00e9 verdade. Trabalhei l\u00e1 durante 20 anos e todos sabemos que n\u00e3o existe a possibilidade de preju\u00edzo\u201d, afirma Gualberto.<\/p>\n<p style=\"text-align: justify;\">O deputado revela que atualmente 80% dos fertilizantes que o Brasil consome, principalmente no setor agropecu\u00e1rio, vem de pa\u00edses como Estados Unidos e at\u00e9 R\u00fassia. Os 20% restantes vem das f\u00e1bricas em Sergipe, Bahia e Paran\u00e1. \u201cEsses 20% acabam atrapalhando o cartel de fertilizantes dos estrangeiros. Portanto, a inten\u00e7\u00e3o do governo Temer \u00e9 atender o mercado internacional. O pre\u00e7o dos fertilizantes ir\u00e1 subir e n\u00e3o ter\u00e1 ningu\u00e9m para contrapor. E isso significa alimentos mais caros na mesa do brasileiro\u201d, disse Gualberto.<\/p>\n<div id=\"attachment_104190\" style=\"width: 609px\" class=\"wp-caption aligncenter\"><a href=\"https:\/\/senoticias.com.br\/se\/wp-content\/uploads\/2017\/06\/Francisco-Gualberto-SENOTICIAS-e1498001121200.jpg\"><img loading=\"lazy\" decoding=\"async\" aria-describedby=\"caption-attachment-104190\" class=\"size-full wp-image-104190\" src=\"https:\/\/senoticias.com.br\/se\/wp-content\/uploads\/2017\/06\/Francisco-Gualberto-SENOTICIAS-e1498001121200.jpg\" alt=\"\" width=\"599\" height=\"398\" \/><\/a><p id=\"caption-attachment-104190\" class=\"wp-caption-text\">Gualberto denuncia inten\u00e7\u00e3o de Temer em sucatear a Fafen\u00a0 (foto: arquivo\/Alese)<\/p><\/div>\n<p style=\"text-align: justify;\">Indignado com a decis\u00e3o tomada pela Petrobras, e comunicada ao governador Jackson Barreto por telefone na noite desta segunda-feira (19), Francisco Gualberto afirmou que lutar\u00e1 com todas as suas for\u00e7as contra o fechamento. \u201cJ\u00e1 enfrentamos isso. Nos anos 1990 travamos grande batalha contra o governo federal contra a inten\u00e7\u00e3o de privatiza\u00e7\u00e3o da empresa e vencemos. Mas dessa vez a inten\u00e7\u00e3o \u00e9 mais agressiva. O governo Temer quer \u00e9 fechar a Fafen, o que significa sucatear a f\u00e1brica. Ali tem equipamentos car\u00edssimos que n\u00e3o podem parar de funcionar por mais de tr\u00eas meses. Querem sucatear tudo\u201d, denuncia Gualberto.<\/p>\n<p style=\"text-align: justify;\">O poss\u00edvel fechamento da unidade em Sergipe causa um s\u00e9rio problema \u00e0 economia do Estado. Haver\u00e1 desemprego em massa, problemas para o com\u00e9rcio e a ind\u00fastria que dependem dos produtos da Fafen, al\u00e9m de preju\u00edzos enormes para a arrecada\u00e7\u00e3o de impostos do munic\u00edpio de Laranjeiras e do Estado de Sergipe. Isso sem falar no consumidor, que sofrer\u00e1 com a alta de pre\u00e7os dos alimentos. \u201cFoi para isso que tiraram a presidente Dilma do poder, sem que ela tenha cometido crime algum\u201d, disse o deputado.<\/p>\n<p style=\"text-align: justify;\">Neste primeiro momento, Gualberto cobra dos senadores por Sergipe e da bancada federal em Bras\u00edlia atitudes en\u00e9rgicas junto ao presidente Michel Temer para reverter a situa\u00e7\u00e3o. \u201cOs senadores que ajudaram a dar o golpe no pa\u00eds agora precisam ajudar a salvar a economia de Sergipe\u201d, frisou, adiantando que ir\u00e1 reunir alguns deputados estaduais e estudar medidas para tentar barrar o fechamento da Fafen. \u201cVamos fazer o que for poss\u00edvel. O Estado n\u00e3o pode passar por essa agonia econ\u00f4mica. Sergipe n\u00e3o voltar\u00e1 aos tempos em que dependia somente da cultura da cana de a\u00e7\u00facar para sobreviver\u201d, disse. Atualmente a Fafen possui em torno de 250 funcion\u00e1rios concursados e outros 470 terceirizados.<\/p>\n<p>&nbsp;<\/p>\n<p><a href=\"https:\/\/senoticias.com.br\/se\/wp-content\/uploads\/2018\/03\/Logomarca-fone-SE-4-2-1.jpg\"><img loading=\"lazy\" decoding=\"async\" class=\"aligncenter size-full wp-image-111475\" src=\"https:\/\/senoticias.com.br\/se\/wp-content\/uploads\/2018\/03\/Logomarca-fone-SE-4-2-1.jpg\" alt=\"\" width=\"599\" height=\"78\" srcset=\"https:\/\/senoticias.com.br\/se\/wp-content\/uploads\/2018\/03\/Logomarca-fone-SE-4-2-1.jpg 599w, https:\/\/senoticias.com.br\/se\/wp-content\/uploads\/2018\/03\/Logomarca-fone-SE-4-2-1-300x39.jpg 300w\" sizes=\"(max-width: 599px) 100vw, 599px\" \/><\/a><\/p>\n<p>&nbsp;<\/p>\n<p><em><strong>Acompanhe tamb\u00e9m o SE Not\u00edcias no<\/strong><strong>\u00a0<\/strong><a href=\"https:\/\/twitter.com\/Senoticias\"><strong>Twitter<\/strong><\/a><strong>,<\/strong><strong>\u00a0<\/strong><a href=\"https:\/\/www.facebook.com\/senoticias1\"><strong>Facebook<\/strong><strong>\u00a0<\/strong><\/a><strong>e no<\/strong><strong>\u00a0<\/strong><strong><a href=\"https:\/\/www.instagram.com\/senoticias\/\">Instagram.<\/a><\/strong><\/em><\/p>\n<p>&nbsp;<\/p>\n<p>Por Gilson Sousa, da Assessoria de Imprensa<\/p>\n","protected":false},"excerpt":{"rendered":"<p>O que est\u00e1 por tr\u00e1s da tentativa de fechamento da Fafen \u00e9 a inten\u00e7\u00e3o do governo Temer em entregar de vez ao capital estrangeiro toda a produ\u00e7\u00e3o e comercializa\u00e7\u00e3o de fertilizantes no Brasil. Esta \u00e9 a posi\u00e7\u00e3o do deputado estadual Francisco Gualberto (PT), ex-funcion\u00e1rio da F\u00e1brica de Fertilizantes Nitrogenados (Fafen) em Sergipe. \u201cO discurso dos [&hellip;]<\/p>\n","protected":false},"author":6552,"featured_media":104190,"comment_status":"closed","ping_status":"closed","sticky":false,"template":"","format":"standard","meta":{"footnotes":""},"categories":[15],"tags":[9120,4244,879,114,9121],"class_list":{"0":"post-111619","1":"post","2":"type-post","3":"status-publish","4":"format-standard","5":"has-post-thumbnail","7":"category-destaques","8":"tag-fafen","9":"tag-francisco-gualberto","10":"tag-governador-de-sergipe","11":"tag-jackson-barreto","12":"tag-privatizacao-da-fafen"},"_links":{"self":[{"href":"https:\/\/senoticias.com.br\/se\/wp-json\/wp\/v2\/posts\/111619"}],"collection":[{"href":"https:\/\/senoticias.com.br\/se\/wp-json\/wp\/v2\/posts"}],"about":[{"href":"https:\/\/senoticias.com.br\/se\/wp-json\/wp\/v2\/types\/post"}],"author":[{"embeddable":true,"href":"https:\/\/senoticias.com.br\/se\/wp-json\/wp\/v2\/users\/6552"}],"replies":[{"embeddable":true,"href":"https:\/\/senoticias.com.br\/se\/wp-json\/wp\/v2\/comments?post=111619"}],"version-history":[{"count":0,"href":"https:\/\/senoticias.com.br\/se\/wp-json\/wp\/v2\/posts\/111619\/revisions"}],"wp:featuredmedia":[{"embeddable":true,"href":"https:\/\/senoticias.com.br\/se\/wp-json\/wp\/v2\/media\/104190"}],"wp:attachment":[{"href":"https:\/\/senoticias.com.br\/se\/wp-json\/wp\/v2\/media?parent=111619"}],"wp:term":[{"taxonomy":"category","embeddable":true,"href":"https:\/\/senoticias.com.br\/se\/wp-json\/wp\/v2\/categories?post=111619"},{"taxonomy":"post_tag","embeddable":true,"href":"https:\/\/senoticias.com.br\/se\/wp-json\/wp\/v2\/tags?post=111619"}],"curies":[{"name":"wp","href":"https:\/\/api.w.org\/{rel}","templated":true}]}}