{"id":111615,"date":"2018-03-20T07:22:24","date_gmt":"2018-03-20T10:22:24","guid":{"rendered":"https:\/\/senoticias.com.br\/se\/?p=111615"},"modified":"2018-03-20T07:22:24","modified_gmt":"2018-03-20T10:22:24","slug":"musical-infantil-masha-e-o-urso-sera-apresentado-no-tobias-barreto","status":"publish","type":"post","link":"https:\/\/senoticias.com.br\/se\/musical-infantil-masha-e-o-urso-sera-apresentado-no-tobias-barreto\/","title":{"rendered":"Musical infantil \u2018Masha e o Urso\u2019 ser\u00e1 apresentado no Tobias Barreto"},"content":{"rendered":"<p style=\"text-align: justify;\">\nO espet\u00e1culo teatral \u2018Masha e o Urso\u2019 ser\u00e1 apresentado em Aracaju no pr\u00f3ximo dia 25 no Teatro Tobias Barreto.<\/p>\n<p style=\"text-align: justify;\">O roteiro conta hist\u00f3ria de uma menina que vive numa casa no bosque, junto com seu amigo urso. Juntos eles desfrutam de grandes aventuras no meio da floresta. A apresenta\u00e7\u00e3o contra com a participa\u00e7\u00e3o de 20 atores e variados cen\u00e1rios.<\/p>\n<div id=\"attachment_111616\" style=\"width: 609px\" class=\"wp-caption aligncenter\"><a href=\"https:\/\/senoticias.com.br\/se\/wp-content\/uploads\/2018\/03\/img-2562-e1521541215323.jpg\"><img loading=\"lazy\" decoding=\"async\" aria-describedby=\"caption-attachment-111616\" class=\"size-full wp-image-111616\" src=\"https:\/\/senoticias.com.br\/se\/wp-content\/uploads\/2018\/03\/img-2562-e1521541215323.jpg\" alt=\"\" width=\"599\" height=\"400\" \/><\/a><p id=\"caption-attachment-111616\" class=\"wp-caption-text\">Apresenta\u00e7\u00e3o conta com 20 atores e v\u00e1rios cen\u00e1rios (foto: Divulga\u00e7\u00e3o)<\/p><\/div>\n<p style=\"text-align: justify;\"><strong>Servi\u00e7o<\/strong><\/p>\n<p>Os ingressos est\u00e3o a venda na bilheteria do teatro ou no <a href=\"https:\/\/www.compreingressos.com\/espetaculos?cidade=Aracaju\"><strong>site<\/strong><\/a> compreingressos.com<\/p>\n<p>&nbsp;<\/p>\n<p><a href=\"https:\/\/senoticias.com.br\/se\/wp-content\/uploads\/2018\/03\/Logomarca-fone-SE-4-2-1.jpg\"><img loading=\"lazy\" decoding=\"async\" class=\"aligncenter size-full wp-image-111475\" src=\"https:\/\/senoticias.com.br\/se\/wp-content\/uploads\/2018\/03\/Logomarca-fone-SE-4-2-1.jpg\" alt=\"\" width=\"599\" height=\"78\" srcset=\"https:\/\/senoticias.com.br\/se\/wp-content\/uploads\/2018\/03\/Logomarca-fone-SE-4-2-1.jpg 599w, https:\/\/senoticias.com.br\/se\/wp-content\/uploads\/2018\/03\/Logomarca-fone-SE-4-2-1-300x39.jpg 300w\" sizes=\"(max-width: 599px) 100vw, 599px\" \/><\/a><\/p>\n<p>&nbsp;<\/p>\n<p><strong>Acompanhe tamb\u00e9m o SE Not\u00edcias no<\/strong><span class=\"apple-converted-space\"><b>\u00a0<\/b><\/span><a href=\"https:\/\/twitter.com\/Senoticias\" target=\"_blank\" rel=\"noopener\"><b>Twitter<\/b><\/a><strong>,<\/strong><span class=\"apple-converted-space\"><b>\u00a0<\/b><\/span><a href=\"https:\/\/www.facebook.com\/senoticias1\" target=\"_blank\" rel=\"noopener\"><b>Facebook<\/b><span class=\"apple-converted-space\"><b>\u00a0<\/b><\/span><\/a><strong>e no<\/strong><span class=\"apple-converted-space\"><b>\u00a0<\/b><\/span><a href=\"https:\/\/www.instagram.com\/senoticias\/\" target=\"_blank\" rel=\"noopener\"><b>Instagram<\/b><\/a><strong>.<\/strong><\/p>\n<p><em>Da Assessoria de Imprensa<\/em><\/p>\n","protected":false},"excerpt":{"rendered":"<p>O espet\u00e1culo teatral \u2018Masha e o Urso\u2019 ser\u00e1 apresentado em Aracaju no pr\u00f3ximo dia 25 no Teatro Tobias Barreto. O roteiro conta hist\u00f3ria de uma menina que vive numa casa no bosque, junto com seu amigo urso. Juntos eles desfrutam de grandes aventuras no meio da floresta. A apresenta\u00e7\u00e3o contra com a participa\u00e7\u00e3o de 20 [&hellip;]<\/p>\n","protected":false},"author":6552,"featured_media":111616,"comment_status":"closed","ping_status":"closed","sticky":false,"template":"","format":"standard","meta":{"footnotes":""},"categories":[21],"tags":[9117,9118],"class_list":{"0":"post-111615","1":"post","2":"type-post","3":"status-publish","4":"format-standard","5":"has-post-thumbnail","7":"category-entretenimento","8":"tag-masha-e-o-urso","9":"tag-musical-infantil"},"_links":{"self":[{"href":"https:\/\/senoticias.com.br\/se\/wp-json\/wp\/v2\/posts\/111615"}],"collection":[{"href":"https:\/\/senoticias.com.br\/se\/wp-json\/wp\/v2\/posts"}],"about":[{"href":"https:\/\/senoticias.com.br\/se\/wp-json\/wp\/v2\/types\/post"}],"author":[{"embeddable":true,"href":"https:\/\/senoticias.com.br\/se\/wp-json\/wp\/v2\/users\/6552"}],"replies":[{"embeddable":true,"href":"https:\/\/senoticias.com.br\/se\/wp-json\/wp\/v2\/comments?post=111615"}],"version-history":[{"count":0,"href":"https:\/\/senoticias.com.br\/se\/wp-json\/wp\/v2\/posts\/111615\/revisions"}],"wp:featuredmedia":[{"embeddable":true,"href":"https:\/\/senoticias.com.br\/se\/wp-json\/wp\/v2\/media\/111616"}],"wp:attachment":[{"href":"https:\/\/senoticias.com.br\/se\/wp-json\/wp\/v2\/media?parent=111615"}],"wp:term":[{"taxonomy":"category","embeddable":true,"href":"https:\/\/senoticias.com.br\/se\/wp-json\/wp\/v2\/categories?post=111615"},{"taxonomy":"post_tag","embeddable":true,"href":"https:\/\/senoticias.com.br\/se\/wp-json\/wp\/v2\/tags?post=111615"}],"curies":[{"name":"wp","href":"https:\/\/api.w.org\/{rel}","templated":true}]}}