{"id":111546,"date":"2018-03-16T09:56:57","date_gmt":"2018-03-16T12:56:57","guid":{"rendered":"https:\/\/senoticias.com.br\/se\/?p=111546"},"modified":"2018-03-16T09:56:57","modified_gmt":"2018-03-16T12:56:57","slug":"deso-interrompe-abastecimento-de-agua-em-socorro-nessa-sexta","status":"publish","type":"post","link":"https:\/\/senoticias.com.br\/se\/deso-interrompe-abastecimento-de-agua-em-socorro-nessa-sexta\/","title":{"rendered":"Deso interrompe abastecimento de \u00e1gua em Socorro nessa sexta"},"content":{"rendered":"<p style=\"text-align: justify\"><span style=\"color: #000000\">A Companhia de Saneamento de Sergipe (Deso), informa que devido a um servi\u00e7o de desligamento programado pela Concession\u00e1ria de Energia El\u00e9trica, nesta sexta-feira, 16, das 8h \u00e0s 13h, ser\u00e1 interrompido o abastecimento de \u00e1gua, na Esta\u00e7\u00e3o de Abastecimento Ibura, afetando as seguintes localidades:\u00a0<\/span><span style=\"color: #000000\">Conjunto Fernando Collor, Conjunto Jo\u00e3o Alves, Marcos Freire I, II e III, Distrito Industrial de Socorro, Piabeta, Tai\u00e7oca de Dentro, Tai\u00e7oca de Fora, S\u00e3o Braz, Albano Franco, Nossa Senhora do Socorro (Sede do Munic\u00edpio), Povoado Boa Nova e Tabocas, no munic\u00edpio de Nossa Senhora do Socorro.<\/span><\/p>\n<div id=\"attachment_103505\" style=\"width: 609px\" class=\"wp-caption aligncenter\"><a href=\"https:\/\/senoticias.com.br\/se\/wp-content\/uploads\/2017\/05\/grande-avisodeso_150416-e1495743519611.jpg\"><img loading=\"lazy\" decoding=\"async\" aria-describedby=\"caption-attachment-103505\" class=\"wp-image-103505 size-full\" src=\"https:\/\/senoticias.com.br\/se\/wp-content\/uploads\/2017\/05\/grande-avisodeso_150416-e1495743519611.jpg\" alt=\"\" width=\"599\" height=\"398\" \/><\/a><p id=\"caption-attachment-103505\" class=\"wp-caption-text\">Foto: Deso<\/p><\/div>\n<p style=\"text-align: justify\"><span style=\"color: #000000\">O restabelecimento ocorrer\u00e1 gradativamente e o abastecimento ser\u00e1 restabelecido sem qualquer aviso. A Deso recomenda a utiliza\u00e7\u00e3o econ\u00f4mica da \u00e1gua existente nas caixas d&#8217; \u00e1gua e reservat\u00f3rios residenciais, evitando-se desperd\u00edcios.<\/span><\/p>\n<p><span style=\"color: #000000\">Casos de emerg\u00eancia e pedidos de servi\u00e7os podem ser informados pelo telefone 0800-079-0195 com prioridade para creches, hospitais, asilos e demais entidades dessa natureza.<\/span><\/p>\n<p style=\"text-align: justify\"><a href=\"https:\/\/senoticias.com.br\/se\/wp-content\/uploads\/2018\/03\/Logomarca-fone-SE-4-2-1.jpg\"><img loading=\"lazy\" decoding=\"async\" class=\"aligncenter wp-image-111475 size-full\" src=\"https:\/\/senoticias.com.br\/se\/wp-content\/uploads\/2018\/03\/Logomarca-fone-SE-4-2-1.jpg\" alt=\"\" width=\"599\" height=\"78\" srcset=\"https:\/\/senoticias.com.br\/se\/wp-content\/uploads\/2018\/03\/Logomarca-fone-SE-4-2-1.jpg 599w, https:\/\/senoticias.com.br\/se\/wp-content\/uploads\/2018\/03\/Logomarca-fone-SE-4-2-1-300x39.jpg 300w\" sizes=\"(max-width: 599px) 100vw, 599px\" \/><\/a><br \/>\n<span style=\"color: #000000\">Assessoria de Comunica\u00e7\u00e3o da Deso.<\/span><\/p>\n","protected":false},"excerpt":{"rendered":"<p>A Companhia de Saneamento de Sergipe (Deso), informa que devido a um servi\u00e7o de desligamento programado pela Concession\u00e1ria de Energia El\u00e9trica, nesta sexta-feira, 16, das 8h \u00e0s 13h, ser\u00e1 interrompido o abastecimento de \u00e1gua, na Esta\u00e7\u00e3o de Abastecimento Ibura, afetando as seguintes localidades:\u00a0Conjunto Fernando Collor, Conjunto Jo\u00e3o Alves, Marcos Freire I, II e III, Distrito [&hellip;]<\/p>\n","protected":false},"author":6553,"featured_media":0,"comment_status":"closed","ping_status":"closed","sticky":false,"template":"","format":"standard","meta":{"footnotes":""},"categories":[15,38],"tags":[3855,333,208,3163,2746],"class_list":{"0":"post-111546","1":"post","2":"type-post","3":"status-publish","4":"format-standard","6":"category-destaques","7":"category-municipios","8":"tag-abastecimento","9":"tag-agua","10":"tag-deso","11":"tag-sexta","12":"tag-socorro"},"_links":{"self":[{"href":"https:\/\/senoticias.com.br\/se\/wp-json\/wp\/v2\/posts\/111546"}],"collection":[{"href":"https:\/\/senoticias.com.br\/se\/wp-json\/wp\/v2\/posts"}],"about":[{"href":"https:\/\/senoticias.com.br\/se\/wp-json\/wp\/v2\/types\/post"}],"author":[{"embeddable":true,"href":"https:\/\/senoticias.com.br\/se\/wp-json\/wp\/v2\/users\/6553"}],"replies":[{"embeddable":true,"href":"https:\/\/senoticias.com.br\/se\/wp-json\/wp\/v2\/comments?post=111546"}],"version-history":[{"count":0,"href":"https:\/\/senoticias.com.br\/se\/wp-json\/wp\/v2\/posts\/111546\/revisions"}],"wp:attachment":[{"href":"https:\/\/senoticias.com.br\/se\/wp-json\/wp\/v2\/media?parent=111546"}],"wp:term":[{"taxonomy":"category","embeddable":true,"href":"https:\/\/senoticias.com.br\/se\/wp-json\/wp\/v2\/categories?post=111546"},{"taxonomy":"post_tag","embeddable":true,"href":"https:\/\/senoticias.com.br\/se\/wp-json\/wp\/v2\/tags?post=111546"}],"curies":[{"name":"wp","href":"https:\/\/api.w.org\/{rel}","templated":true}]}}