{"id":111430,"date":"2018-03-12T16:42:56","date_gmt":"2018-03-12T19:42:56","guid":{"rendered":"https:\/\/senoticias.com.br\/se\/?p=111430"},"modified":"2018-03-12T16:42:56","modified_gmt":"2018-03-12T19:42:56","slug":"ministerio-da-saude-anuncia-10-novos-procedimentos-para-o-sus","status":"publish","type":"post","link":"https:\/\/senoticias.com.br\/se\/ministerio-da-saude-anuncia-10-novos-procedimentos-para-o-sus\/","title":{"rendered":"Minist\u00e9rio da Sa\u00fade anuncia 10 novos procedimentos para o SUS"},"content":{"rendered":"<p style=\"text-align: justify\"><span style=\"color: #000000\">O Sistema \u00danico de Sa\u00fade (SUS) incorporou nesta segunda-feira (12) 10 novas pr\u00e1ticas de medicina integrativa e complementar. Agora, s\u00e3o 29 os procedimentos terap\u00eauticos baseados em conhecimentos tradicionais oferecidos pelo sistema p\u00fablico de sa\u00fade.<\/span><\/p>\n<div id=\"attachment_111431\" style=\"width: 590px\" class=\"wp-caption aligncenter\"><a href=\"https:\/\/senoticias.com.br\/se\/wp-content\/uploads\/2018\/03\/sus-SENOTICIAS.jpg\"><img loading=\"lazy\" decoding=\"async\" aria-describedby=\"caption-attachment-111431\" class=\"wp-image-111431 size-full\" src=\"https:\/\/senoticias.com.br\/se\/wp-content\/uploads\/2018\/03\/sus-SENOTICIAS.jpg\" alt=\"\" width=\"580\" height=\"388\" srcset=\"https:\/\/senoticias.com.br\/se\/wp-content\/uploads\/2018\/03\/sus-SENOTICIAS.jpg 580w, https:\/\/senoticias.com.br\/se\/wp-content\/uploads\/2018\/03\/sus-SENOTICIAS-300x201.jpg 300w, https:\/\/senoticias.com.br\/se\/wp-content\/uploads\/2018\/03\/sus-SENOTICIAS-90x60.jpg 90w, https:\/\/senoticias.com.br\/se\/wp-content\/uploads\/2018\/03\/sus-SENOTICIAS-180x120.jpg 180w, https:\/\/senoticias.com.br\/se\/wp-content\/uploads\/2018\/03\/sus-SENOTICIAS-95x64.jpg 95w\" sizes=\"(max-width: 580px) 100vw, 580px\" \/><\/a><p id=\"caption-attachment-111431\" class=\"wp-caption-text\">Encontro aberto pelo ministro Ricardo Barros atraiu representantes de v\u00e1rios pa\u00edses. Foto: T\u00e2nia R\u00eago\/Ag\u00eancia Brasil<\/p><\/div>\n<p style=\"text-align: justify\"><span style=\"color: #000000\">O ato de incorpora\u00e7\u00e3o foi assinado pelo ministro da Sa\u00fade, Ricardo Barros, na abertura do Primeiro Congresso Internacional de Pr\u00e1ticas Integrativas e Complementares e Sa\u00fade P\u00fablica. O encontro \u00e9 promovido pelo Minist\u00e9rio da Sa\u00fade, em conjunto com o terceiro Congresso Internacional de Ayurveda, e vai at\u00e9 quinta-feira (15) no RioCentro, na Barra da Tijuca, na zona oeste do Rio de Janeiro.<\/span><\/p>\n<p style=\"text-align: justify\"><span style=\"color: #000000\">Segundo o ministro, agora o Brasil lidera a oferta de modalidades integrativas na sa\u00fade p\u00fablica, com 5 milh\u00f5es de usu\u00e1rios em 9.350 estabelecimentos de 3.173 munic\u00edpios. De acordo com Barros, tais pr\u00e1ticas s\u00e3o investimentos em preven\u00e7\u00e3o de sa\u00fade, para que as pessoas n\u00e3o fiquem doentes, e evitar que os problemas delas se agravem, que sejam internadas e que se operem, o que gera custos para o sistema e tira qualidade de vida do cidad\u00e3o.<\/span><\/p>\n<p style=\"text-align: justify\"><span style=\"color: #000000\">&#8220;Somos, agora, o pa\u00eds que oferece o maior n\u00famero de pr\u00e1ticas integrativas dispon\u00edveis na aten\u00e7\u00e3o b\u00e1sica. O SUS financia esse trabalho com a transfer\u00eancia para os munic\u00edpios, e n\u00f3s passamos ent\u00e3o a caminhar um pouco na dire\u00e7\u00e3o do fazer e n\u00e3o cuidar da doen\u00e7a\u201d, disse o ministro.<\/span><\/p>\n<p style=\"text-align: justify\"><span style=\"color: #000000\">Ridardo Barros explicou que a incorpora\u00e7\u00e3o das terapias chamadas de alternativas ao SUS baseou-se em evid\u00eancias cient\u00edficas e na tradi\u00e7\u00e3o. \u201cEstamos falando de medicina tradicional: ao longo de mil\u00eanios, essas coisas deram certo. A maioria dos medicamentos \u00e9 baseada no princ\u00edpio ativo dessas plantas. Antes, tomava-se um ch\u00e1 de determinada planta e hoje toma-se um comprimindo de uma subst\u00e2ncia extra\u00edda daquela planta, o que faz exatamente o mesmo efeito.\u201d<\/span><\/p>\n<p style=\"text-align: justify\"><span style=\"color: #000000\">Desde 2006, j\u00e1 eram oferecidos pelo SUS os tratamentos de acupuntura, homeopatia, fitoterapia, antroposofia e termalismo. No ano passado, foram inclu\u00eddas 14 pr\u00e1ticas: arteterapia, ayurveda, biodan\u00e7a, dan\u00e7a circular, medita\u00e7\u00e3o, musicoterapia, naturoterapia, osteopatia, quiropraxia, reflexoterapia, reiki, shantala, terapia comunit\u00e1ria integrativa e ioga. Agora, somam-se \u00e0 lista a apiterapia, aromaterapia, bioenerg\u00e9tica, constela\u00e7\u00e3o familiar, cromoterapia, geoterapia, hipnoterapia, imposi\u00e7\u00e3o de m\u00e3os, ozonioterapia e terapia de florais.<\/span><\/p>\n<p style=\"text-align: justify\"><span style=\"color: #000000\">O ministro destaca que, no ano passado, foram 1,4 milh\u00e3o de atendimentos individuais. A maioria foi de acupuntura, com 707 mil atendimentos. Depois, vieram medicina tradicional chinesa, com 151 mil sess\u00f5es de tai chi chan e liangong, auriculoteriapia, com 142 mil procedimentos, e ioga, com 35 mil sess\u00f5es.<\/span><\/p>\n<p style=\"text-align: justify\"><span style=\"color: #000000\">Segundo Ricardo Barros, o Congresso Internacional de Pr\u00e1ticas Integrativas e Complementares e Sa\u00fade P\u00fablica vai debater formas de ampliar as pr\u00e1ticas de medicina integrais e complementares no SUS e levar as terapias aos munic\u00edpios.<\/span><\/p>\n<p style=\"text-align: justify\"><span style=\"color: #000000\">\u201cEste \u00e9 o desafio. Primeiro, estamos consolidando a oferta do servi\u00e7o, permitindo que as estruturas de aten\u00e7\u00e3o b\u00e1sica implantem esses servi\u00e7os e coloquem \u00e0 disposi\u00e7\u00e3o das pessoas. Agora \u00e9 fazer a divulga\u00e7\u00e3o e o engajamento dos cidad\u00e3os na preven\u00e7\u00e3o, que n\u00e3o \u00e9 a nossa cultura. Se voc\u00ea vai \u00e0 China, a cada 50 metros, tem uma casa de massagem. Aqui, a cada 50 metros, tem uma farm\u00e1cia. Essa \u00e9 a mudan\u00e7a que precisa ser alcan\u00e7ada\u201d, afirmou.<\/span><\/p>\n<p style=\"text-align: justify\"><span style=\"color: #000000\">Na oportunidade, Barros assinou tamb\u00e9m a incorpora\u00e7\u00e3o no organograma do Minist\u00e9rio da Sa\u00fade da Coordena\u00e7\u00e3o de Pr\u00e1ticas Integrativas e Complementares, cujo titular ser\u00e1 Daniel Amado. O ministro lan\u00e7ou ainda o gloss\u00e1rio tem\u00e1tico e o manual de boas pr\u00e1ticas para as terapias integrativas no SUS.<\/span><\/p>\n<p style=\"text-align: justify\">\n<strong><span style=\"color: #000000\">Veja a lista dos tratamentos oferecidos pelo SUS:<\/span><\/strong><\/p>\n<p style=\"text-align: justify\"><span style=\"color: #000000\">&#8211; acupuntura<\/span><\/p>\n<p style=\"text-align: justify\"><span style=\"color: #000000\">&#8211; homeopatia<\/span><\/p>\n<p style=\"text-align: justify\"><span style=\"color: #000000\">&#8211; fitoterapia<\/span><\/p>\n<p style=\"text-align: justify\"><span style=\"color: #000000\">&#8211; antroposofia<\/span><\/p>\n<p style=\"text-align: justify\"><span style=\"color: #000000\">&#8211; termalismo<\/span><\/p>\n<p style=\"text-align: justify\"><span style=\"color: #000000\">&#8211; arteterapia<\/span><\/p>\n<p style=\"text-align: justify\"><span style=\"color: #000000\">&#8211; ayurveda<\/span><\/p>\n<p style=\"text-align: justify\"><span style=\"color: #000000\">&#8211; biodan\u00e7a<\/span><\/p>\n<p style=\"text-align: justify\"><span style=\"color: #000000\">&#8211; dan\u00e7a circular<\/span><\/p>\n<p style=\"text-align: justify\"><span style=\"color: #000000\">&#8211; medita\u00e7\u00e3o<\/span><\/p>\n<p style=\"text-align: justify\"><span style=\"color: #000000\">&#8211; musicoterapia<\/span><\/p>\n<p style=\"text-align: justify\"><span style=\"color: #000000\">&#8211; naturoterapia<\/span><\/p>\n<p style=\"text-align: justify\"><span style=\"color: #000000\">&#8211; osteopatia<\/span><\/p>\n<p style=\"text-align: justify\"><span style=\"color: #000000\">&#8211; quiropraxia<\/span><\/p>\n<p style=\"text-align: justify\"><span style=\"color: #000000\">&#8211; reflexoterapia<\/span><\/p>\n<p style=\"text-align: justify\"><span style=\"color: #000000\">&#8211; reiki<\/span><\/p>\n<p style=\"text-align: justify\"><span style=\"color: #000000\">&#8211; shantala<\/span><\/p>\n<p style=\"text-align: justify\"><span style=\"color: #000000\">&#8211; terapia comunit\u00e1ria integrativa<\/span><\/p>\n<p style=\"text-align: justify\"><span style=\"color: #000000\">&#8211; ioga<\/span><\/p>\n<p style=\"text-align: justify\"><span style=\"color: #000000\">&#8211; apiterapia<\/span><\/p>\n<p style=\"text-align: justify\"><span style=\"color: #000000\">&#8211; aromaterapia<\/span><\/p>\n<p style=\"text-align: justify\"><span style=\"color: #000000\">&#8211; bioenerg\u00e9tica<\/span><\/p>\n<p style=\"text-align: justify\"><span style=\"color: #000000\">&#8211; constela\u00e7\u00e3o familiar<\/span><\/p>\n<p style=\"text-align: justify\"><span style=\"color: #000000\">&#8211; cromoterapia<\/span><\/p>\n<p style=\"text-align: justify\"><span style=\"color: #000000\">&#8211; geoterapia<\/span><\/p>\n<p style=\"text-align: justify\"><span style=\"color: #000000\">&#8211; hipnoterapia<\/span><\/p>\n<p style=\"text-align: justify\"><span style=\"color: #000000\">&#8211; imposi\u00e7\u00e3o de m\u00e3os<\/span><\/p>\n<p style=\"text-align: justify\"><span style=\"color: #000000\">&#8211; ozonioterapia<\/span><\/p>\n<p style=\"text-align: justify\"><span style=\"color: #000000\">&#8211; terapia de florais<\/span><\/p>\n<p>&nbsp;<\/p>\n<p><a href=\"https:\/\/senoticias.com.br\/se\/wp-content\/uploads\/2018\/02\/Logomarca-fone-SE-4-2-1.jpg\"><img loading=\"lazy\" decoding=\"async\" class=\"aligncenter wp-image-111094 size-full\" src=\"https:\/\/senoticias.com.br\/se\/wp-content\/uploads\/2018\/02\/Logomarca-fone-SE-4-2-1.jpg\" alt=\"\" width=\"599\" height=\"78\" srcset=\"https:\/\/senoticias.com.br\/se\/wp-content\/uploads\/2018\/02\/Logomarca-fone-SE-4-2-1.jpg 599w, https:\/\/senoticias.com.br\/se\/wp-content\/uploads\/2018\/02\/Logomarca-fone-SE-4-2-1-300x39.jpg 300w\" sizes=\"(max-width: 599px) 100vw, 599px\" \/><\/a><\/p>\n<p><strong>Acompanhe tamb\u00e9m o SE Not\u00edcias no<\/strong><span class=\"apple-converted-space\"><b>\u00a0<\/b><\/span><a href=\"https:\/\/twitter.com\/Senoticias\" target=\"_blank\" rel=\"noopener\"><b>Twitter<\/b><\/a><strong>,<\/strong><span class=\"apple-converted-space\"><b>\u00a0<\/b><\/span><a href=\"https:\/\/www.facebook.com\/senoticias1\" target=\"_blank\" rel=\"noopener\"><b>Facebook<\/b><span class=\"apple-converted-space\"><b>\u00a0<\/b><\/span><\/a><strong>e no<\/strong><span class=\"apple-converted-space\"><b>\u00a0<\/b><\/span><a href=\"https:\/\/www.instagram.com\/senoticias\/\" target=\"_blank\" rel=\"noopener\"><b>Instagram<\/b><\/a><strong>.<\/strong><\/p>\n<p>Por Ag\u00eancia Brasil<\/p>\n","protected":false},"excerpt":{"rendered":"<p>O Sistema \u00danico de Sa\u00fade (SUS) incorporou nesta segunda-feira (12) 10 novas pr\u00e1ticas de medicina integrativa e complementar. Agora, s\u00e3o 29 os procedimentos terap\u00eauticos baseados em conhecimentos tradicionais oferecidos pelo sistema p\u00fablico de sa\u00fade. O ato de incorpora\u00e7\u00e3o foi assinado pelo ministro da Sa\u00fade, Ricardo Barros, na abertura do Primeiro Congresso Internacional de Pr\u00e1ticas Integrativas [&hellip;]<\/p>\n","protected":false},"author":6553,"featured_media":0,"comment_status":"closed","ping_status":"closed","sticky":false,"template":"","format":"standard","meta":{"footnotes":""},"categories":[2961],"tags":[9018,370,1304,3776,9017],"class_list":{"0":"post-111430","1":"post","2":"type-post","3":"status-publish","4":"format-standard","6":"category-nacional","7":"tag-alternativas","8":"tag-brasil","9":"tag-saude","10":"tag-sus","11":"tag-terapias"},"_links":{"self":[{"href":"https:\/\/senoticias.com.br\/se\/wp-json\/wp\/v2\/posts\/111430"}],"collection":[{"href":"https:\/\/senoticias.com.br\/se\/wp-json\/wp\/v2\/posts"}],"about":[{"href":"https:\/\/senoticias.com.br\/se\/wp-json\/wp\/v2\/types\/post"}],"author":[{"embeddable":true,"href":"https:\/\/senoticias.com.br\/se\/wp-json\/wp\/v2\/users\/6553"}],"replies":[{"embeddable":true,"href":"https:\/\/senoticias.com.br\/se\/wp-json\/wp\/v2\/comments?post=111430"}],"version-history":[{"count":0,"href":"https:\/\/senoticias.com.br\/se\/wp-json\/wp\/v2\/posts\/111430\/revisions"}],"wp:attachment":[{"href":"https:\/\/senoticias.com.br\/se\/wp-json\/wp\/v2\/media?parent=111430"}],"wp:term":[{"taxonomy":"category","embeddable":true,"href":"https:\/\/senoticias.com.br\/se\/wp-json\/wp\/v2\/categories?post=111430"},{"taxonomy":"post_tag","embeddable":true,"href":"https:\/\/senoticias.com.br\/se\/wp-json\/wp\/v2\/tags?post=111430"}],"curies":[{"name":"wp","href":"https:\/\/api.w.org\/{rel}","templated":true}]}}